{"id":10082,"date":"2014-07-22T15:44:39","date_gmt":"2014-07-22T13:44:39","guid":{"rendered":"http:\/\/www.addkenmerken.net\/?p=10082"},"modified":"2020-01-04T21:23:43","modified_gmt":"2020-01-04T20:23:43","slug":"lebensgeschichte-gea-add-und-hsp-merkmale","status":"publish","type":"post","link":"https:\/\/www.addkenmerken.net\/de\/levensverhaal-gea-add-en-hsp-kenmerken\/","title":{"rendered":"ADS und hohe Sensitivit\u00e4t von Gea kamen bei der Pflege sehr gelegen"},"content":{"rendered":"<aside class=\"mashsb-container mashsb-main mashsb-stretched\"><div class=\"mashsb-box\"><div class=\"mashsb-count mash-large\" style=\"float:left\"><div class=\"counts mashsbcount\">26<\/div><span class=\"mashsb-sharetext\">gemeinsame Zeit<\/span><\/div><div class=\"mashsb-buttons\"><a class=\"mashicon-facebook mash-large mash-center mashsb-noshadow\" href=\"https:\/\/www.facebook.com\/sharer.php?u=https%3A%2F%2Fwww.addkenmerken.net%2Fde%2Flevensverhaal-gea-add-en-hsp-kenmerken%2F%3Futm_source%3Dsharebuttons%26utm_medium%3Dfacebook%26utm_campaign%3Dmashshare\" target=\"_top\" rel=\"nofollow\"><span class=\"icon\"><\/span><span class=\"text\">Teilen Sie<\/span><\/a><a class=\"mashicon-twitter mash-large mash-center mashsb-noshadow\" href=\"https:\/\/twitter.com\/intent\/tweet?text=&amp;url=https:\/\/www.addkenmerken.net\/de\/?p=10082&amp;via=krachtvanADHD\" target=\"_top\" rel=\"nofollow\"><span class=\"icon\"><\/span><span class=\"text\">Zwitschern Sie<\/span><\/a><div class=\"onoffswitch2 mash-large mashsb-noshadow\" style=\"display:none\"><\/div><\/div>\n            <\/div>\n                <div style=\"clear:both\"><\/div><\/aside>\n            <!-- Share buttons by mashshare.net - Version: 4.0.47--><p><em>Eingereichte Lebensgeschichte von Gea \u00fcber ihr Leben in Pflege mit ADD und HSP<\/em><\/p>\n<h2>Gea arbeitete lange Zeit im Pflege- und Sozialbereich, wo sich ihre ADS- und HSP-Merkmale als n\u00fctzlich erwiesen.<\/h2>\n<p>Hallo, Jochem,<\/p>\n<p><a href=\"https:\/\/www.addkenmerken.net\/wp-content\/uploads\/2014\/07\/Tot-zelfbezinning-komen.jpg\"><img loading=\"lazy\" decoding=\"async\" class=\"alignright wp-image-10094\" src=\"https:\/\/www.addkenmerken.net\/wp-content\/uploads\/2014\/07\/Tot-zelfbezinning-komen-300x198.jpg\" alt=\"Zur Selbstreflexion kommen - Gea \u00fcber ihr Leben mit ADS und HSP und ihre Arbeit im Gesundheitswesen\" width=\"274\" height=\"181\" title=\"\"><\/a>Heute haben Sie <a title=\"Kostenloses ADD\/ADHD\/HSP Seien Sie in Ihrem Power-Newsletter\" href=\"https:\/\/www.addkenmerken.net\/de\/newsletter\/\" target=\"_blank\" rel=\"noopener\">Newsletter<\/a> Ich danke Ihnen vielmals. Auch ich bin zu dem Schluss gekommen, dass ich eine Reihe von ADD und\u00a0<a title=\"Was ist HSP und was sind HSP-Merkmale?\" href=\"https:\/\/www.addkenmerken.net\/de\/hochsensible-person-hsp\/\" target=\"_blank\" rel=\"noopener\">HSP-Merkmale<\/a> Erledigt. Der Unterschied besteht darin, dass ich nicht im Pflegekreislauf gelandet bin und mein Leben so angepasst (versucht habe, es anzupassen) habe, dass ich mit meiner Lebensqualit\u00e4t sehr zufrieden bin.<\/p>\n<p>Alles begann vor 20 Jahren mit (begabten) autistischen Menschen, bei denen ich bemerkte, dass sie regelm\u00e4\u00dfig paranormale Erfahrungen machten. Davor hatte ich, wie viele andere auch, einen Burn-out, bei dem mir der Psychologe sagte, dass ich mir nicht helfen k\u00f6nne, weil ich eine Reihe von Frageb\u00f6gen ausf\u00fcllen m\u00fcsse, und ich wusste sofort, in welche Richtung es gehen w\u00fcrde... eine psychiatrische Diagnose, und daf\u00fcr dankte ich ihm. Ich kam zur Selbstreflexion aus dem spirituellen Blickwinkel und hatte zwischen 2004 und 2011 ein Weblog. Dort habe ich Channelings und viele Informationen \u00fcber Indigokinder\/Kristallkinder, aber auch \u00fcber Indigokinder f\u00fcr Erwachsene und HSP gepostet. Auch ich kam an einem bestimmten Punkt <a title=\"Inspirationsquelle John Loporto und sein super inspirierendes Buch!\" href=\"https:\/\/www.addkenmerken.net\/de\/john-loporto-davinci-methodik\/\" target=\"_blank\" rel=\"noopener\">Mansarde John Leporto<\/a> gegen mit seinem \"Wayseers-Manifest\", in dem er f\u00fcr mich bekr\u00e4ftigte, was ich bereits wusste ;)<\/p>\n<p>Ich bin jetzt 48 Jahre alt und arbeite seit 28 Jahren in der Pflege- und Sozialf\u00fcrsorge, wo ich als Gruppenleiterin, pers\u00f6nliche Betreuerin\/Coach t\u00e4tig war. Psychiatrie, Justiz, Betreuung geistig Behinderter, Heime usw. Sie betraf haupts\u00e4chlich Menschen mit Verhaltensst\u00f6rungen, wie sie oft genannt wird. Ich nenne es ein Verhalten, das schwer zu verstehen ist. Ich entdeckte einen gro\u00dfen roten Faden, und das war, dass trotz all dieser sch\u00f6nen Diagnosen all diese Menschen in meinen Augen <a title=\"Hochsensible Person (HSP) Was ist sie und was sind ihre Merkmale?\" href=\"https:\/\/www.addkenmerken.net\/de\/hochsensible-person-hsp\/\" target=\"_blank\" rel=\"noopener\">hochsensibel<\/a> mit vielen kreativen M\u00f6glichkeiten. Die meisten M\u00f6glichkeiten dieser Menschen k\u00f6nnten durch sanften Unterricht verbessert werden.<\/p>\n<p>Ich arbeite immer noch in der Pflege (mit leichter Abneigung), nachdem ich ein Jahr lang arbeitslos war. Wie sehr ich meine Vision auch teilen m\u00f6chte, ich laufe immer noch gegen eine Mauer. Allgemeinmediziner, Psychologen und Kollegen sind mit diesem Ph\u00e4nomen nicht sehr vertraut. Sicherlich nicht, wenn man eine Dosis Spriritualit\u00e4t hinzuf\u00fcgt. Aber auch mein hohes Ma\u00df an emphatischer F\u00e4higkeit wird von vielen nicht erkannt oder anerkannt, weil es f\u00fcr andere konfrontativ sein kann. Ich bin sehr ehrlich und transparent und ich urteile nicht, aber ich beobachte. Das macht es f\u00fcr meine Arbeitgeber, Kollegen und mich nicht einfacher. Infolgedessen werde ich von meinem Arbeitsplatz vertrieben und nicht ernst genommen ect.<\/p>\n<p>Ich bin jetzt ein wenig in einer Sackgasse, die Gesellschaft zieht an mir und will, dass ich mich den Marktkr\u00e4ften im Gesundheitswesen anpasse. Das ist ein trauriger Zustand, kleine Unternehmen manipulieren Kunden, stehlen sie weg, kaufen sie f\u00fcr ect. und nichts sollte Geld kosten. Es gibt also keine Tiefe in der Beratung.<\/p>\n<p>F\u00fcr einen Kunden habe ich kurz gegoogelt und bin auf Ihrer Website gelandet und sah die M\u00f6glichkeit <a title=\"Bloggen Sie \u00fcber ADD, ADHD, HSP und\/oder verwandte Themen? :)\" href=\"https:\/\/www.addkenmerken.net\/de\/gast-blogger\/\" target=\"_blank\" rel=\"noopener\">G\u00e4ste-Blogs<\/a>. Ich w\u00fcrde gerne eine Weile dar\u00fcber nachdenken, aber vielleicht melde ich mich daf\u00fcr an.<\/p>\n<p>Wor\u00fcber ich mich sehr freue, ist, dass Sie eine <a title=\"LTO3 - 100% nat\u00fcrliches Heilmittel, das sich bei vielen Menschen mit ADS und ADHS als sehr wirksam erweist.\" href=\"https:\/\/www.addkenmerken.net\/de\/lto3\/\" target=\"_blank\" rel=\"noopener\">nat\u00fcrliche Alternative zu Medikamenten<\/a> auf Ihrer Website, weil die meisten Menschen, mit denen ich zusammengearbeitet habe, in der Drogenszene gelandet sind, weil sie aufgrund mangelnder Pflege begonnen haben, sich selbst zu behandeln. Ich hoffe, dass Sie mit Ihrer Website und Ihrer Sache, die ich von ganzem Herzen unterst\u00fctze, sehr erfolgreich sein werden. Sie s\u00e4en hier viel Gutes aus, damit Ihre Ernte verbl\u00fcffend ausf\u00e4llt... :&gt;) Richtig verstanden, Liebes<\/p>\n<p>\u00a0<\/p>\n\n\n\n\n<div class=\"wp-block-uagb-marketing-button uagb-marketing-btn__outer-wrap uagb-marketing-btn__align-center uagb-marketing-btn__align-text-center uagb-marketing-btn__icon-before\" id=\"uagb-marketing-btn-bc07d9fd-afab-465d-bd82-96e12407b527\"><div class=\"uagb-marketing-btn__wrap\"><a href=\"https:\/\/www.addkenmerken.net\/de\/kategorie\/lebensgeschichten\/\" class=\"uagb-marketing-btn__link\" target=\"\" rel=\"noopener \"><div class=\"uagb-marketing-btn__title-wrap\"><h6 class=\"uagb-marketing-btn__title\">Sehen Sie hier alle eingereichten Lebensgeschichten<\/h6><\/div><div class=\"uagb-marketing-btn__prefix-wrap\"><p class=\"uagb-marketing-btn__prefix\"><\/p><\/div><\/a><\/div><\/div>","protected":false},"excerpt":{"rendered":"<p>Gea's eingereichte Lebensgeschichte \u00fcber ihr Leben in Pflege mit ADS und HSP Gea arbeitete lange Zeit in der Pflege und F\u00fcrsorge, wo ihre ADS...<\/p>","protected":false},"author":1,"featured_media":10094,"comment_status":"open","ping_status":"closed","sticky":false,"template":"","format":"standard","meta":{"_kad_post_transparent":"","_kad_post_title":"","_kad_post_layout":"","_kad_post_sidebar_id":"","_kad_post_content_style":"","_kad_post_vertical_padding":"","_kad_post_feature":"","_kad_post_feature_position":"","_kad_post_header":false,"_kad_post_footer":false,"_kad_post_classname":"","footnotes":""},"categories":[552,1131,1506,1141,1162],"tags":[],"class_list":["post-10082","post","type-post","status-publish","format-standard","has-post-thumbnail","hentry","category-levensverhalen","category-add","category-add-adhd","category-hsp-hooggevoeligheid","category-volwassenen-met-add-adhd"],"_links":{"self":[{"href":"https:\/\/www.addkenmerken.net\/de\/wp-json\/wp\/v2\/posts\/10082","targetHints":{"allow":["GET"]}}],"collection":[{"href":"https:\/\/www.addkenmerken.net\/de\/wp-json\/wp\/v2\/posts"}],"about":[{"href":"https:\/\/www.addkenmerken.net\/de\/wp-json\/wp\/v2\/types\/post"}],"author":[{"embeddable":true,"href":"https:\/\/www.addkenmerken.net\/de\/wp-json\/wp\/v2\/users\/1"}],"replies":[{"embeddable":true,"href":"https:\/\/www.addkenmerken.net\/de\/wp-json\/wp\/v2\/comments?post=10082"}],"version-history":[{"count":0,"href":"https:\/\/www.addkenmerken.net\/de\/wp-json\/wp\/v2\/posts\/10082\/revisions"}],"wp:featuredmedia":[{"embeddable":true,"href":"https:\/\/www.addkenmerken.net\/de\/wp-json\/wp\/v2\/media\/10094"}],"wp:attachment":[{"href":"https:\/\/www.addkenmerken.net\/de\/wp-json\/wp\/v2\/media?parent=10082"}],"wp:term":[{"taxonomy":"category","embeddable":true,"href":"https:\/\/www.addkenmerken.net\/de\/wp-json\/wp\/v2\/categories?post=10082"},{"taxonomy":"post_tag","embeddable":true,"href":"https:\/\/www.addkenmerken.net\/de\/wp-json\/wp\/v2\/tags?post=10082"}],"curies":[{"name":"wp","href":"https:\/\/api.w.org\/{rel}","templated":true}]}}