{"id":10236,"date":"2014-08-11T17:49:02","date_gmt":"2014-08-11T15:49:02","guid":{"rendered":"http:\/\/www.addkenmerken.net\/?p=10236"},"modified":"2019-10-03T09:36:43","modified_gmt":"2019-10-03T07:36:43","slug":"ich-habe-add-und-hsp-meine-beziehungen-und-scheidung","status":"publish","type":"post","link":"https:\/\/www.addkenmerken.net\/de\/ik-heb-add-en-hsp-mijn-relaties-en-scheiding\/","title":{"rendered":"Ich habe ADS und HSP! Ich bin nicht mehr, aber auch nicht weniger!"},"content":{"rendered":"<aside class=\"mashsb-container mashsb-main mashsb-stretched\"><div class=\"mashsb-box\"><div class=\"mashsb-count mash-large\" style=\"float:left\"><div class=\"counts mashsbcount\">88<\/div><span class=\"mashsb-sharetext\">gemeinsame Zeit<\/span><\/div><div class=\"mashsb-buttons\"><a class=\"mashicon-facebook mash-large mash-center mashsb-noshadow\" href=\"https:\/\/www.facebook.com\/sharer.php?u=https%3A%2F%2Fwww.addkenmerken.net%2Fde%2Fik-heb-add-en-hsp-mijn-relaties-en-scheiding%2F%3Futm_source%3Dsharebuttons%26utm_medium%3Dfacebook%26utm_campaign%3Dmashshare\" target=\"_top\" rel=\"nofollow\"><span class=\"icon\"><\/span><span class=\"text\">Teilen Sie<\/span><\/a><a class=\"mashicon-twitter mash-large mash-center mashsb-noshadow\" href=\"https:\/\/twitter.com\/intent\/tweet?text=&amp;url=https:\/\/www.addkenmerken.net\/de\/?p=10236&amp;via=krachtvanADHD\" target=\"_top\" rel=\"nofollow\"><span class=\"icon\"><\/span><span class=\"text\">Zwitschern Sie<\/span><\/a><div class=\"onoffswitch2 mash-large mashsb-noshadow\" style=\"display:none\"><\/div><\/div>\n            <\/div>\n                <div style=\"clear:both\"><\/div><\/aside>\n            <!-- Share buttons by mashshare.net - Version: 4.0.47--><p>Eingereichte Lebensgeschichte von Bas<\/p>\n<h2>Meine Beziehungen und die Scheidung<\/h2>\n<figure id=\"attachment_17284\" aria-describedby=\"caption-attachment-17284\" style=\"width: 354px\" class=\"wp-caption alignright\"><img loading=\"lazy\" decoding=\"async\" class=\"wp-image-17284\" src=\"https:\/\/www.addkenmerken.net\/wp-content\/uploads\/2014\/08\/Bas-levensverhaal-ADD-HSP-en-scheiding-1.jpg\" alt=\"Lebensgeschichte Bas mit ADD und HSP \u00fcber Beziehungen und Scheidung\" width=\"354\" height=\"266\" title=\"\"><figcaption id=\"caption-attachment-17284\" class=\"wp-caption-text\">Portr\u00e4t-Bass<\/figcaption><\/figure>\n<p>Vor ein paar Jahren wurde ich nach 15 Jahren Beziehung geschieden. Keine Kinder gl\u00fccklich, vorher gegangen, aber nicht erfolgreich. W\u00e4hrend der Beziehung fand sie neues Fleisch und Aufmerksamkeit attraktiver, als umeinander zu k\u00e4mpfen. Was bot ich ihr an... Vertrauen... Ja ...auch Liebe... Nach Jahren des Kampfes mit ihrer Gesundheit, Selbstvertrauen, Selbstachtung und schlie\u00dflich dem \u00dcberleben nach einer sehr schweren Zystenoperation entschied sie sich, nach einem einfachen Leben auf der Couch, ihre Fl\u00fcgel zu \u00f6ffnen und f\u00fcr ihre eigene Freiheit zu w\u00e4hlen.<\/p>\n<p>Ok, das war ein harter Schlag, aber im Nachhinein durchaus verst\u00e4ndlich.<br \/>Durch einen Junggesellenabschied eines Freundes meines Bruders ging ich mit einem Fallschirm auf Texel in mein neues Leben.<br \/>Noch am selben Abend begegnete ich zwei h\u00fcpfenden M\u00f6sen, von denen ich die eine am Ende des Abends traf. Ich wusste, dass es passieren musste... Ich musste sie k\u00fcssen... Und dann werden wir sehen. Es ist mir gelungen... Obwohl ich wusste, dass es passieren w\u00fcrde, war ich immer noch \u00fcberrascht. Vor allem, als ich die Nacht mit ihr verbrachte, nach einem Sto\u00df in den R\u00fccken meines Bruders. Mit einer anderen Frau zusammen zu sein, war seltsam, aber f\u00fchlte sich gut an.<\/p>\n<p>Nach Zweifeln auf beiden Seiten blieben wir hartn\u00e4ckig.<\/p>\n<p>Nach dem Treffen im Mai, der Scheidung im September, zogen wir im November zusammen. Ziemlich bald zogen wir alle zusammen, aber es f\u00fchlte sich gut an. Aber selbst hier gab es Unsicherheit dar\u00fcber, dass sie \"ich\" war, vor allem als unser kleiner Sohn ein Jahr sp\u00e4ter geboren wurde.<br \/>Postnataler Mist und Allergien taten ihr und der Beziehung nicht viel Gutes. Ich stand am Fenster und schaute hinein, weil ich wusste, dass dieser Moment, \"von einem Vater, der aus der Ferne durch das Fenster zu seinem Kind schaut\", meine Zukunft werden w\u00fcrde. Dieser Gedanke kam mir in den Sinn, aber ich schob ihn weg... Ich will nicht... Und ich k\u00e4mpfte immer wieder und tat mein Bestes, um dem anderen zu dienen, damit er gl\u00fccklicher w\u00fcrde.<\/p>\n<p>Nach dem Umzug an die K\u00fcste im August wurde unsere kleine Tochter geboren, wieder mit all dem psychischen Mist. Kurz darauf kam ihr Neffe von 13 Jahren aus einer zerr\u00fctteten Familie mit dem Elend; Alkohol- und anderer s\u00fcchtig machender M\u00fcll.<br \/>Das Kind hatte <a href=\"https:\/\/www.addkenmerken.net\/de\/symptome-hinzufugen\/\">HINZUF\u00dcGEN<\/a>Sein Vater... Der Bruder von... hatte... <a title=\"Bekannte ADHS-Merkmale (Aufmerksamkeitsdefizit-\/Hyperaktivit\u00e4tsst\u00f6rung)\" href=\"https:\/\/www.addkenmerken.net\/de\/merkmale-von-adhd\/\">ADHD<\/a>.<br \/>Bei dem Jungen fiel mir auf, dass er und ich viel gemeinsam hatten, fand ich. Am Ende hielt seine Tante es nicht mehr aus, war auch schwer.<br \/>Das war \u00fcbrigens nicht die Schuld des Kindes.<br \/>F\u00fcr mich auch nicht... danach.<br \/>Sie konnte damit nicht umgehen.<br \/>Sie k\u00e4mpfte mit sich selbst.<br \/>Alles, womit sie zu k\u00e4mpfen hatte, hatte eine \u00e4u\u00dfere Ursache.<br \/>Es war das Haus, ich, andere, andere Dinge, das Wetter, die Stra\u00dfe, das Auto, ihre Schuhe und auch ihr Vater, aber auch meiner und vor allem der meiner Mutter... Nein, nicht ihrer. Psychologen hatten es schwer, wenn man seinem eigenen Versagen zu nahe kam, dann war sie mit einem fertig.<\/p>\n<p>Irgendwann fand ein Hellseher heraus, dass ich vielleicht ADS habe...<br \/>Sie hat es mir gesagt...<br \/>Eine Welt \u00f6ffnete sich mir...<br \/>Anerkennung \u00fcberall...<br \/>Quartale fielen in die richtige Reihenfolge.<br \/>Aber dann kam es...<br \/>Alles war meine Schuld...<br \/>Du siehst, du siehst...<br \/>Sie k\u00f6nnen nichts dagegen tun.<br \/>Das liegt an Ihren Unzul\u00e4nglichkeiten.<br \/>... Sie haben ADD...<br \/>Ich habe <a title=\"Was ist hsp (hohe Sensitivit\u00e4t) und was sind seine Merkmale?\" href=\"https:\/\/www.addkenmerken.net\/de\/hochsensible-person-hsp\/\">HSP<\/a> sagte sie stolz...<br \/>Ich f\u00fchle alles einwandfrei...<\/p>\n<p>Ich f\u00fchlte mich wie von einem selbstbewussten Mann zu einem unsicheren kleinen Jungen...<\/p>\n<p>Es gab Brosch\u00fcren dar\u00fcber, wie schwer es ist, mit einem ADD'er zu leben, und ich wurde st\u00e4ndig auf das Negative hingewiesen <a title=\"Bekannte Symptome von ADS (Aufmerksamkeits-Defizit-Syndrom)\" href=\"https:\/\/www.addkenmerken.net\/de\/symptome-hinzufugen\/\">Merkmale von ADD<\/a>&#8230;&#8230;<br \/>Ich war dem Untergang geweiht... verloren... zur\u00fcckgeblieben und ein Verlierer...<br \/>Zumindest sah es f\u00fcr mich so aus...<br \/>VERSCHWINDEN SIE, VERDAMMT!<br \/>Nein, ich war gut... zuverl\u00e4ssig und vor allem ehrlich, ein reines Ja.<br \/>Ich war kreativ... Praktisch und sicher nicht dumm...<br \/>Ja <a title=\"Artikel \u00fcber Legasthenie\" href=\"https:\/\/www.addkenmerken.net\/de\/kategorie\/legasthenie\/\" target=\"_blank\" rel=\"noopener \">Legasthenie<\/a> und Dyskalkulie vorhanden ist<br \/>und okay... ich konnte nicht zaubern. (immer noch nicht)<br \/>Aber ich wusste es bereits.<br \/>Ich wei\u00df Dinge im Voraus.<br \/>Das war nicht richtig.<br \/>Sie hatte nicht Recht.<br \/>Und ich wei\u00df immer noch nicht...<br \/>Sie hat es auch noch nicht begriffen.<\/p>\n<p>Ich bin geschieden, schon wieder ... Aber jetzt mit Kindern.<\/p>\n<p>Sie habe ihre Liebe letztes Jahr gefunden, sagt sie, ich glaube, sie habe l\u00e4nger gespielt.<br \/>Er, ein gemeinsamer Freund, wohnt 200 km entfernt. Meine Kinder, nachdem sie eine Zeit lang ein Geheimnis f\u00fcr mich hatten, d\u00fcrfen mir endlich ihr Geheimnis verraten... \"Wir ziehen nach...\" dort... 200 km entfernt! Nach meiner endg\u00fcltigen Zustimmung passiert es... Zu traurig f\u00fcr Worte, aber ich konnte nichts dagegen tun... Nicht einmal laut meinem Anwalt.<\/p>\n<p>Da wusste ich, dass diese Beziehung zum Scheitern verurteilt war...<br \/>Und so viele weitere Menschen um uns herum...<br \/>Wir h\u00e4tten darauf wetten k\u00f6nnen, man gab ihnen den 6,<br \/>Ich gab ihnen weitere 5 Jahre und einige ein jr.<\/p>\n<p>Nach 3 Monaten sagt sie, sie sei bei ihren Eltern eingezogen...<br \/>Aus dem Weg noch mal... N\u00e4her!<\/p>\n<p>Seit einem Jahr lebe ich in diesem letzten Chaos mit viel zu vielen Kopfschmerzen. Ich kann mich nicht auf das konzentrieren, was jetzt geregelt werden muss.<br \/>Aber, \u00e4h...<br \/>Ich wei\u00df, wer ich bin und was ich tun und wor\u00fcber ich nachdenken kann.<br \/>Ich habe <a title=\"Die 3 ADHS-Typen und ihre \u00dcberschneidung mit HSP\" href=\"https:\/\/www.addkenmerken.net\/de\/unterschiede-ahnlichkeiten-add-adhd-hsp\/\">ADD und auch HSP,<\/a><br \/>Ich bin sehr geschickt,<br \/>Ich kann Berge versetzen und Elend ertragen,<br \/>Ich habe Kraft in mir,<br \/>aber von Zeit zu Zeit durch diese Schei\u00dfe ziemlich deprimiert werden.<br \/>Ich sehe Dinge (ADD) Ich f\u00fchle Dinge (HSP)<br \/><strong>Ich bin ich, und ich bin nicht mehr und nicht weniger als jeder andere!<\/strong><\/p>\n<p>Bas<\/p>\n\n\n<div class=\"wp-block-uagb-marketing-button uagb-marketing-btn__outer-wrap uagb-marketing-btn__align-center uagb-marketing-btn__align-text-center uagb-marketing-btn__icon-before\" id=\"uagb-marketing-btn-bc07d9fd-afab-465d-bd82-96e12407b527\"><div class=\"uagb-marketing-btn__wrap\"><a href=\"https:\/\/www.addkenmerken.net\/de\/kategorie\/lebensgeschichten\/\" class=\"uagb-marketing-btn__link\" target=\"\" rel=\"noopener \"><div class=\"uagb-marketing-btn__title-wrap\"><h6 class=\"uagb-marketing-btn__title\">Sehen Sie hier alle eingereichten Lebensgeschichten<\/h6><\/div><div class=\"uagb-marketing-btn__prefix-wrap\"><p class=\"uagb-marketing-btn__prefix\"><\/p><\/div><\/a><\/div><\/div>","protected":false},"excerpt":{"rendered":"<p>Eingereichte Lebensgeschichte von Bas Meine Beziehungen und die Scheidung Vor einigen Jahren lie\u00df ich mich nach 15 Jahren Beziehung scheiden. Keine gl\u00fccklichen Kinder, aber ich hab's versucht...<\/p>","protected":false},"author":1,"featured_media":17284,"comment_status":"open","ping_status":"closed","sticky":false,"template":"","format":"standard","meta":{"_kad_post_transparent":"","_kad_post_title":"","_kad_post_layout":"","_kad_post_sidebar_id":"","_kad_post_content_style":"","_kad_post_vertical_padding":"","_kad_post_feature":"","_kad_post_feature_position":"","_kad_post_header":false,"_kad_post_footer":false,"_kad_post_classname":"","footnotes":""},"categories":[1162,1131,1506,1141,552],"tags":[5,912,916,914],"class_list":["post-10236","post","type-post","status-publish","format-standard","has-post-thumbnail","hentry","category-volwassenen-met-add-adhd","category-add","category-add-adhd","category-hsp-hooggevoeligheid","category-levensverhalen","tag-add","tag-add-relatie","tag-hsp-relatie","tag-scheiding"],"_links":{"self":[{"href":"https:\/\/www.addkenmerken.net\/de\/wp-json\/wp\/v2\/posts\/10236","targetHints":{"allow":["GET"]}}],"collection":[{"href":"https:\/\/www.addkenmerken.net\/de\/wp-json\/wp\/v2\/posts"}],"about":[{"href":"https:\/\/www.addkenmerken.net\/de\/wp-json\/wp\/v2\/types\/post"}],"author":[{"embeddable":true,"href":"https:\/\/www.addkenmerken.net\/de\/wp-json\/wp\/v2\/users\/1"}],"replies":[{"embeddable":true,"href":"https:\/\/www.addkenmerken.net\/de\/wp-json\/wp\/v2\/comments?post=10236"}],"version-history":[{"count":0,"href":"https:\/\/www.addkenmerken.net\/de\/wp-json\/wp\/v2\/posts\/10236\/revisions"}],"wp:featuredmedia":[{"embeddable":true,"href":"https:\/\/www.addkenmerken.net\/de\/wp-json\/wp\/v2\/media\/17284"}],"wp:attachment":[{"href":"https:\/\/www.addkenmerken.net\/de\/wp-json\/wp\/v2\/media?parent=10236"}],"wp:term":[{"taxonomy":"category","embeddable":true,"href":"https:\/\/www.addkenmerken.net\/de\/wp-json\/wp\/v2\/categories?post=10236"},{"taxonomy":"post_tag","embeddable":true,"href":"https:\/\/www.addkenmerken.net\/de\/wp-json\/wp\/v2\/tags?post=10236"}],"curies":[{"name":"wp","href":"https:\/\/api.w.org\/{rel}","templated":true}]}}