{"id":11351,"date":"2015-02-09T17:35:38","date_gmt":"2015-02-09T16:35:38","guid":{"rendered":"http:\/\/www.addkenmerken.net\/?p=11351"},"modified":"2020-09-01T11:40:06","modified_gmt":"2020-09-01T09:40:06","slug":"3-vipern-zusammen-in-1-haus","status":"publish","type":"post","link":"https:\/\/www.addkenmerken.net\/de\/3-adders-samen-in-1-huis\/","title":{"rendered":"3 ADDs zusammen in 1 Haus! (Lebensgeschichte Ellen)"},"content":{"rendered":"<aside class=\"mashsb-container mashsb-main mashsb-stretched\"><div class=\"mashsb-box\"><div class=\"mashsb-count mash-large\" style=\"float:left\"><div class=\"counts mashsbcount\">843<\/div><span class=\"mashsb-sharetext\">gemeinsame Zeit<\/span><\/div><div class=\"mashsb-buttons\"><a class=\"mashicon-facebook mash-large mash-center mashsb-noshadow\" href=\"https:\/\/www.facebook.com\/sharer.php?u=https%3A%2F%2Fwww.addkenmerken.net%2Fde%2F3-adders-samen-in-1-huis%2F%3Futm_source%3Dsharebuttons%26utm_medium%3Dfacebook%26utm_campaign%3Dmashshare\" target=\"_top\" rel=\"nofollow\"><span class=\"icon\"><\/span><span class=\"text\">Teilen Sie<\/span><\/a><a class=\"mashicon-twitter mash-large mash-center mashsb-noshadow\" href=\"https:\/\/twitter.com\/intent\/tweet?text=&amp;url=https:\/\/www.addkenmerken.net\/de\/?p=11351&amp;via=krachtvanADHD\" target=\"_top\" rel=\"nofollow\"><span class=\"icon\"><\/span><span class=\"text\">Zwitschern Sie<\/span><\/a><div class=\"onoffswitch2 mash-large mashsb-noshadow\" style=\"display:none\"><\/div><\/div>\n            <\/div>\n                <div style=\"clear:both\"><\/div><\/aside>\n            <!-- Share buttons by mashshare.net - Version: 4.0.47--><p><em>Lebensgeschichte von Ellen erhalten, wo das Haus voller ADD's ist<\/em><\/p>\n<h2>3 Grind ADD ist kein Gl\u00fccksbringer, es ist ein Chaos!<\/h2>\n<figure id=\"attachment_11353\" aria-describedby=\"caption-attachment-11353\" style=\"width: 262px\" class=\"wp-caption alignright\"><img loading=\"lazy\" decoding=\"async\" class=\"wp-image-11353\" src=\"https:\/\/www.addkenmerken.net\/wp-content\/uploads\/2015\/02\/ADD-wat-mot-je-dr-mee.jpg\" alt=\"Mutter Ellen und 2 Kinder, alle 3 mit ADD\" width=\"262\" height=\"193\" title=\"\"><figcaption id=\"caption-attachment-11353\" class=\"wp-caption-text\">ADD, ADD und nochmals ADD!<\/figcaption><\/figure>\n<p>Oh, Mann. Man m\u00fcsste 48 Jahre alt werden, um zu h\u00f6ren, dass man... <a title=\"HINZUF\u00dcGEN\" href=\"https:\/\/www.addkenmerken.net\/de\/symptome-hinzufugen\/\" target=\"_blank\" rel=\"noopener\">HINZUF\u00dcGEN<\/a> haben. Bisschen auch mit dem H von Hieperdepiep, denn ich kann furchtbar unruhig sein.<br \/>Mein Morgen beginnt mit einer gro\u00dfen Tasse Kaffee und bitte lass mich im Tag landen. Frag mich nicht gleich, was es abends zu essen gibt und sag mir nicht, dass ich noch in die Stadt fahren muss, um etwas zu holen. Schreib es einfach ganz lieb und leise auf einen Zettel, okay? Dann erschreckt es mich nicht so sehr. Ich habe zwar keine eigene Morgenstimmung, aber die kannst du ja sozusagen \u00fcbernehmen ;-)<br \/>Schon gut, schon gut, schon gut. Der Tag hat begonnen. Erst wenn sich mein Magen beruhigt hat, sollte ich fr\u00fchst\u00fccken.<\/p>\n<p>Jetzt bin ich sehr <a title=\"Hochsensible Person (HSP) Was ist das und was sind HSP-Merkmale?\" href=\"https:\/\/www.addkenmerken.net\/de\/hochsensible-person-hsp\/\" target=\"_blank\" rel=\"noopener\">sensibel<\/a> und leben mit 2 fast erwachsenen Kindern in einem kleinen Haus, in dem es immer ein Chaos ist.<br \/>Mit 3 ADD's sollte man hier nicht unerwartet an die T\u00fcr kommen. Ich \u00f6ffne also einfach nicht die T\u00fcr, wenn jemand unangek\u00fcndigt vorbeikommt. Ich kann nicht so schnell von \"Ich\" zu \"Besuch\" wechseln. Vom \"Schweigen\" zum \"Reden\".<br \/>Wenn das Telefon klingelt und jemand vorbeikommen will, bricht Panik aus, und wir drehen mit gro\u00dfen Adrenalin-Augen durch, um das Wohnzimmer ein wenig aufzur\u00e4umen. Die geb\u00fcgelte W\u00e4sche wird endlich in die richtigen R\u00e4ume gebracht, aber auch die Kellert\u00fcr ist offen, um das ganze nicht installierbare Zeug zu richten (wo es etwa 6 Wochen bleibt, denn was man nicht sieht, ist nicht da, hm?)<br \/>Wenn die Glocke l\u00e4utet, sind wir drei pleite, haha, aber wir wollen kein Gejammer \u00fcber Unordnung.<br \/>Wir verlieren immer alles, vor allem die Dinge, die wir t\u00e4glich brauchen. Schl\u00fcssel, Buspass. Tasche. Genau die Dinge, f\u00fcr die wir wirklich einen Platz haben, verschwinden, als ob Hans Klok selbst hier im Haus das Sagen h\u00e4tte. Immer zum Bus rennen. Man steht im Supermarkt und vergisst sein Geld, aber dann nimmt man am Ende alle leeren Gl\u00e4ser mit. Tja, das war's!<br \/>Um den Juli herum geht die Weihnachtsdekoration des Schlafzimmers zur\u00fcck auf den Dachboden.<\/p>\n<p>Was mich st\u00f6rt, ist, dass ich mich nicht auf allt\u00e4gliche Dinge konzentrieren kann, wenn etwas anderes im Gange ist. Wenn ich Zahnschmerzen habe, habe ich den ganzen Tag nur Zahnschmerzen. Die schwere Erkrankung eines Familienmitglieds ist in mir immer pr\u00e4sent. Sie dr\u00fcckt immer auf mein Herz und nimmt den Platz ein, wo andere Menschen ihre \"Struktur\" haben. Ich bin mit der Verwaltung immer im R\u00fcckstand, und es scheint, als ob alles in Suaheli geschrieben ist. Nach 10 Minuten verliere ich die Konzentration. Die Pflanzen sehen mich vorwurfsvoll \u00fcber den Rand ihrer T\u00f6pfe h\u00e4ngend an. Ich kann fast ihre Zungen \u00fcber den Rand h\u00e4ngen sehen: \"Doooooooooooooooorst!\" Aber sie sagen nichts, deshalb vergesse ich sie meist viel zu lange.<\/p>\n<p>In Gesch\u00e4ften singe ich zur Hintergrundmusik mit. Das ist \"wirklich so peinlich, Mom\". Aber das geht von alleine. Wenn ich nicht aufpasse, tanze ich auch einen Tanz, weil ich \u00fcberhaupt nicht an Sicherheitskameras, Personal oder andere Kunden denke. Manchmal bin ich einfach v\u00f6llig in mich gekehrt, und dann passieren diese peinlichen Dinge.<br \/>Mein Motto lautet: \"Go crazy or you'll go crazy\", und das trage ich jeden Tag.<br \/>Meine Ruhe finde ich drau\u00dfen in der Natur, wo ich alles, was meine Aufmerksamkeit erregt, mit einem Auge f\u00fcrs Detail festhalte.<br \/>Und abends, wenn ich mich ersch\u00f6pft ins Bett lege, stelle ich fest, dass ich mein Gesicht nicht abgeschminkt habe. Schie\u00df los. Wie im Film liege ich mit geschminkten Augen in meinem Nickerchen.<br \/>Ah.<br \/>Es gibt Schlimmeres.<br \/>Ich rolle mich zusammen und schlafe sofort ein.<\/p>\n<p>Ellen<\/p>\n<p>Wieder eine Reaktion auf Ellens Lebensgeschichte? Sie k\u00f6nnen unten auf der Seite einen Kommentar hinterlassen.<\/p>\n<p>\u00a0<\/p>\n\n\n\n\n<div class=\"wp-block-uagb-marketing-button uagb-marketing-btn__outer-wrap uagb-marketing-btn__align-center uagb-marketing-btn__align-text-center uagb-marketing-btn__icon-before\" id=\"uagb-marketing-btn-bc07d9fd-afab-465d-bd82-96e12407b527\"><div class=\"uagb-marketing-btn__wrap\"><a href=\"https:\/\/www.addkenmerken.net\/de\/kategorie\/lebensgeschichten\/\" class=\"uagb-marketing-btn__link\" target=\"\" rel=\"noopener \"><div class=\"uagb-marketing-btn__title-wrap\"><h6 class=\"uagb-marketing-btn__title\">Sehen Sie hier alle eingereichten Lebensgeschichten<\/h6><\/div><div class=\"uagb-marketing-btn__prefix-wrap\"><p class=\"uagb-marketing-btn__prefix\"><\/p><\/div><\/a><\/div><\/div>","protected":false},"excerpt":{"rendered":"<p>Empfangene Lebensgeschichte von Ellen, wo das Haus ist voll von ADD'ers 3 Maal ADD ist nicht ein Charme, das ist ein Chaos! Oh, Mann. Da haben wir's...<\/p>","protected":false},"author":1,"featured_media":11353,"comment_status":"open","ping_status":"closed","sticky":false,"template":"","format":"standard","meta":{"_kad_post_transparent":"","_kad_post_title":"","_kad_post_layout":"","_kad_post_sidebar_id":"","_kad_post_content_style":"","_kad_post_vertical_padding":"","_kad_post_feature":"","_kad_post_feature_position":"","_kad_post_header":false,"_kad_post_footer":false,"_kad_post_classname":"","footnotes":""},"categories":[552,1131,1506,1148,1162],"tags":[1000,999,1001,626],"class_list":["post-11351","post","type-post","status-publish","format-standard","has-post-thumbnail","hentry","category-levensverhalen","category-add","category-add-adhd","category-kinderen-met-addadhd","category-volwassenen-met-add-adhd","tag-add-chaos","tag-add-moeder","tag-add-volwassenen","tag-leven-met-add"],"_links":{"self":[{"href":"https:\/\/www.addkenmerken.net\/de\/wp-json\/wp\/v2\/posts\/11351","targetHints":{"allow":["GET"]}}],"collection":[{"href":"https:\/\/www.addkenmerken.net\/de\/wp-json\/wp\/v2\/posts"}],"about":[{"href":"https:\/\/www.addkenmerken.net\/de\/wp-json\/wp\/v2\/types\/post"}],"author":[{"embeddable":true,"href":"https:\/\/www.addkenmerken.net\/de\/wp-json\/wp\/v2\/users\/1"}],"replies":[{"embeddable":true,"href":"https:\/\/www.addkenmerken.net\/de\/wp-json\/wp\/v2\/comments?post=11351"}],"version-history":[{"count":0,"href":"https:\/\/www.addkenmerken.net\/de\/wp-json\/wp\/v2\/posts\/11351\/revisions"}],"wp:featuredmedia":[{"embeddable":true,"href":"https:\/\/www.addkenmerken.net\/de\/wp-json\/wp\/v2\/media\/11353"}],"wp:attachment":[{"href":"https:\/\/www.addkenmerken.net\/de\/wp-json\/wp\/v2\/media?parent=11351"}],"wp:term":[{"taxonomy":"category","embeddable":true,"href":"https:\/\/www.addkenmerken.net\/de\/wp-json\/wp\/v2\/categories?post=11351"},{"taxonomy":"post_tag","embeddable":true,"href":"https:\/\/www.addkenmerken.net\/de\/wp-json\/wp\/v2\/tags?post=11351"}],"curies":[{"name":"wp","href":"https:\/\/api.w.org\/{rel}","templated":true}]}}