{"id":11640,"date":"2015-03-26T13:45:59","date_gmt":"2015-03-26T12:45:59","guid":{"rendered":"http:\/\/www.addkenmerken.net\/?p=11640"},"modified":"2021-03-08T23:55:07","modified_gmt":"2021-03-08T22:55:07","slug":"lto3-interview-naturliche-hilfe-bei-konzentrationsstorungen","status":"publish","type":"post","link":"https:\/\/www.addkenmerken.net\/de\/lto3-interview-natuurlijke-hulp-bij-concentratiestoornissen\/","title":{"rendered":"Interview mit dem Kinderarzt Sander Feith \u00fcber LTO3"},"content":{"rendered":"<aside class=\"mashsb-container mashsb-main mashsb-stretched\"><div class=\"mashsb-box\"><div class=\"mashsb-count mash-large\" style=\"float:left\"><div class=\"counts mashsbcount\">752<\/div><span class=\"mashsb-sharetext\">gemeinsame Zeit<\/span><\/div><div class=\"mashsb-buttons\"><a class=\"mashicon-facebook mash-large mash-center mashsb-noshadow\" href=\"https:\/\/www.facebook.com\/sharer.php?u=https%3A%2F%2Fwww.addkenmerken.net%2Fde%2Flto3-interview-natuurlijke-hulp-bij-concentratiestoornissen%2F%3Futm_source%3Dsharebuttons%26utm_medium%3Dfacebook%26utm_campaign%3Dmashshare\" target=\"_top\" rel=\"nofollow\"><span class=\"icon\"><\/span><span class=\"text\">Teilen Sie<\/span><\/a><a class=\"mashicon-twitter mash-large mash-center mashsb-noshadow\" href=\"https:\/\/twitter.com\/intent\/tweet?text=&amp;url=https:\/\/www.addkenmerken.net\/de\/?p=11640&amp;via=krachtvanADHD\" target=\"_top\" rel=\"nofollow\"><span class=\"icon\"><\/span><span class=\"text\">Zwitschern Sie<\/span><\/a><div class=\"onoffswitch2 mash-large mashsb-noshadow\" style=\"display:none\"><\/div><\/div>\n            <\/div>\n                <div style=\"clear:both\"><\/div><\/aside>\n            <!-- Share buttons by mashshare.net - Version: 4.0.47--><h2><span style=\"color: #000000;\">Nat\u00fcrliche Hilfe bei Konzentrationsst\u00f6rungen<\/span><\/h2>\n<h4><span style=\"color: #000000;\">Jahrelange Medikation ist etwas, womit viele Eltern und Erwachsene zu k\u00e4mpfen haben - LTO3 bietet eine nat\u00fcrliche Alternative<\/span><\/h4>\n<p>In einem Anhang zu\u00a0<strong>De Volkskrant\" vom 24. M\u00e4rz 2015<\/strong> erschien <strong>Interview<\/strong>mit dem Kinderarzt Sander Feith, \u00fcber <strong>LTO3<\/strong> wie <strong>nat\u00fcrliche Hilfe bei Konzentrationsst\u00f6rungen<\/strong>Sie finden ihn im Anhang des \"Brain-Magazins\". Ich stimme seinen Ergebnissen und Erfahrungen voll und ganz zu.<\/p>\n<p>Die <a title=\"LTO3-Erfahrungen von Menschen mit ADD, ADHS, HSP und ASS\" href=\"https:\/\/www.addkenmerken.net\/de\/lto3-erfahrungen\/\" target=\"_blank\" rel=\"noopener\">LTO3-Erfahrungen<\/a> die ich geschickt bekomme, sind auch fast immer sehr positiv und die Menschen geben mir kontinuierlich ein besseres Leben dank LTO3. Es betrifft normalerweise Menschen mit <strong>ADD, ADHD<\/strong>sowie <strong>hochsensible Menschen<\/strong> oder Menschen mit Beschwerden wie <strong>Burn-Out, Angst, Spannung, Sucht und\/oder Tr\u00fcbsinn<\/strong>Sie k\u00f6nnen das Interview unten lesen. Schwer zu lesen? Klicken Sie darauf, um es zu vergr\u00f6\u00dfern:<\/p>\n<figure id=\"attachment_17106\" aria-describedby=\"caption-attachment-17106\" style=\"width: 1365px\" class=\"wp-caption aligncenter\"><a href=\"https:\/\/www.addkenmerken.net\/wp-content\/uploads\/2015\/03\/lto3-biedt-een-natuurlijk-alternatief-voor-concentratiestoornissen-2.jpg\" target=\"_blank\" rel=\"noopener\"><img loading=\"lazy\" decoding=\"async\" class=\"size-full wp-image-17106\" src=\"https:\/\/www.addkenmerken.net\/wp-content\/uploads\/2015\/03\/lto3-biedt-een-natuurlijk-alternatief-voor-concentratiestoornissen-2.jpg\" alt=\"Interview mit dem Kinderarzt Sander Feith \u00fcber LTO3 - LTO3 bietet eine nat\u00fcrliche Alternative bei Konzentrationsst\u00f6rungen\" width=\"1365\" height=\"651\" title=\"\" srcset=\"https:\/\/www.addkenmerken.net\/wp-content\/uploads\/2015\/03\/lto3-biedt-een-natuurlijk-alternatief-voor-concentratiestoornissen-2.jpg 1365w, https:\/\/www.addkenmerken.net\/wp-content\/uploads\/2015\/03\/lto3-biedt-een-natuurlijk-alternatief-voor-concentratiestoornissen-2-300x143.jpg 300w, https:\/\/www.addkenmerken.net\/wp-content\/uploads\/2015\/03\/lto3-biedt-een-natuurlijk-alternatief-voor-concentratiestoornissen-2-768x366.jpg 768w, https:\/\/www.addkenmerken.net\/wp-content\/uploads\/2015\/03\/lto3-biedt-een-natuurlijk-alternatief-voor-concentratiestoornissen-2-1024x488.jpg 1024w\" sizes=\"auto, (max-width: 1365px) 100vw, 1365px\"><\/a><figcaption id=\"caption-attachment-17106\" class=\"wp-caption-text\">Interview \u00fcber LTO3 aus dem Anhang 'De volkskrant'.\u00a0<a title=\"Interview von De Volkskrant mit dem Kinderarzt Sander Feith \u00fcber lto3\" href=\"https:\/\/www.addkenmerken.net\/wp-content\/uploads\/2015\/03\/lto3-biedt-een-natuurlijk-alternatief-voor-concentratiestoornissen-2.jpg\" target=\"_blank\" rel=\"noopener\">(Klicken Sie hier f\u00fcr die vergr\u00f6\u00dferte Version)<\/a><\/figcaption><\/figure>\n<h3><\/h3>\n<h3>Weitere Informationen \u00fcber LTO3<\/h3>\n<p>Wenn Sie nach weiteren Informationen \u00fcber LTO3 suchen, finden Sie \u00fcber den untenstehenden Link weitere detaillierte Informationen und Antworten auf h\u00e4ufig gestellte Fragen zu LTO3:<\/p>\n<p><strong><a title=\"lto3 Informationen\" href=\"https:\/\/www.addkenmerken.net\/de\/lto3\/\" target=\"_blank\" rel=\"noopener\">&gt; LTO3-Informationen + Antworten auf h\u00e4ufig gestellte Fragen<\/a><\/strong><\/p>\n<p>&nbsp;<\/p>\n<h3>Wo kann ich LTO3 bestellen?<\/h3>\n<p>Wenn Sie LTO3 selbst ausprobieren m\u00f6chten, k\u00f6nnen Sie es \u00fcber den untenstehenden Link beim Anbieter bestellen.<\/p>\n<p><strong><a href=\"https:\/\/smartvital.eu\/product\/lto3-origineel\/\" target=\"_blank\" rel=\"noopener\">\u00a0&gt; LTO3 bestellen<\/a><\/strong><\/p>\n<p>&nbsp;<\/p>\n<h3>LTO3 Erfahrungsberichte von Menschen mit ADS, ADHS, HSP und ASD, unter anderem.<\/h3>\n<p>Ich bekomme st\u00e4ndig Erfahrungen von Leuten, die LTO3 benutzen. Ich stelle diese auf die Website, und Sie k\u00f6nnen sie \u00fcber den untenstehenden Link finden:<\/p>\n<p><strong><a title=\"LTO3-Erfahrungen von Menschen mit ADD, ADHS, HSP und ASS\" href=\"https:\/\/www.addkenmerken.net\/de\/lto3-erfahrungen\/\" target=\"_blank\" rel=\"noopener\">&gt; LTO3-Erfahrungen von Menschen mit ADD, ADHS, HSP und ASS<\/a><\/strong><\/p>\n<p>&nbsp;<\/p>\n<h3>Verwenden Sie bereits LTO3 und was halten Sie von Naturheilmitteln?<\/h3>\n<p>Vor einer Weile habe ich eine kleine Umfrage durchgef\u00fchrt. <strong><a title=\"Umfrage 1 - Verwendung von LTO3 bei Menschen mit ADD, ADHD, HSP\" href=\"https:\/\/www.addkenmerken.net\/de\/umfrage-zur-verwendung-von-lto3-bei-menschen-mit-add-adhd-hsp\/\" target=\"_blank\" rel=\"noopener\">Studie \u00fcber die Verwendung von LTO3<\/a><\/strong> So k\u00f6nnen Sie z.B. sehen, wer es benutzt und ob er es zus\u00e4tzlich zu den Medikamenten benutzt oder ob er die Einnahme von Medikamenten eingestellt hat usw. Die Ergebnisse sind in der folgenden Tabelle zu sehen. <a title=\"Umfrage 1 - Verwendung von LTO3 bei Menschen mit ADD, ADHD, HSP\" href=\"https:\/\/www.addkenmerken.net\/de\/umfrage-zur-verwendung-von-lto3-bei-menschen-mit-add-adhd-hsp\/\" target=\"_blank\" rel=\"noopener\">hier<\/a> beobachten.<\/p>\n<p>Wenn Sie LTO3 verwenden, bin ich neugierig, inwieweit es Ihnen bereits in Ihrem Leben mit ADS, ADHS oder HSP oder etwas anderem hilft. Verwenden Sie LTO3 bereits neben Medikamenten oder haben Sie die Einnahme von Medikamenten ganz eingestellt? Sind Sie f\u00fcr Naturheilmittel oder m\u00f6chten Sie trotzdem lieber Medikamente einnehmen? Wurden Sie jemals von einem Arzt oder einer Gesundheitseinrichtung empfohlen? Sind Sie vielleicht einfach nur dagegen und verwenden es nicht? Ich h\u00f6re gerne Ihre Erfahrungen, also lassen Sie Ihre Reaktion darauf stehen!<\/p>","protected":false},"excerpt":{"rendered":"<p>Nat\u00fcrliche Hilfe bei Konzentrationsst\u00f6rungen Jahrelange Medikation ist etwas, mit dem viele Eltern und Erwachsene zu k\u00e4mpfen haben - LTO3 bietet in einem Anhang eine nat\u00fcrliche Alternative...<\/p>","protected":false},"author":1,"featured_media":17106,"comment_status":"open","ping_status":"closed","sticky":false,"template":"","format":"standard","meta":{"_kad_post_transparent":"default","_kad_post_title":"default","_kad_post_layout":"default","_kad_post_sidebar_id":"","_kad_post_content_style":"default","_kad_post_vertical_padding":"default","_kad_post_feature":"","_kad_post_feature_position":"","_kad_post_header":false,"_kad_post_footer":false,"_kad_post_classname":"","footnotes":""},"categories":[328,1075,1157],"tags":[5,6,946,1008,968,1009],"class_list":["post-11640","post","type-post","status-publish","format-standard","has-post-thumbnail","hentry","category-lto3-informatie","category-lto3-in-de-krant","category-natuurlijke-behandeling-adhd-add","tag-add","tag-adhd","tag-concentratiestoornissen","tag-lto3-interview","tag-natuurlijk-middel-add-adhd","tag-sander-feith"],"_links":{"self":[{"href":"https:\/\/www.addkenmerken.net\/de\/wp-json\/wp\/v2\/posts\/11640","targetHints":{"allow":["GET"]}}],"collection":[{"href":"https:\/\/www.addkenmerken.net\/de\/wp-json\/wp\/v2\/posts"}],"about":[{"href":"https:\/\/www.addkenmerken.net\/de\/wp-json\/wp\/v2\/types\/post"}],"author":[{"embeddable":true,"href":"https:\/\/www.addkenmerken.net\/de\/wp-json\/wp\/v2\/users\/1"}],"replies":[{"embeddable":true,"href":"https:\/\/www.addkenmerken.net\/de\/wp-json\/wp\/v2\/comments?post=11640"}],"version-history":[{"count":0,"href":"https:\/\/www.addkenmerken.net\/de\/wp-json\/wp\/v2\/posts\/11640\/revisions"}],"wp:featuredmedia":[{"embeddable":true,"href":"https:\/\/www.addkenmerken.net\/de\/wp-json\/wp\/v2\/media\/17106"}],"wp:attachment":[{"href":"https:\/\/www.addkenmerken.net\/de\/wp-json\/wp\/v2\/media?parent=11640"}],"wp:term":[{"taxonomy":"category","embeddable":true,"href":"https:\/\/www.addkenmerken.net\/de\/wp-json\/wp\/v2\/categories?post=11640"},{"taxonomy":"post_tag","embeddable":true,"href":"https:\/\/www.addkenmerken.net\/de\/wp-json\/wp\/v2\/tags?post=11640"}],"curies":[{"name":"wp","href":"https:\/\/api.w.org\/{rel}","templated":true}]}}