{"id":1212,"date":"2014-02-21T09:00:07","date_gmt":"2014-02-21T08:00:07","guid":{"rendered":"http:\/\/www.addkenmerken.net\/blog\/?p=1212"},"modified":"2020-09-01T12:01:56","modified_gmt":"2020-09-01T10:01:56","slug":"bilddenken-und-wortdenken","status":"publish","type":"post","link":"https:\/\/www.addkenmerken.net\/de\/beelddenken-en-woorddenken\/","title":{"rendered":"Visuelles Denken vs. Wortdenken"},"content":{"rendered":"<aside class=\"mashsb-container mashsb-main mashsb-stretched\"><div class=\"mashsb-box\"><div class=\"mashsb-buttons\"><a class=\"mashicon-facebook mash-large mash-center mashsb-noshadow\" href=\"https:\/\/www.facebook.com\/sharer.php?u=https%3A%2F%2Fwww.addkenmerken.net%2Fde%2Fbeelddenken-en-woorddenken%2F%3Futm_source%3Dsharebuttons%26utm_medium%3Dfacebook%26utm_campaign%3Dmashshare\" target=\"_top\" rel=\"nofollow\"><span class=\"icon\"><\/span><span class=\"text\">Teilen Sie<\/span><\/a><a class=\"mashicon-twitter mash-large mash-center mashsb-noshadow\" href=\"https:\/\/twitter.com\/intent\/tweet?text=&amp;url=https:\/\/www.addkenmerken.net\/de\/?p=1212&amp;via=krachtvanADHD\" target=\"_top\" rel=\"nofollow\"><span class=\"icon\"><\/span><span class=\"text\">Zwitschern Sie<\/span><\/a><div class=\"onoffswitch2 mash-large mashsb-noshadow\" style=\"display:none\"><\/div><\/div>\n            <\/div>\n                <div style=\"clear:both\"><\/div><\/aside>\n            <!-- Share buttons by mashshare.net - Version: 4.0.47--><h2>Meine S\u00f6hne mit ADHS und ADD denken in Bildern<strong><br \/>\n<\/strong><\/h2>\n<p>\u00dcber das Wochenende habe ich begonnen, mich tiefer in das Denken in Bildern zu vertiefen. Zum Teil hatte ich dies bereits getan, als mein j\u00fcngster Sohn mit <a title=\"ADHD-Merkmale\" href=\"https:\/\/www.addkenmerken.net\/de\/merkmale-von-adhd\/\" target=\"_blank\" rel=\"nofollow noopener\">ADHD<\/a> war diagnostiziert worden, weil er beim Lesen in der Schule im R\u00fcckstand war, und infolgedessen musste er Gruppe drei wiederholen. Jetzt ist er in Gruppe vier, und er hat einige Fortschritte gemacht. Dies ist zum Teil auf die Medikamente zur\u00fcckzuf\u00fchren, aber es ist immer noch nicht so, wie es sein sollte. Er ist immer noch ein Jahr im R\u00fcckstand beim Lesen, und jetzt ist mein \u00e4ltester Sohn mit <a title=\"HINZUF\u00dcGEN\" href=\"https:\/\/www.addkenmerken.net\/de\/symptome-hinzufugen\/\" target=\"_blank\" rel=\"nofollow noopener\">HINZUF\u00dcGEN<\/a> ...und da ich damals nicht in der Lage war, mich damit zu befassen, werde ich mich jetzt damit befassen.<\/p>\n<p>&nbsp;<\/p>\n<h3>ADD, ADHD und die rechte Hemisph\u00e4re<\/h3>\n<p>Nun scheint es also, dass fast alle ADSler und ADHSler von ihrer rechten Gehirnh\u00e4lfte Gebrauch machen, was bedeutet, dass sie haupts\u00e4chlich in Bildern denken. Das bedeutet, dass sie ein anderes Denksystem haben und deshalb nicht dem gegenw\u00e4rtigen Schulsystem folgen k\u00f6nnen, das haupts\u00e4chlich die linke Hemisph\u00e4re (W\u00f6rter) verwendet, und deshalb zur\u00fcckfallen und oft sogar einen Stillstand auf der Lese-\/Lernebene haben.<\/p>\n<p>Leider sind die Schulen noch nicht f\u00fcr rechts orientierte Kinder eingerichtet, so dass diese Kinder in vielen F\u00e4llen stecken bleiben oder nicht wirklich vorankommen...<\/p>\n<p>F\u00fcr viele Eltern k\u00f6nnte dies ein Punkt sein, der zeigt, warum ihr Kind trotz aller Bem\u00fchungen, die die Schule anbietet, nicht weiter vorankommt, was letztlich zu einer <a title=\"Macht der Legasthenie - Prominente mit Legasthenie\" href=\"https:\/\/www.addkenmerken.net\/de\/kategorie\/legasthenie\/\" target=\"_blank\" rel=\"noopener\">Legasthenie<\/a> Protokoll ins Spiel kommen wird.<\/p>\n<p>&nbsp;<\/p>\n<h3>Was k\u00f6nnen Sie tun?<\/h3>\n<figure id=\"attachment_15043\" aria-describedby=\"caption-attachment-15043\" style=\"width: 302px\" class=\"wp-caption alignright\"><img loading=\"lazy\" decoding=\"async\" class=\"wp-image-15043\" src=\"https:\/\/www.addkenmerken.net\/wp-content\/uploads\/2014\/02\/ik-denk-in-beelden-jij-onderwijst-in-woorden.jpg\" alt=\"BUCH - Ich denke in Bildern, Sie lehren in Worten\" width=\"302\" height=\"455\" title=\"\" srcset=\"https:\/\/www.addkenmerken.net\/wp-content\/uploads\/2014\/02\/ik-denk-in-beelden-jij-onderwijst-in-woorden.jpg 550w, https:\/\/www.addkenmerken.net\/wp-content\/uploads\/2014\/02\/ik-denk-in-beelden-jij-onderwijst-in-woorden-199x300.jpg 199w, https:\/\/www.addkenmerken.net\/wp-content\/uploads\/2014\/02\/ik-denk-in-beelden-jij-onderwijst-in-woorden-300x452.jpg 300w\" sizes=\"auto, (max-width: 302px) 100vw, 302px\"><figcaption id=\"caption-attachment-15043\" class=\"wp-caption-text\">Buch - Ich denke in Bildern, Sie lehren in Worten<\/figcaption><\/figure>\n<p>Als Eltern k\u00f6nnen Sie selbst Ma\u00dfnahmen ergreifen, um damit umzugehen. Es gibt B\u00fccher auf dem Markt, mit denen Sie Ihr Kind unterst\u00fctzen k\u00f6nnen, oder gehen Sie zu einem Coach, der Ihrem Kind dabei helfen kann, so dass seine Talente erkannt werden und Ihr Kind wieder Freude am Lesen eines Buches hat und in die Schule mitkommen kann.<\/p>\n<p>Ein Buch, das ich Ihnen unbedingt empfehlen w\u00fcrde, und das ist:<strong>Ich denke in Bildern, Sie lehren in Worten<\/strong>\", hier werden Sie als Elternteil eines Kindes mit der Diagnose ADS oder ADHS eine v\u00f6llig andere Sicht auf diese Diagnose haben.<\/p>\n<p>Und die '<strong>Arbeitsbuch, ich lerne anders<\/strong>ist ebenfalls sehr zu empfehlen!<\/p>\n<p>Auf jeden Fall hat es mich in die Pflicht genommen, und ich werde sicherlich auch in Zukunft Kindern und Eltern helfen und sie unterst\u00fctzen.<\/p>\n<p>Ich w\u00fcnsche Ihnen viel Freude bei der Lekt\u00fcre und Anerkennung.<\/p>\n<p>Gr\u00fc\u00dfe Lyana<\/p>","protected":false},"excerpt":{"rendered":"<p>Meine S\u00f6hne mit ADHS und ADS denken in Bildern. Ich habe das Wochenende damit verbracht, mich in das Denken in Bildern zu vertiefen. Das hatte ich schon...<\/p>","protected":false},"author":33,"featured_media":17902,"comment_status":"open","ping_status":"closed","sticky":false,"template":"","format":"standard","meta":{"_kad_post_transparent":"default","_kad_post_title":"default","_kad_post_layout":"default","_kad_post_sidebar_id":"","_kad_post_content_style":"default","_kad_post_vertical_padding":"default","_kad_post_feature":"","_kad_post_feature_position":"","_kad_post_header":false,"_kad_post_footer":false,"_kad_post_classname":"","footnotes":""},"categories":[1148,1131,1506,1132,1134,1137,1139],"tags":[5,6,1197,306,23,226,43,1302,538,1489,1490,212],"class_list":["post-1212","post","type-post","status-publish","format-standard","has-post-thumbnail","hentry","category-kinderen-met-addadhd","category-add","category-add-adhd","category-adhd-artikelen","category-beelddenken","category-boeken-tips","category-gastblog-artikelen","tag-add","tag-adhd","tag-beelddenker","tag-boek","tag-brein","tag-dyslexie","tag-hersenen","tag-ik-denk-in-beelden","tag-lezen","tag-woorddenken","tag-woorddenker","tag-woorden"],"_links":{"self":[{"href":"https:\/\/www.addkenmerken.net\/de\/wp-json\/wp\/v2\/posts\/1212","targetHints":{"allow":["GET"]}}],"collection":[{"href":"https:\/\/www.addkenmerken.net\/de\/wp-json\/wp\/v2\/posts"}],"about":[{"href":"https:\/\/www.addkenmerken.net\/de\/wp-json\/wp\/v2\/types\/post"}],"author":[{"embeddable":true,"href":"https:\/\/www.addkenmerken.net\/de\/wp-json\/wp\/v2\/users\/33"}],"replies":[{"embeddable":true,"href":"https:\/\/www.addkenmerken.net\/de\/wp-json\/wp\/v2\/comments?post=1212"}],"version-history":[{"count":0,"href":"https:\/\/www.addkenmerken.net\/de\/wp-json\/wp\/v2\/posts\/1212\/revisions"}],"wp:featuredmedia":[{"embeddable":true,"href":"https:\/\/www.addkenmerken.net\/de\/wp-json\/wp\/v2\/media\/17902"}],"wp:attachment":[{"href":"https:\/\/www.addkenmerken.net\/de\/wp-json\/wp\/v2\/media?parent=1212"}],"wp:term":[{"taxonomy":"category","embeddable":true,"href":"https:\/\/www.addkenmerken.net\/de\/wp-json\/wp\/v2\/categories?post=1212"},{"taxonomy":"post_tag","embeddable":true,"href":"https:\/\/www.addkenmerken.net\/de\/wp-json\/wp\/v2\/tags?post=1212"}],"curies":[{"name":"wp","href":"https:\/\/api.w.org\/{rel}","templated":true}]}}