{"id":1306,"date":"2014-03-04T22:21:15","date_gmt":"2014-03-04T21:21:15","guid":{"rendered":"http:\/\/www.addkenmerken.net\/blog\/?p=1306"},"modified":"2021-03-02T12:46:29","modified_gmt":"2021-03-02T11:46:29","slug":"uber-50-jahrige-und-adhs","status":"publish","type":"post","link":"https:\/\/www.addkenmerken.net\/de\/vijftigplusser-en-adhd\/","title":{"rendered":"Je \u00e4lter, desto verr\u00fcckter |50+ und ADHS!"},"content":{"rendered":"<aside class=\"mashsb-container mashsb-main mashsb-stretched\"><div class=\"mashsb-box\"><div class=\"mashsb-count mash-large\" style=\"float:left\"><div class=\"counts mashsbcount\">632<\/div><span class=\"mashsb-sharetext\">gemeinsame Zeit<\/span><\/div><div class=\"mashsb-buttons\"><a class=\"mashicon-facebook mash-large mash-center mashsb-noshadow\" href=\"https:\/\/www.facebook.com\/sharer.php?u=https%3A%2F%2Fwww.addkenmerken.net%2Fde%2Fvijftigplusser-en-adhd%2F%3Futm_source%3Dsharebuttons%26utm_medium%3Dfacebook%26utm_campaign%3Dmashshare\" target=\"_top\" rel=\"nofollow\"><span class=\"icon\"><\/span><span class=\"text\">Teilen Sie<\/span><\/a><a class=\"mashicon-twitter mash-large mash-center mashsb-noshadow\" href=\"https:\/\/twitter.com\/intent\/tweet?text=&amp;url=https:\/\/www.addkenmerken.net\/de\/?p=1306&amp;via=krachtvanADHD\" target=\"_top\" rel=\"nofollow\"><span class=\"icon\"><\/span><span class=\"text\">Zwitschern Sie<\/span><\/a><div class=\"onoffswitch2 mash-large mashsb-noshadow\" style=\"display:none\"><\/div><\/div>\n            <\/div>\n                <div style=\"clear:both\"><\/div><\/aside>\n            <!-- Share buttons by mashshare.net - Version: 4.0.47--><h2>ADHS bei Erwachsenen<strong><br \/><\/strong><\/h2>\n<p><img loading=\"lazy\" decoding=\"async\" class=\"alignright wp-image-2164\" src=\"https:\/\/www.addkenmerken.net\/wp-content\/uploads\/2014\/02\/adhd-bij-volwassenen1.jpg\" alt=\"ad(h)d bei Erwachsenen\" width=\"242\" height=\"364\" title=\"\">F\u00fcnfzig plus und dann mit ADHS diagnostiziert werden. Nun, was macht das mit Ihnen?<br \/>Vor nicht allzu langer Zeit fragte mich jemand, ob ich jemals getestet wurde auf <a href=\"https:\/\/www.addkenmerken.net\/de\/merkmale-von-adhd\/\">ADHD<\/a>. ADHS? Ist das nicht etwas f\u00fcr Kinder, die an allen Tagen sehr besch\u00e4ftigt sind? Von den springenden B\u00e4llen, die es in der Schule schwer haben? Ich war ruhig, sch\u00fcchtern, zur\u00fcckgezogen, Tagtr\u00e4umerin, hatte wenig Freunde, eine Au\u00dfenseiterin. Einer mit viel Phantasie und einem temperamentvollen Charakter, das ist alles. Ein Rumpelarsch: \"Gut, dass dein Hintern an dir klebt, sonst verlierst du ihn auch\" und eine Blechpfanne: \"so hei\u00df und wieder so kalt\", ein \"Gew\u00fcrzruder-ich-nicht\".<\/p>\n<p>Als ich aufwuchs, habe ich mich oft gefragt, warum ich solche Schwierigkeiten hatte, etwas zu Ende zu bringen. So viele halbe Pullover und unfertige Handarbeiten, denn ja, ein anderes Muster und eine andere Farbe waren immer sch\u00f6ner. Als ich das Haus bemalte, war die Farbe nicht mehr im Laden erh\u00e4ltlich, w\u00e4hrend noch ein ganzes St\u00fcck Wand und Decke \u00fcbrig war. Ich habe meinen eigenen Blog mehrmals wiederbelebt, woraufhin er nach ein paar Geschichten leise verblutete. Meine eigene kleine Firma spielt in meinem Kopf weiter.<\/p>\n<p>Und ich sehe wirklich den Sinn des Aufr\u00e4umens, aber ich habe Schr\u00e4nke schon immer gehasst. Egal wie 'ordentlich' ich versuche, sie zu arrangieren, es f\u00e4llt immer etwas heraus. Ich habe gro\u00dfe M\u00fche, Dinge wegzuwerfen, und das Aufr\u00e4umen bedeutet normalerweise, dass man sie umherbewegt, in einem verzweifelten Versuch, sie zu organisieren.<\/p>\n<p>Vor einigen Jahren entdeckte ich <a title=\"Visuelles Denken\" href=\"https:\/\/www.addkenmerken.net\/de\/blog\/bilddenken-und-wortdenken\/\">Bild-Denker<\/a> war eigentlich der Szenario-Typ. Deshalb haben mich die Leute nicht verstanden, wenn ich versucht habe, ihnen etwas zu erz\u00e4hlen, und deshalb war in meinem Kopf so viel los. Szene-Denker sehen viele Bilder zur gleichen Zeit, die sie alle in Informationen umwandeln m\u00fcssen, las ich. Szenarien-Denker sind mit ihren Gedanken den anderen immer ein paar Schritte voraus. Mein Kopf ist immer voll. Ich f\u00fchle mich oft aufgew\u00fchlt und unruhig, weil es so viele interessante Dinge zu tun gibt und die Uhr des Lebens gnadenlos tickt. Aber ich werde genauso oft dabei erwischt, wie ich auf der Couch herumh\u00e4nge, um nichts zu tun. Nur weil ich nicht wei\u00df, was ich zuerst tun werde.<\/p>\n<p>Ein Test bei der Arbeit zeigte, dass ich ein Pionier war, jemand, der gerne neue Dinge tat und Probleme mit Routinearbeiten hatte. Und in der Tat hatte ich Probleme mit langfristigen Projekten, brauchte Termine, war den politischen Entscheidungstr\u00e4gern fremd, versuchte, Sitzungen zu vermeiden oder, mit einer Entschuldigung, fr\u00fchzeitig zu gehen. Aber wenn es einen Job gab, der mir gefiel, hatte ich kein Problem damit, zu Hause bis sp\u00e4t in die Nacht daran zu arbeiten.<\/p>\n<p>Dann wurde ich arbeitslos, und mein Karriere-Coach sagte mir, dass ich Probleme habe, mich zu konzentrieren, einen Rahmen abzustecken und Priorit\u00e4ten zu setzen. Meine Kinder sind zu Heranwachsenden herangewachsen, und Sozialarbeiter haben mich dabei erwischt, wie ich ihnen zu wenig Struktur, Inkonsequenz und keine Grenzen bot. Ich verlor die Kontrolle \u00fcber meine Familie, \u00fcber mein Leben. Meine Stimmungsschwankungen waren Anlass, einen psychologischen Test durchzuf\u00fchren, und voila: Diagnose <a title=\"Verschiedene Arten von ADHS\" href=\"https:\/\/www.addkenmerken.net\/de\/unterschiede-ahnlichkeiten-add-adhd-hsp\/\" target=\"_blank\" rel=\"nofollow noopener\">ADHD - C, (kombinierter Typ)<\/a>.<\/p>\n<p>Ich empfinde die Diagnose nicht als Krankheit, aber es gibt viele Quartiere. Seit Ende letzten Jahres nehme ich Medikamente (Ritalin) ein. Ich f\u00fchle mich ruhiger, fr\u00f6hlicher und meine Wutanf\u00e4lle sind abgeklungen. Ich bemerke (noch) keine Auswirkungen auf die Konzentration. Letzte Woche habe ich einen Kurs ADHS f\u00fcr Erwachsene begonnen. Was wird mir das bringen? Ich habe nicht die Illusion, dass ich eines Tages in der Lage sein werde, mit dem Chaos fertig zu werden, und ich wei\u00df auch, dass ich das \u00fcberhaupt nicht will. Dieses Chaos geh\u00f6rt zu mir, Struktur und Routine machen mir Angst. Aber jetzt, da ich ein wenig mehr \u00fcber ADHS wei\u00df, kann ich wenigstens etwas tun, um das Leben der Menschen um mich herum etwas \"ertr\u00e4glicher\" zu machen.<\/p>\n<p>Alie Engl\u00e4nder<\/p>\n\n\n<div class=\"wp-block-uagb-marketing-button uagb-marketing-btn__outer-wrap uagb-marketing-btn__align-center uagb-marketing-btn__align-text-center uagb-marketing-btn__icon-before\" id=\"uagb-marketing-btn-bc07d9fd-afab-465d-bd82-96e12407b527\"><div class=\"uagb-marketing-btn__wrap\"><a href=\"https:\/\/www.addkenmerken.net\/de\/kategorie\/lebensgeschichten\/\" class=\"uagb-marketing-btn__link\" target=\"\" rel=\"noopener \"><div class=\"uagb-marketing-btn__title-wrap\"><h6 class=\"uagb-marketing-btn__title\">Sehen Sie hier alle eingereichten Lebensgeschichten<\/h6><\/div><div class=\"uagb-marketing-btn__prefix-wrap\"><p class=\"uagb-marketing-btn__prefix\"><\/p><\/div><\/a><\/div><\/div>","protected":false},"excerpt":{"rendered":"<p>ADHS bei Erwachsenen, die \u00e4lter als 50 Jahre alt sind und dann mit ADHS diagnostiziert werden. Vor nicht allzu langer Zeit hat mich jemand gefragt...<\/p>","protected":false},"author":34,"featured_media":13269,"comment_status":"open","ping_status":"closed","sticky":false,"template":"","format":"standard","meta":{"_kad_post_transparent":"","_kad_post_title":"","_kad_post_layout":"","_kad_post_sidebar_id":"","_kad_post_content_style":"","_kad_post_vertical_padding":"","_kad_post_feature":"","_kad_post_feature_position":"","_kad_post_header":false,"_kad_post_footer":false,"_kad_post_classname":"","footnotes":""},"categories":[1162,1506,1132,1139,552],"tags":[5,6,1197,1218,469,70,1272,1280,1377,1386,1391,1420,611,1445,1468],"class_list":["post-1306","post","type-post","status-publish","format-standard","has-post-thumbnail","hentry","category-volwassenen-met-add-adhd","category-add-adhd","category-adhd-artikelen","category-gastblog-artikelen","category-levensverhalen","tag-add","tag-adhd","tag-beelddenker","tag-buitenbeentje","tag-chaos","tag-diagnose","tag-fantasie","tag-focussen","tag-opvliegend-karakter","tag-pionier","tag-prioriteiten","tag-routineklusjes","tag-structuur","tag-teruggetrokken","tag-verlegen"],"_links":{"self":[{"href":"https:\/\/www.addkenmerken.net\/de\/wp-json\/wp\/v2\/posts\/1306","targetHints":{"allow":["GET"]}}],"collection":[{"href":"https:\/\/www.addkenmerken.net\/de\/wp-json\/wp\/v2\/posts"}],"about":[{"href":"https:\/\/www.addkenmerken.net\/de\/wp-json\/wp\/v2\/types\/post"}],"author":[{"embeddable":true,"href":"https:\/\/www.addkenmerken.net\/de\/wp-json\/wp\/v2\/users\/34"}],"replies":[{"embeddable":true,"href":"https:\/\/www.addkenmerken.net\/de\/wp-json\/wp\/v2\/comments?post=1306"}],"version-history":[{"count":0,"href":"https:\/\/www.addkenmerken.net\/de\/wp-json\/wp\/v2\/posts\/1306\/revisions"}],"wp:featuredmedia":[{"embeddable":true,"href":"https:\/\/www.addkenmerken.net\/de\/wp-json\/wp\/v2\/media\/13269"}],"wp:attachment":[{"href":"https:\/\/www.addkenmerken.net\/de\/wp-json\/wp\/v2\/media?parent=1306"}],"wp:term":[{"taxonomy":"category","embeddable":true,"href":"https:\/\/www.addkenmerken.net\/de\/wp-json\/wp\/v2\/categories?post=1306"},{"taxonomy":"post_tag","embeddable":true,"href":"https:\/\/www.addkenmerken.net\/de\/wp-json\/wp\/v2\/tags?post=1306"}],"curies":[{"name":"wp","href":"https:\/\/api.w.org\/{rel}","templated":true}]}}