{"id":1328,"date":"2014-02-23T10:14:11","date_gmt":"2014-02-23T09:14:11","guid":{"rendered":"http:\/\/www.addkenmerken.net\/blog\/?p=1328"},"modified":"2020-09-02T15:44:00","modified_gmt":"2020-09-02T13:44:00","slug":"gibt-es-adhd-und-add","status":"publish","type":"post","link":"https:\/\/www.addkenmerken.net\/de\/bestaat-adhd-en-add\/","title":{"rendered":"Gibt es ADS und ADHS wirklich?"},"content":{"rendered":"<aside class=\"mashsb-container mashsb-main mashsb-stretched\"><div class=\"mashsb-box\"><div class=\"mashsb-count mash-large\" style=\"float:left\"><div class=\"counts mashsbcount\">62<\/div><span class=\"mashsb-sharetext\">gemeinsame Zeit<\/span><\/div><div class=\"mashsb-buttons\"><a class=\"mashicon-facebook mash-large mash-center mashsb-noshadow\" href=\"https:\/\/www.facebook.com\/sharer.php?u=https%3A%2F%2Fwww.addkenmerken.net%2Fde%2Fbestaat-adhd-en-add%2F%3Futm_source%3Dsharebuttons%26utm_medium%3Dfacebook%26utm_campaign%3Dmashshare\" target=\"_top\" rel=\"nofollow\"><span class=\"icon\"><\/span><span class=\"text\">Teilen Sie<\/span><\/a><a class=\"mashicon-twitter mash-large mash-center mashsb-noshadow\" href=\"https:\/\/twitter.com\/intent\/tweet?text=&amp;url=https:\/\/www.addkenmerken.net\/de\/?p=1328&amp;via=krachtvanADHD\" target=\"_top\" rel=\"nofollow\"><span class=\"icon\"><\/span><span class=\"text\">Zwitschern Sie<\/span><\/a><div class=\"onoffswitch2 mash-large mashsb-noshadow\" style=\"display:none\"><\/div><\/div>\n            <\/div>\n                <div style=\"clear:both\"><\/div><\/aside>\n            <!-- Share buttons by mashshare.net - Version: 4.0.47--><h2><strong>Welchen Sinn hat die Etikettierung?<\/strong><\/h2>\n<figure id=\"attachment_15346\" aria-describedby=\"caption-attachment-15346\" style=\"width: 396px\" class=\"wp-caption alignright\"><img loading=\"lazy\" decoding=\"async\" class=\"wp-image-15346\" src=\"https:\/\/www.addkenmerken.net\/wp-content\/uploads\/2014\/02\/ADD-ADHD-label-stempel.jpg\" alt=\"Warum ein Etikett mit dem ADD- und ADHD-Stempel\" width=\"396\" height=\"238\" title=\"\"><figcaption id=\"caption-attachment-15346\" class=\"wp-caption-text\">Warum den Stempel ADD oder ADHD geben?<\/figcaption><\/figure>\n<p>Eine Frage, \u00fcber die es viel zu streiten gibt. Manche Leute halten es f\u00fcr notwendig, Menschen, die \"unterschiedliche Verhaltensweisen\" zeigen, zu etikettieren, um sie so einordnen zu k\u00f6nnen. Andere Leute sagen: 'Es ist ein Teil der Kreatur selbst', und daran ist nichts auszusetzen! Aber was ist das letztendliche Ziel der <a href=\"https:\/\/www.addkenmerken.net\/de\/vorsichtig-mit-der-adhd-diagnose\/\">Etiketten<\/a> Ich frage mich also? Man w\u00fcrde sagen, es soll den Menschen helfen, das soziale Leben wieder in Gang zu bringen.<\/p>\n<p>Ich selbst treffe manchmal auf Leute, die den Begriff <a title=\"HINZUF\u00dcGEN\" href=\"https:\/\/www.addkenmerken.net\/de\/symptome-hinzufugen\/\" target=\"_blank\" rel=\"nofollow noopener\">HINZUF\u00dcGEN<\/a> oder <a title=\"ADHD\" href=\"https:\/\/www.addkenmerken.net\/de\/merkmale-von-adhd\/\" target=\"_blank\" rel=\"nofollow noopener\">ADHD<\/a> als Vorwand, sich in Situationen des Unverst\u00e4ndnisses zu entschuldigen. V\u00f6llig unn\u00f6tig, w\u00fcrde ich sagen! Meiner Meinung nach handelt es sich eher um eine Ignoranz gegen\u00fcber der Person, die sie ernennt und die mit dem Verhalten nicht umgehen kann. In einer solchen Situation geht es darum, einander besser zu verstehen und mit dem Tag weiterzumachen. Aber ich bin auch jemand, der das Etikett vor langer Zeit erhalten hat, und deshalb hatte (brauchte) ich lange Zeit, um es zu platzieren.<\/p>\n<p>Was mich aber st\u00f6rt, ist, dass daf\u00fcr ein Begriff verwendet werden muss. Wenn das einmal geschehen ist, ist es, als w\u00fcrde man einen Teil von sich selbst verleugnen, ihn auf Distanz setzen. Und dann ist man nur noch weiter von zu Hause entfernt. W\u00e4hrend man gerade dann, wenn man das Gef\u00fchl hat, sich anpassen zu m\u00fcssen, weil ein bestimmtes Verhalten nicht akzeptiert wird, nicht davor weglaufen, sondern sich damit auseinandersetzen will. Aber dann kann die kleine Stimme in Ihrem Kopf auftauchen: \"Sie m\u00fcssen sich in die Gruppe einf\u00fcgen\", \"Sie m\u00fcssen andere dazu bringen, Sie zu m\u00f6gen und zu verstehen\", \"Erfolg ist wichtig\" usw.<\/p>\n<p>Am Ende wird es niemandem besser gehen, wenn Sie sich ergeben. Denn wenn Sie sich anpassen, geben Sie nicht die Energie auf, die Sie geben k\u00f6nnen, und die Person, f\u00fcr die Sie das tun, hat auf diese Weise nichts mit Ihnen zu tun. Jetzt ist es leichter gesagt als getan, denn wenn Sie sich nicht anpassen, werden Sie eine Menge Hass bekommen und Sie werden stark in Ihren Schuhen stehen m\u00fcssen. Erst am Ende des Tages kann man sich selbst direkt in die Augen sehen und sagen: \"Ich habe mein Bestes getan\". Meiner Meinung nach ist es das, was auf lange Sicht \u00fcberleben wird, und nicht die Zustimmung der anderen, denn das verschwindet genauso schnell wie der Wind, und dann kann man wieder ganz von vorne anfangen.<\/p>\n<p>Um also die Frage zu beantworten: 'Existiert AD(H)D?<\/p>\n<p>Sie existiert so lange, wie Sie glauben, dass sie existiert (positiv oder negativ).<\/p>","protected":false},"excerpt":{"rendered":"<p>Welchen Sinn hat die Etikettierung? Es ist eine Frage, die umstritten ist. Einige Leute denken, es sei notwendig, dass Menschen diese \"andere Art\" von Verhalten haben...<\/p>","protected":false},"author":36,"featured_media":15346,"comment_status":"open","ping_status":"closed","sticky":false,"template":"","format":"standard","meta":{"_kad_post_transparent":"default","_kad_post_title":"default","_kad_post_layout":"default","_kad_post_sidebar_id":"","_kad_post_content_style":"default","_kad_post_vertical_padding":"default","_kad_post_feature":"","_kad_post_feature_position":"","_kad_post_header":false,"_kad_post_footer":false,"_kad_post_classname":"","footnotes":""},"categories":[1506,1131,1132,1139,1162],"tags":[5,6,1203,1204],"class_list":["post-1328","post","type-post","status-publish","format-standard","has-post-thumbnail","hentry","category-add-adhd","category-add","category-adhd-artikelen","category-gastblog-artikelen","category-volwassenen-met-add-adhd","tag-add","tag-adhd","tag-bestaat-add","tag-bestaat-adhd"],"_links":{"self":[{"href":"https:\/\/www.addkenmerken.net\/de\/wp-json\/wp\/v2\/posts\/1328","targetHints":{"allow":["GET"]}}],"collection":[{"href":"https:\/\/www.addkenmerken.net\/de\/wp-json\/wp\/v2\/posts"}],"about":[{"href":"https:\/\/www.addkenmerken.net\/de\/wp-json\/wp\/v2\/types\/post"}],"author":[{"embeddable":true,"href":"https:\/\/www.addkenmerken.net\/de\/wp-json\/wp\/v2\/users\/36"}],"replies":[{"embeddable":true,"href":"https:\/\/www.addkenmerken.net\/de\/wp-json\/wp\/v2\/comments?post=1328"}],"version-history":[{"count":0,"href":"https:\/\/www.addkenmerken.net\/de\/wp-json\/wp\/v2\/posts\/1328\/revisions"}],"wp:featuredmedia":[{"embeddable":true,"href":"https:\/\/www.addkenmerken.net\/de\/wp-json\/wp\/v2\/media\/15346"}],"wp:attachment":[{"href":"https:\/\/www.addkenmerken.net\/de\/wp-json\/wp\/v2\/media?parent=1328"}],"wp:term":[{"taxonomy":"category","embeddable":true,"href":"https:\/\/www.addkenmerken.net\/de\/wp-json\/wp\/v2\/categories?post=1328"},{"taxonomy":"post_tag","embeddable":true,"href":"https:\/\/www.addkenmerken.net\/de\/wp-json\/wp\/v2\/tags?post=1328"}],"curies":[{"name":"wp","href":"https:\/\/api.w.org\/{rel}","templated":true}]}}