{"id":16406,"date":"2019-09-18T17:25:46","date_gmt":"2019-09-18T15:25:46","guid":{"rendered":"https:\/\/www.addkenmerken.net\/?p=16406"},"modified":"2020-09-01T11:37:09","modified_gmt":"2020-09-01T09:37:09","slug":"von-der-unordnung-zur-supermacht","status":"publish","type":"post","link":"https:\/\/www.addkenmerken.net\/de\/van-stoornis-naar-superkracht\/","title":{"rendered":"Mein Leben mit ADS... Von der Unordnung zur St\u00e4rke"},"content":{"rendered":"<aside class=\"mashsb-container mashsb-main mashsb-stretched\"><div class=\"mashsb-box\"><div class=\"mashsb-count mash-large\" style=\"float:left\"><div class=\"counts mashsbcount\">262<\/div><span class=\"mashsb-sharetext\">gemeinsame Zeit<\/span><\/div><div class=\"mashsb-buttons\"><a class=\"mashicon-facebook mash-large mash-center mashsb-noshadow\" href=\"https:\/\/www.facebook.com\/sharer.php?u=https%3A%2F%2Fwww.addkenmerken.net%2Fde%2Fvan-stoornis-naar-superkracht%2F%3Futm_source%3Dsharebuttons%26utm_medium%3Dfacebook%26utm_campaign%3Dmashshare\" target=\"_top\" rel=\"nofollow\"><span class=\"icon\"><\/span><span class=\"text\">Teilen Sie<\/span><\/a><a class=\"mashicon-twitter mash-large mash-center mashsb-noshadow\" href=\"https:\/\/twitter.com\/intent\/tweet?text=&amp;url=https:\/\/www.addkenmerken.net\/de\/?p=16406&amp;via=krachtvanADHD\" target=\"_top\" rel=\"nofollow\"><span class=\"icon\"><\/span><span class=\"text\">Zwitschern Sie<\/span><\/a><div class=\"onoffswitch2 mash-large mashsb-noshadow\" style=\"display:none\"><\/div><\/div>\n            <\/div>\n                <div style=\"clear:both\"><\/div><\/aside>\n            <!-- Share buttons by mashshare.net - Version: 4.0.47-->\n\n<figure><img loading=\"lazy\" decoding=\"async\" class=\"alignright\" src=\"https:\/\/www.addkenmerken.net\/wp-content\/uploads\/2019\/08\/DSCF6322-1-768x576.jpg\" sizes=\"auto, (max-width: 768px) 100vw, 768px\" srcset=\"https:\/\/www.addkenmerken.net\/wp-content\/uploads\/2019\/08\/DSCF6322-1-768x576.jpg 768w, https:\/\/www.addkenmerken.net\/wp-content\/uploads\/2019\/08\/DSCF6322-1-300x225.jpg 300w, https:\/\/www.addkenmerken.net\/wp-content\/uploads\/2019\/08\/DSCF6322-1-1024x768.jpg 1024w\" alt=\"Mein Leben mit ADS - Thiska van den Heuvel\" width=\"340\" height=\"255\" title=\"\"><\/figure>\n<h2>Ich und mein ADD-Label<\/h2>\n<p><b>2011 begann ein neuer Lebensabschnitt: Ich war im Abschlussjahr an der (Mode-)Kunstakademie und wurde mit ADS diagnostiziert. Das Label ADD half und erkl\u00e4rte viel, aber ich lie\u00df mich dadurch auch besonders verunsichern. Ich sah eine Reihe von R\u00fcckschl\u00e4gen voraus, denn das, was mir an mir selbst immer schwer gefallen war, w\u00fcrde anscheinend nie verschwinden.<\/b><\/p>\n<p>Nach dem Abschluss sollte nat\u00fcrlich das 'richtige' Leben beginnen. Ich war hart, aber ich hatte keine Ahnung, was ich wollte, traute mich nirgendwo anzumelden aus Angst, 'durch die Maschen zu fallen'. Ich war nicht spezialisiert genug (dachte ich) und hatte Angst, dass ich, wenn ich einmal irgendwo eingestellt wurde, zu schnell demotiviert sein oder Fehler machen w\u00fcrde (Angst vor Ablehnung \u00fcberall). Also arbeitete ich weiter in der Kneipe als Basis und aus dem Gedanken heraus, eine Ablehnung zu vermeiden, meldete ich mich als ZZP'er an. Ein ziemlich logischer Schritt, wenn man nicht wei\u00df, was man will, oder?<\/p>\n<h3>&nbsp;<\/h3>\n<h3>Arbeit und Reisen<\/h3>\n<p>Zum Gl\u00fcck, als ich merkte, dass ich solche Auftr\u00e4ge nicht bekommen konnte, kam das Modeln auf mich zu. Ich reiste in die europ\u00e4ischen Gro\u00dfst\u00e4dte, um zu arbeiten. Absolut kein fetter Topf und manchmal ziemlich stressig, aber ich hatte eine Unterkunft, Essen, Freunde, ich konnte in Clubs ausgehen, ohne Geld auszugeben und ich liebte es, allein durch diese St\u00e4dte zu laufen, Museen zu besuchen und auf Parkb\u00e4nken zu zeichnen und Leute zu beobachten. Au\u00dferdem diese Verbindung mit der Modewelt (Networking!) und es schien, als h\u00e4tte ich das fette Recht f\u00fcr die Leute zu Hause. Reisendes Model, cool oder? ;)<\/p>\n<p>In der Zwischenzeit nagte es immer noch an mir, dass ich etwas mit diesem Studium zu tun hatte, ich erz\u00e4hlte den Leuten immer noch, dass ich eines Tages wirklich Modedesignerin werden w\u00fcrde, da ich wusste, dass ich das nicht wirklich wollte.<\/p>\n<h3>&nbsp;<\/h3>\n<h3>Folge meinem Herzen<\/h3>\n<p>Im Jahr 2013 erwies sich mein Vater als todkrank, und das brachte mich dazu, nicht mehr zur Arbeit zu fahren. Ich kehrte zur\u00fcck, um in den Niederlanden zu arbeiten: als Kellnerin, Barfrau, N\u00e4hlehrerin und gelegentlich als Model. Es gab eine Zeit, in der ich nicht \u00fcber die Runden kam, die Miete nicht bezahlen konnte und zu meiner Mutter zog. Ziemlich entt\u00e4uschend, aber es gab mir den Raum, um dar\u00fcber nachzudenken, was ich als n\u00e4chstes tun sollte. Ich mochte nie wirklich planen, und ich wusste, dass \"meinem Herzen zu folgen\" der richtige Weg war, aber jetzt wurde mir klar, dass ich in den letzten Jahren nicht diesem Herzen gefolgt war und haupts\u00e4chlich auf andere geh\u00f6rt hatte.<\/p>\n<p>Pl\u00f6tzlich kam etwas ins Rollen. Durch einen Freund kam ich zur\u00fcck in die Gro\u00dfstadt. Sein Arbeitgeber zog in ein Anti-Squat-Firmengeb\u00e4ude, zu dem ich Zugang hatte. Es kostete mich fast nichts, ich hatte genug eigenen Platz und es ging mir so viel besser f\u00fcr die Arbeit, die ich von Zeit zu Zeit hatte. Dann, ob Sie es glauben oder nicht, verliebte ich mich in meinen Mitbewohner. Wir hatten eine Beziehung, ich bekam einen netten Job in einem Bekleidungsgesch\u00e4ft und wir kauften eine Katze. Ja, bam, Stabilit\u00e4t!<\/p>\n<p><\/p>\n<blockquote>\n<p><strong>Ich will nicht sagen, dass sich mein Leben seit dieser ersten Sitzung v\u00f6llig ver\u00e4ndert hat, aber als ich von ihr wegging, herrschte die Erkenntnis vor: 'Alles ist OK! Wie kommt es, dass ich vorher nie gesehen habe, wie OK alles ist?<\/strong><\/p>\n<\/blockquote>\n<h2>&nbsp;<\/h2>\n<h2>Die Wende in meinem Leben durch Access Bars<\/h2>\n<p>Das war auch die Zeit, in der ich meine erste Access Bars-Sitzung hatte, eine Behandlung, die von Gary Douglas von Access Consciousness\u2122 entwickelt wurde. Eine gute Freundin von mir hatte gerade damit begonnen, und nach ihren Erz\u00e4hlungen \u00fcber all die m\u00f6glichen Auswirkungen, die dies auf einen Menschen haben k\u00f6nnte, war ich neugierig.<\/p>\n<p>Es bedeutete, dass ich mich einfach hinlegen musste und sie meinen Kopf sanft mit ihren Fingerspitzen ber\u00fchrte. 90 Minuten. Diese Ber\u00fchrung w\u00fcrde es mir erm\u00f6glichen, die begrenzenden Muster in mir loszulassen. Nicht alles auf einmal, aber in jeder Sitzung w\u00fcrde ich \"leichter\" sein. Ich hatte einen ziemlich gro\u00dfen Rucksack, der etwas leichter sein konnte, ein Gehirn, das sich \u00fcber die Spitzenzeiten drehte, und meine erste Sitzung mit ihr war frei, so dass die Wahl schnell getroffen war.<\/p>\n<h3>&nbsp;<\/h3>\n<h3>Es ist alles in Ordnung.<\/h3>\n<p>Ich will nicht sagen, dass sich mein Leben von dieser ersten Sitzung an v\u00f6llig ver\u00e4ndert hat. Aber als ich nach der Bars-Sitzung von ihr wegging, war das Gef\u00fchl, das vorherrschte: \"Alles ist OK! Wie kommt es, dass ich vorher nie gesehen habe, wie OK alles ist?!\" Ich erlebte so viel Ruhe und Frieden und Raum in meinem Kopf, es gab nichts Negatives, das mich festgehalten hat. In dieser Nacht habe ich tief und lange geschlafen und bin l\u00e4chelnd aufgewacht. Ich wei\u00df nicht mehr, wie lange dieses Gef\u00fchl in dieser Woche anhielt. Aber jetzt, unz\u00e4hlige weitere Sitzungen sp\u00e4ter, kann ich sagen, dass dieses Gef\u00fchl eine Wahl ist. Es war immer eine Wahl, aber vorher war ich mir dessen einfach nicht bewusst. Dabei helfen mir die Bars und die Tools von Access\u2122; sie machen mir bewusster, wer ich bin und wer ich sein kann, was ich mir wirklich w\u00fcnsche und welche M\u00f6glichkeiten mir zur Verf\u00fcgung stehen, um dies zu erreichen.<\/p>\n<p>Die Vorstellung, dass ich erst etwas sein oder haben musste, um etwas zu verdienen, ist einfach nicht mehr meine Realit\u00e4t. Es geht mir immer weniger darum, wer ich nach den Realit\u00e4ten der anderen sein sollte. Ich kann alles tun, solange ich in dem Wissen ruhe, dass es immer eine Wahl gibt. Dass jede Wahl etwas schafft und dass ich nicht die Kontrolle \u00fcber die Ereignisse habe, sondern \u00fcber das, was ich w\u00e4hle. Meine Gedanken, meine Handlungen, meine Reaktionen, in jedem Bereich; Wahl. F\u00fcr mich umfasst diese Wissenschaft die wahre Bedeutung von Reichtum.<\/p>\n<p><\/p>\n<blockquote>\n<p><strong>Dass die meisten Menschen immer noch nicht verstehen, wie sie mit \"uns\" umgehen sollen, damit alles einfacher und besser wird, ist nur eine Frage der Zeit.<\/strong><\/p>\n<\/blockquote>\n<h3>&nbsp;<\/h3>\n<h3>Das Potenzial meines ADS-Hirns<\/h3>\n<p>Heutzutage sage ich den Leuten selten, dass ich <a href=\"https:\/\/www.addkenmerken.net\/de\/symptome-hinzufugen\/\">HINZUF\u00dcGEN<\/a> haben. Es ist nicht mehr so relevant. Verstehen Sie mich nicht falsch, ich liebe es, weil ich gesehen habe, wozu ich aufgrund dieses ADS-Hirns f\u00e4hig bin. ADD, <a style=\"font-size: 16px; background-color: #ffffff;\" href=\"https:\/\/www.addkenmerken.net\/de\/merkmale-von-adhd\/\">ADHD<\/a>, <a style=\"font-size: 16px; background-color: #ffffff;\" href=\"https:\/\/www.addkenmerken.net\/de\/hochsensible-person-hsp\/\">HSP<\/a> und alles auf dem autistischen Spektrum sehe ich als Superkr\u00e4fte. Und es gibt immer mehr von uns! Die Tatsache, dass die meisten Menschen immer noch nicht verstehen, wie sie mit 'uns' umgehen sollen, so dass alles einfacher und topper wird, ist nur eine Frage der Zeit. Die Sache ist die, dass ich den Begriff fr\u00fcher benutzt habe, um zu erkl\u00e4ren, warum ich etwas nicht richtig hinbekommen habe oder einen Fehler gemacht habe. Fr\u00fcher habe ich mich hinter dem ADS versteckt, so dass ich mich viel zu sehr auf das konzentriert habe, was nicht funktioniert hat und mich deshalb eingesperrt habe. Es st\u00f6rt mich nicht mehr und ist deshalb f\u00fcr mich nicht mehr relevant. Es gibt jetzt Platz f\u00fcr mein Potential und ich bin immer mehr bereit, Fehler zu machen\/zu wissen, falsch zu liegen und zuzugeben, dass etwas nicht funktioniert. Hallo unendliche M\u00f6glichkeiten!<\/p>\n<p><\/p>\n<h3>Praktiker f\u00fcr Zugangssperren<\/h3>\n<p><img loading=\"lazy\" decoding=\"async\" class=\"alignright\" src=\"https:\/\/www.addkenmerken.net\/wp-content\/uploads\/2019\/08\/b3c7414c-bf91-4bc2-8b20-580efc757eb9.jpg\" alt=\"Praktiker f\u00fcr Zugangsbars - Thiska van den Heuvel\" width=\"230\" height=\"222\" title=\"\">Ich bin selbst seit 5 Jahren Access Bars Practitioner und gebe auch alle m\u00f6glichen anderen energetischen K\u00f6rperbehandlungen und Tools von Access Consciousness\u2122. Es ist das Letzte, was ich mir bei meinem Abschluss 2011 als etwas vorstellen konnte, mit dem ich mein Geld verdienen k\u00f6nnte. Aber es ist das gr\u00f6\u00dfte Geschenk, das ich mir je selbst gemacht habe. Ich habe keine Angst mehr vor der Zukunft. Nur noch Neugier und Aufregung, wie kurz vor der neuen Achterbahn, auf der Sie sich befinden. Woohoo! Was ist sonst noch m\u00f6glich?<\/p>\n<p><\/p>\n<h3>In Ordnung, Zugriff auf Bars\u2122... Etwas mehr Erkl\u00e4rung vielleicht?<\/h3>\n<p><img loading=\"lazy\" decoding=\"async\" class=\"alignleft\" src=\"https:\/\/www.addkenmerken.net\/wp-content\/uploads\/2019\/08\/atom-structure.jpg\" alt=\"Energie-Molek\u00fcl\" width=\"323\" height=\"206\" title=\"\">Vielleicht sollte ich damit beginnen, zu erkl\u00e4ren, was wir unter dem Begriff Energie verstehen, denn das ist der wesentliche Aspekt der Behandlung. Die Wissenschaft sagt uns, dass alles Energie ist. Das, was lebendig ist, aber auch das, was nicht lebendig zu sein scheint und der leere Raum dazwischen (der also nicht wirklich leer ist). Alles besteht aus Molek\u00fclen, die wiederum aus Atomen &gt; Elektronen &gt; Neutronen &gt; Protonen bestehen. Wir k\u00f6nnen diese Molek\u00fcle als Schwingung wahrnehmen. Energie ist im Grunde alles, was eine Schwingung\/Frequenz hat. Und das ist eh, ALLES.<\/p>\n<p>Wir beeinflussen diese Energie fortw\u00e4hrend mit dem, was wir essen, atmen, ber\u00fchren, h\u00f6ren und sehen, aber auch mit dem, was wir denken und f\u00fchlen und welche Bedeutung wir bestimmten Dingen geben. Inzwischen haben mehrere Studien und Forschungen dies gezeigt. Wir beginnen, dies aus wissenschaftlicher Sicht zu verstehen. Haben Sie schon einmal von dem Projekt \"Bully a Plant\" geh\u00f6rt? Es zeigte die Wirkung von Mobbing. Zwei gleiche Pflanzen, die gleiche Menge Wasser und Sonne und die gleiche Atmosph\u00e4re. Pflanze A erh\u00e4lt 30 Tage lang liebevolle Worte, Pflanze B erh\u00e4lt diese 30 Tage lang verletzende, verletzende Worte. Pflanze A bl\u00fcht reichlich, Pflanze B geht verloren und zeigt Verfall. Die Energie der Worte hat die Zellen und Molek\u00fcle der Pflanze beeinflusst.<\/p>\n<p><\/p>\n<h3>Erschaffen Sie Ihre eigene Realit\u00e4t<\/h3>\n<p>Die Wirkungsweise von Placebos ist eine \u00e4hnliche Geschichte. Solange der Glaube stark genug ist oder regelm\u00e4\u00dfig wiederholt wird, reagieren die Zellen und Molek\u00fcle auf das, was das Gehirn\/der K\u00f6rper aussendet, und setzen etwas in Bewegung, das diesen Glauben best\u00e4tigt. Die Bohne kommt um ihrer selbst willen, aber ohne das urteilende Element. Es gibt kein richtig oder falsch. Eigentlich ist es so: was die Bohne aussendet, ist das, was die Bohne anzieht. Wir k\u00f6nnen sagen, dass unsere Ansichten und Gedanken unsere Realit\u00e4t erschaffen, und so k\u00f6nnen wir einfach andere Entscheidungen treffen, um eine erw\u00fcnschte Realit\u00e4t zu erschaffen. Stimmt. Aber manchmal fixieren wir uns so fest, dass wir die Entscheidungen nicht bemerken oder Angst davor haben, sie zu treffen. Hier kommt die Bars\u2122 ins Spiel :).<\/p>\n<p><img loading=\"lazy\" decoding=\"async\" class=\"alignright\" src=\"https:\/\/www.addkenmerken.net\/wp-content\/uploads\/2019\/08\/Schermafbeelding-2018-09-03-om-17.04.21.png\" alt=\"Balkenpunkte\" width=\"332\" height=\"230\" title=\"\">Der Zugang Bars\u2122, entwickelt von <a href=\"https:\/\/garymdouglas.com\/about\/\" target=\"_blank\" rel=\"noopener\">Gary Douglas<\/a>sind 32 Punkte auf dem Kopf, in denen die gesamte polare elektrische Ladung aller Einstellungen, Gedanken und Emotionen zu allen Aspekten und Themen eines menschlichen Lebens gespeichert ist. Durch die Ber\u00fchrung dieser Punkte mit den Fingerspitzen (durch den Praktizierenden) findet ein Energiefluss statt, vergleichbar mit der Ber\u00fchrung der Pole einer Batterie. Die Ladung aller Gedanken, Einstellungen und Emotionen, die einen begrenzen, kann dann beginnen, loszulassen.<\/p>\n<p>Diese Ladung zu ver\u00e4ndern oder loszulassen ist ein wesentlicher Teil der Heilung, denn man kann sich buchst\u00e4blich f\u00fcr krank, deprimiert und \u00e4ngstlich halten. Sobald wir lernen und bef\u00e4higt werden, andere M\u00f6glichkeiten zu sehen und zu w\u00e4hlen, kann die Heilung oder das feinere Leben, wenn Sie so wollen, beginnen. Ein Leben, in dem das Wort \"normal\" keine Bedeutung hat, man \u00fcber die Etiketten hinausgeht und nur in unendlichen M\u00f6glichkeiten lebt.<\/p>\n<p>Wenn Sie mehr dar\u00fcber wissen m\u00f6chten, k\u00f6nnen Sie auf <a href=\"http:\/\/www.access-alleswisselt.com\" target=\"_blank\" rel=\"noopener\">klicken Sie auf diesen Link.<\/a><\/p>\n<p>:)<\/p>\n<p>Liebe!<\/p>\n<p>Dieska van den Heuvel<\/p>\n<p>M\u00f6chten Sie einen Kommentar zu Thiskas Artikel abgeben? Scrollen Sie nach unten, um einen Kommentar zu hinterlassen...<\/p>\n<p><\/p>\n\n\n<div class=\"wp-block-uagb-marketing-button uagb-marketing-btn__outer-wrap uagb-marketing-btn__align-center uagb-marketing-btn__align-text-center uagb-marketing-btn__icon-before\" id=\"uagb-marketing-btn-bc07d9fd-afab-465d-bd82-96e12407b527\"><div class=\"uagb-marketing-btn__wrap\"><a href=\"https:\/\/www.addkenmerken.net\/de\/kategorie\/lebensgeschichten\/\" class=\"uagb-marketing-btn__link\" target=\"\" rel=\"noopener \"><div class=\"uagb-marketing-btn__title-wrap\"><h6 class=\"uagb-marketing-btn__title\">Sehen Sie hier alle eingereichten Lebensgeschichten<\/h6><\/div><div class=\"uagb-marketing-btn__prefix-wrap\"><p class=\"uagb-marketing-btn__prefix\"><\/p><\/div><\/a><\/div><\/div>\n\n\n\n\n<p><\/p>","protected":false},"excerpt":{"rendered":"<p>Ich und mein ADD-Label Eine neue Phase in meinem Leben begann 2011. In meinem Abschlussjahr war ich an der (Mode-)Kunstakademie und...<\/p>","protected":false},"author":52,"featured_media":18092,"comment_status":"open","ping_status":"closed","sticky":false,"template":"","format":"standard","meta":{"_kad_post_transparent":"","_kad_post_title":"","_kad_post_layout":"","_kad_post_sidebar_id":"","_kad_post_content_style":"","_kad_post_vertical_padding":"","_kad_post_feature":"","_kad_post_feature_position":"","_kad_post_header":false,"_kad_post_footer":false,"_kad_post_classname":"","footnotes":""},"categories":[1157,1506,1139,552,1162],"tags":[1571,1573,1572],"class_list":["post-16406","post","type-post","status-publish","format-standard","has-post-thumbnail","hentry","category-natuurlijke-behandeling-adhd-add","category-add-adhd","category-gastblog-artikelen","category-levensverhalen","category-volwassenen-met-add-adhd","tag-accessbars","tag-accessconsciousness","tag-behandeling"],"_links":{"self":[{"href":"https:\/\/www.addkenmerken.net\/de\/wp-json\/wp\/v2\/posts\/16406","targetHints":{"allow":["GET"]}}],"collection":[{"href":"https:\/\/www.addkenmerken.net\/de\/wp-json\/wp\/v2\/posts"}],"about":[{"href":"https:\/\/www.addkenmerken.net\/de\/wp-json\/wp\/v2\/types\/post"}],"author":[{"embeddable":true,"href":"https:\/\/www.addkenmerken.net\/de\/wp-json\/wp\/v2\/users\/52"}],"replies":[{"embeddable":true,"href":"https:\/\/www.addkenmerken.net\/de\/wp-json\/wp\/v2\/comments?post=16406"}],"version-history":[{"count":0,"href":"https:\/\/www.addkenmerken.net\/de\/wp-json\/wp\/v2\/posts\/16406\/revisions"}],"wp:featuredmedia":[{"embeddable":true,"href":"https:\/\/www.addkenmerken.net\/de\/wp-json\/wp\/v2\/media\/18092"}],"wp:attachment":[{"href":"https:\/\/www.addkenmerken.net\/de\/wp-json\/wp\/v2\/media?parent=16406"}],"wp:term":[{"taxonomy":"category","embeddable":true,"href":"https:\/\/www.addkenmerken.net\/de\/wp-json\/wp\/v2\/categories?post=16406"},{"taxonomy":"post_tag","embeddable":true,"href":"https:\/\/www.addkenmerken.net\/de\/wp-json\/wp\/v2\/tags?post=16406"}],"curies":[{"name":"wp","href":"https:\/\/api.w.org\/{rel}","templated":true}]}}