{"id":1764,"date":"2014-02-25T15:48:32","date_gmt":"2014-02-25T14:48:32","guid":{"rendered":"http:\/\/www.addkenmerken.net\/blog\/?p=1764"},"modified":"2020-09-01T11:57:20","modified_gmt":"2020-09-01T09:57:20","slug":"denken-denken-denken-immer-denken","status":"publish","type":"post","link":"https:\/\/www.addkenmerken.net\/de\/denken-denken-altijd-maar-denken\/","title":{"rendered":"Denken, denken, immer denken..."},"content":{"rendered":"<aside class=\"mashsb-container mashsb-main mashsb-stretched\"><div class=\"mashsb-box\"><div class=\"mashsb-count mash-large\" style=\"float:left\"><div class=\"counts mashsbcount\">185<\/div><span class=\"mashsb-sharetext\">gemeinsame Zeit<\/span><\/div><div class=\"mashsb-buttons\"><a class=\"mashicon-facebook mash-large mash-center mashsb-noshadow\" href=\"https:\/\/www.facebook.com\/sharer.php?u=https%3A%2F%2Fwww.addkenmerken.net%2Fde%2Fdenken-denken-altijd-maar-denken%2F%3Futm_source%3Dsharebuttons%26utm_medium%3Dfacebook%26utm_campaign%3Dmashshare\" target=\"_top\" rel=\"nofollow\"><span class=\"icon\"><\/span><span class=\"text\">Teilen Sie<\/span><\/a><a class=\"mashicon-twitter mash-large mash-center mashsb-noshadow\" href=\"https:\/\/twitter.com\/intent\/tweet?text=&amp;url=https:\/\/www.addkenmerken.net\/de\/?p=1764&amp;via=krachtvanADHD\" target=\"_top\" rel=\"nofollow\"><span class=\"icon\"><\/span><span class=\"text\">Zwitschern Sie<\/span><\/a><div class=\"onoffswitch2 mash-large mashsb-noshadow\" style=\"display:none\"><\/div><\/div>\n            <\/div>\n                <div style=\"clear:both\"><\/div><\/aside>\n            <!-- Share buttons by mashshare.net - Version: 4.0.47--><h2><strong>\"Ich\" und mein erm\u00fcdendes ADS-Hirn<\/strong><\/h2>\n<figure id=\"attachment_2010\" aria-describedby=\"caption-attachment-2010\" style=\"width: 267px\" class=\"wp-caption alignright\"><img loading=\"lazy\" decoding=\"async\" class=\"wp-image-2010\" src=\"https:\/\/www.addkenmerken.net\/wp-content\/uploads\/2014\/02\/ADD-en-overprikkelin-van-de-hersenen-222x300.jpg\" alt=\"ADD und durch zu viele Informationen \u00fcberreizt\" width=\"267\" height=\"361\" title=\"\" srcset=\"https:\/\/www.addkenmerken.net\/wp-content\/uploads\/2014\/02\/ADD-en-overprikkelin-van-de-hersenen-222x300.jpg 222w, https:\/\/www.addkenmerken.net\/wp-content\/uploads\/2014\/02\/ADD-en-overprikkelin-van-de-hersenen.jpg 357w\" sizes=\"auto, (max-width: 267px) 100vw, 267px\"><figcaption id=\"caption-attachment-2010\" class=\"wp-caption-text\">ADD und \u00fcbererregt<\/figcaption><\/figure>\n<p>An einem bestimmten Punkt funktioniert es einfach nicht mehr, es ist, als ob mein Kopf voll w\u00e4re. Neue Informationen, W\u00f6rter, S\u00e4tze, sie scheinen von meiner Gro\u00dfhirnrinde abzuprallen, manchmal scheine ich sie physisch zu sp\u00fcren. Mein Gehirn verarbeitet nichts mehr, es scheint eine Art Leere zu sein. Ein Geschrei, das die Stille beherrscht. Nein, das ist kein innerer Frieden, das ist ein innerer Zusammenbruch. Fliehen scheint f\u00fcr mich der einzige Weg zu sein.<\/p>\n<p>Erkennbar? Die \u00dcberstimulation meines Gehirns ist nicht diejenige, \u00fcber die ich die geringste Kontrolle habe. Manchmal kann ich denken wie ein Kampfflugzeug, was soll ich sagen, ich kann mit intergalaktischer Geschwindigkeit denken, wo 'Die Enterprise' sich in Luft aufl\u00f6st. Zu anderen Zeiten kann ein Rind, das seine f\u00fcnfte Wiederk\u00e4uersitzung des Tages beginnt, Informationen noch schneller verarbeiten als meine eigenen. <a href=\"https:\/\/www.addkenmerken.net\/de\/kategorie\/das-gehirn\/\">Gehirn<\/a>. Das Ding in meiner Sch\u00e4delpfanne, mein Gehirn, scheint nie einen stabilen Zustand zu erreichen.<\/p>\n<p>Keine Ahnung, wie das bei anderen funktioniert, aber ich bin ein Denker. Ein Analytiker ohne Dissertation, ein Philosoph ohne klares Problem, ein Wissenschaftler ohne Studienfach. Ich denke \u00fcber und \u00fcber alles nach, manchmal zur gleichen Zeit, andere Male unaufh\u00f6rlich. Nichts ist isoliert und alles ist miteinander verbunden. Besonders faszinierend, komplex, herausfordernd und oft t\u00f6dlich anstrengend, wenn ich das selbst sagen darf. Erm\u00fcdend, weil es manchmal nicht aufzuh\u00f6ren scheint und weil es auch sehr egozentrisch ist. Mein \"Ich\" ist ein viel zu h\u00e4ufiges Thema in meinen Denksitzungen. Der Zweifel und die Unsicherheit sind tief in mir verankert, was zu traurigen und depressiven Stimmungen f\u00fchrt. Vielleicht liegt es an mir, aber wahrscheinlicher ist es auch, weil es ein wenig zu oft v\u00f6llig schief gelaufen ist. Misserfolge gehen einem nach einer Weile in die Knochen, und es ist schwer, sie wieder herauszuholen.<\/p>\n<p>Aber all dieses verr\u00fcckte Denken bringt mir auch eine Menge Gutes. Es n\u00e4hrt meine Kreativit\u00e4t, meine F\u00e4higkeit <a href=\"https:\/\/www.addkenmerken.net\/de\/10-vorteile-von-add-und-adhd\/\">L\u00f6sungen finden<\/a> und Antworten. Ich setze mir keine Grenzen. Ich phantasiere und tr\u00e4ume von Leben und Welten, die ich gerne sehen oder erschaffen w\u00fcrde. Ich sehe auch immer und \u00fcberall Humor. Ich kann innerhalb weniger Sekunden zwischen ernsthaften Ideen und schwachem Geplapper wechseln. Sie k\u00f6nnen jederzeit ein Gespr\u00e4ch mit mir f\u00fchren, ich spreche \u00fcber alles, ich habe \u00fcber alles nachgedacht. Ich beginne erst jetzt, diese wertvollen Qualit\u00e4ten zu sch\u00e4tzen.<\/p>\n<p>Ja, ich bin zu dick, ich habe meine Ausbildung verpfuscht, den F\u00fchrerschein aufgegeben, habe S\u00fcchte, die unheilbar scheinen und wandere von Zimmer zu Zimmer, weil ich mir keine Wohnung leisten kann. Und nein, das alles habe ich bei weitem noch nicht akzeptiert. Es ist hart und es ist schei\u00dfe, weil ich diesen verdammten Rucksack \u00fcberall mitnehme. Aber ich habe meinen Weg gefunden, einen Beruf, der mir Spa\u00df macht, in dem ich gut bin und in dem ich mit einem Fingerschnippen in meinen Hyperfokus geraten kann. Ich bin geduldig, pr\u00e4zise und sogar perfektionistisch darin. Es macht mich gl\u00fccklich, es gibt mir Hoffnung und eine Zukunft. Die <a href=\"https:\/\/www.addkenmerken.net\/de\/adhd-add-und-gesellschaft\/\">sozialer Weg<\/a> ist nicht f\u00fcr jeden ausgelegt. Aber es gibt immer einen Weg, daran glaube ich immer, immer, f\u00fcr immer und ewig!<\/p>\n\n\n\n\n<div class=\"wp-block-uagb-marketing-button uagb-marketing-btn__outer-wrap uagb-marketing-btn__align-center uagb-marketing-btn__align-text-center uagb-marketing-btn__icon-before\" id=\"uagb-marketing-btn-bc07d9fd-afab-465d-bd82-96e12407b527\"><div class=\"uagb-marketing-btn__wrap\"><a href=\"https:\/\/www.addkenmerken.net\/de\/kategorie\/lebensgeschichten\/\" class=\"uagb-marketing-btn__link\" target=\"\" rel=\"noopener \"><div class=\"uagb-marketing-btn__title-wrap\"><h6 class=\"uagb-marketing-btn__title\">Sehen Sie hier alle eingereichten Lebensgeschichten<\/h6><\/div><div class=\"uagb-marketing-btn__prefix-wrap\"><p class=\"uagb-marketing-btn__prefix\"><\/p><\/div><\/a><\/div><\/div>\n\n\n\n<p><\/p>","protected":false},"excerpt":{"rendered":"<p>\"Ich\" und mein erm\u00fcdendes ADS-Hirn An einem bestimmten Punkt funktioniert es einfach nicht mehr, es ist, als w\u00e4re mein Kopf voll. Neue Informationen...<\/p>","protected":false},"author":39,"featured_media":2004,"comment_status":"open","ping_status":"closed","sticky":false,"template":"","format":"standard","meta":{"_kad_post_transparent":"","_kad_post_title":"","_kad_post_layout":"","_kad_post_sidebar_id":"","_kad_post_content_style":"","_kad_post_vertical_padding":"","_kad_post_feature":"","_kad_post_feature_position":"","_kad_post_header":false,"_kad_post_footer":false,"_kad_post_classname":"","footnotes":""},"categories":[1162,1131,1506,1139,552],"tags":[5,23,204,1247,1248,1277,211,43,1301,260,1381,1469,1471,1486,1499],"class_list":["post-1764","post","type-post","status-publish","format-standard","has-post-thumbnail","hentry","category-volwassenen-met-add-adhd","category-add","category-add-adhd","category-gastblog-artikelen","category-levensverhalen","tag-add","tag-brein","tag-creativiteit","tag-denken","tag-denker","tag-filosoof","tag-gedachten","tag-hersenen","tag-hyperfocus","tag-overprikkeling","tag-perfectionistisch","tag-vermoeiend","tag-verslavingen","tag-wetenschapper","tag-zwerven"],"_links":{"self":[{"href":"https:\/\/www.addkenmerken.net\/de\/wp-json\/wp\/v2\/posts\/1764","targetHints":{"allow":["GET"]}}],"collection":[{"href":"https:\/\/www.addkenmerken.net\/de\/wp-json\/wp\/v2\/posts"}],"about":[{"href":"https:\/\/www.addkenmerken.net\/de\/wp-json\/wp\/v2\/types\/post"}],"author":[{"embeddable":true,"href":"https:\/\/www.addkenmerken.net\/de\/wp-json\/wp\/v2\/users\/39"}],"replies":[{"embeddable":true,"href":"https:\/\/www.addkenmerken.net\/de\/wp-json\/wp\/v2\/comments?post=1764"}],"version-history":[{"count":0,"href":"https:\/\/www.addkenmerken.net\/de\/wp-json\/wp\/v2\/posts\/1764\/revisions"}],"wp:featuredmedia":[{"embeddable":true,"href":"https:\/\/www.addkenmerken.net\/de\/wp-json\/wp\/v2\/media\/2004"}],"wp:attachment":[{"href":"https:\/\/www.addkenmerken.net\/de\/wp-json\/wp\/v2\/media?parent=1764"}],"wp:term":[{"taxonomy":"category","embeddable":true,"href":"https:\/\/www.addkenmerken.net\/de\/wp-json\/wp\/v2\/categories?post=1764"},{"taxonomy":"post_tag","embeddable":true,"href":"https:\/\/www.addkenmerken.net\/de\/wp-json\/wp\/v2\/tags?post=1764"}],"curies":[{"name":"wp","href":"https:\/\/api.w.org\/{rel}","templated":true}]}}