{"id":210,"date":"2011-11-26T12:42:40","date_gmt":"2011-11-26T11:42:40","guid":{"rendered":"http:\/\/addkenmerken.net\/?p=210"},"modified":"2020-09-01T12:31:31","modified_gmt":"2020-09-01T10:31:31","slug":"psychische-probleme-fugen-adhd-hinzu","status":"publish","type":"post","link":"https:\/\/www.addkenmerken.net\/de\/psychische-klachten-add-adhd\/","title":{"rendered":"Sekund\u00e4re Beschwerden ADD und ADHD"},"content":{"rendered":"<aside class=\"mashsb-container mashsb-main mashsb-stretched\"><div class=\"mashsb-box\"><div class=\"mashsb-count mash-large\" style=\"float:left\"><div class=\"counts mashsbcount\">221<\/div><span class=\"mashsb-sharetext\">gemeinsame Zeit<\/span><\/div><div class=\"mashsb-buttons\"><a class=\"mashicon-facebook mash-large mash-center mashsb-noshadow\" href=\"https:\/\/www.facebook.com\/sharer.php?u=https%3A%2F%2Fwww.addkenmerken.net%2Fde%2Fpsychische-klachten-add-adhd%2F%3Futm_source%3Dsharebuttons%26utm_medium%3Dfacebook%26utm_campaign%3Dmashshare\" target=\"_top\" rel=\"nofollow\"><span class=\"icon\"><\/span><span class=\"text\">Teilen Sie<\/span><\/a><a class=\"mashicon-twitter mash-large mash-center mashsb-noshadow\" href=\"https:\/\/twitter.com\/intent\/tweet?text=&amp;url=https:\/\/www.addkenmerken.net\/de\/?p=210&amp;via=krachtvanADHD\" target=\"_top\" rel=\"nofollow\"><span class=\"icon\"><\/span><span class=\"text\">Zwitschern Sie<\/span><\/a><div class=\"onoffswitch2 mash-large mashsb-noshadow\" style=\"display:none\"><\/div><\/div>\n            <\/div>\n                <div style=\"clear:both\"><\/div><\/aside>\n            <!-- Share buttons by mashshare.net - Version: 4.0.47--><h2><span style=\"color: #000000;\"><strong>ADD, ADHS und das Risiko zus\u00e4tzlicher psychologischer Probleme<\/strong><\/span><\/h2>\n<p>Meiner Meinung nach sind die meisten Beschwerden, die Menschen im sp\u00e4teren Leben haben, nicht auf ADHS oder ADS an sich zur\u00fcckzuf\u00fchren. Es sind vor allem die psychischen Probleme, die man im Laufe der Jahre entwickelt hat, die das Leben so besonders schwierig machen k\u00f6nnen. Wenn man sich t\u00e4glich gezwungenerma\u00dfen anpasst, gibt man sich selbst keinen Raum, sich zu entwickeln. Dies ist an sich schon ein Faktor, der unser gesamtes psychisches Wohlbefinden stark beeintr\u00e4chtigen kann. Es stellt sich heraus, dass 70% der Menschen, bei denen im sp\u00e4teren Leben ADS oder ADS diagnostiziert wird, eine sekund\u00e4re St\u00f6rung entwickelt haben, wie z.B. eine Angstst\u00f6rung, Depression, Burn-out, Pers\u00f6nlichkeitsst\u00f6rung, OCD usw.<\/p>\n<p><img loading=\"lazy\" decoding=\"async\" class=\"alignright wp-image-13409\" src=\"https:\/\/www.addkenmerken.net\/wp-content\/uploads\/2012\/06\/a_little_stressed_now-ADHD.jpg\" alt=\"Ausgesetzt von ADHD\" width=\"300\" height=\"218\" title=\"\" srcset=\"https:\/\/www.addkenmerken.net\/wp-content\/uploads\/2012\/06\/a_little_stressed_now-ADHD.jpg 412w, https:\/\/www.addkenmerken.net\/wp-content\/uploads\/2012\/06\/a_little_stressed_now-ADHD-300x218.jpg 300w\" sizes=\"auto, (max-width: 300px) 100vw, 300px\">Probleme wie Unsicherheit, geringes Selbstwertgef\u00fchl, Depression, M\u00fcdigkeit, Stress, Angst dominieren oft viel mehr als das ADHS oder ADS an sich. In vielen F\u00e4llen entwickeln viele Menschen mit AD(H)D fr\u00fcher oder sp\u00e4ter ein Burn-out oder andere psychische St\u00f6rungen. Gl\u00fccklicherweise ist unser Gehirn bis zu unserem Tod flexibel. Das nennt man auch '<strong><a title=\"Neuroplastizit\u00e4t\" href=\"https:\/\/www.addkenmerken.net\/de\/neuroplastizitat-und-gedanken\/\" target=\"_blank\" rel=\"noopener\">Neuroplastizit\u00e4t<\/a><\/strong>Das bedeutet, dass wir uns im Laufe unseres Lebens von all unseren sekund\u00e4ren Begleitbeschwerden, die unser Gehirn hilflos funktionieren lassen, weitgehend erholen k\u00f6nnen. Mehr dazu k\u00f6nnen Sie \u00fcber den untenstehenden Link lesen:<\/p>\n<p><strong><a title=\"Helen mit Hilfe von NLP\" href=\"https:\/\/www.addkenmerken.net\/de\/neuroplastizitat-und-gedanken\/\" target=\"_blank\" rel=\"noopener\">&gt; Ihr ganzes Selbst der Beschwerden mit NLP<\/a><\/strong><\/p>\n<p>Ich selbst leide seit 2 Jahren an CFS\/ME (Chronisches M\u00fcdigkeitssyndrom), was meiner Meinung nach eine falsche Bezeichnung ist, da die M\u00fcdigkeit durch eine kontinuierliche Stressreaktion der Amygdala im Gehirn verursacht wird, die in einen Traumazustand geraten ist. Mit anderen Worten, die M\u00fcdigkeit ist ein sekund\u00e4res Problem, es ist ein unbewusster Prozess, der einen buchst\u00e4blich verbrennt.<\/p>\n<p>Zum Gl\u00fcck habe ich Wege gefunden, mich davon zu erholen, durch all das Wissen, das ich mir angeeignet habe, und durch den Besuch bei den richtigen Therapeuten. Bis heute ist das ein ungeheuer harter Kampf, aber zum Gl\u00fcck komme ich mit Riesenschritten voran. Ich kenne eine Zeit, in der ich nach einer halben Stunde Radfahren eine Woche lang im Bett lag. Mittlerweile mache ich jeden Tag viel. Ich kann sagen, dass ich f\u00fcr 75% geheilt bin.<\/p>\n<p>Das CFS\/ME entwickelte sich in mir aufgrund der oben genannten Faktoren. Gezwungener Anpassungsversuch, der zu einem k\u00f6rperlichen und geistigen Ungleichgewicht f\u00fchrte, was wiederum eine zus\u00e4tzliche \u00dcberstimulation und Depression verursachte. Als ich Pfeiffer bekam und einige Monate sp\u00e4ter in Marokko eine schwere Lebensmittelvergiftung erlitt, hatte das CFS\/ME bei mir begonnen. Ich war damals 23 Jahre alt. Die Amygdala wurde ausgel\u00f6st, um in der Traumastellung stecken zu bleiben. Als ob das noch nicht genug w\u00e4re, musste ich mich dann 3 Operationen an meinem gebrochenen Oberschenkel unterziehen. Das sind alles Faktoren, die CFS\/ME ausl\u00f6sen k\u00f6nnen (Operation, Virusinfektion, Stress; in meinem Fall eine Kombination aus allem), aber die tiefe Ursache liegt im mental\/k\u00f6rperlichen Ungleichgewicht zwischen K\u00f6rper und Geist. Zum Gl\u00fcck k\u00f6nnen wir mit unserer eigenen Selbstheilungskapazit\u00e4t viel erreichen und wir brauchen nicht f\u00fcr alles Pillen (dazu sp\u00e4ter auch mehr)<\/p>\n<p>&nbsp;<\/p>\n<h3><span style=\"color: #000000;\">Sekund\u00e4re psychische St\u00f6rungen bei ADHS und ADS<\/span><\/h3>\n<p>In 70% der F\u00e4lle entwickeln Menschen mit ADHS und ADS psychische St\u00f6rungen, die wiederum auch als Pers\u00f6nlichkeitsst\u00f6rung, Angstst\u00f6rung, Sucht oder Zwangsst\u00f6rung oder Depression usw. bezeichnet werden k\u00f6nnen. Genau diese zus\u00e4tzlichen Probleme f\u00fchren wiederum zu einer <span style=\"text-decoration: underline;\">zus\u00e4tzlich<\/span> Konzentrationsschw\u00e4che und das Gef\u00fchl, nicht anwesend zu sein oder sich unklar zu f\u00fchlen. Geringes Selbstwertgef\u00fchl, Angst und Stress tragen ebenfalls enorm dazu bei, was ebenfalls zu zus\u00e4tzlicher \u00dcberstimulation und Unruhe f\u00fchrt.<\/p>\n<p>Diese Art von Problemen verst\u00e4rkt die Symptome von ADHS und ADS sehr stark. Tats\u00e4chlich sind all diese Symptome eine Manifestation eines Hirntraumas, das aufgrund der Flexibilit\u00e4t unseres Gehirns und unserer Selbstheilungskapazit\u00e4t reversibel ist. Unser Gehirn und unsere DNA k\u00f6nnen bis zu unserem Tod ver\u00e4ndert werden.<br \/>\nLesen Sie mehr dazu unter \"<strong><a title=\"Neuroplastizit\u00e4t durch die Kraft unserer Gedanken\" href=\"https:\/\/www.addkenmerken.net\/de\/neuroplastizitat-und-gedanken\/\" target=\"_blank\" rel=\"noopener\">Neuroplastizit\u00e4t<\/a><\/strong>&#8221;<br \/>\n<span style=\"color: #ffffff;\">.<\/span><\/p>\n<p style=\"text-align: center;\">","protected":false},"excerpt":{"rendered":"<p>ADD, ADHS und das Risiko zus\u00e4tzlicher psychologischer Probleme Die meisten Beschwerden, die Menschen im sp\u00e4teren Leben haben, werden meiner Meinung nach oft nicht durch...<\/p>","protected":false},"author":1,"featured_media":0,"comment_status":"open","ping_status":"closed","sticky":false,"template":"","format":"standard","meta":{"_kad_post_transparent":"default","_kad_post_title":"default","_kad_post_layout":"default","_kad_post_sidebar_id":"","_kad_post_content_style":"default","_kad_post_vertical_padding":"default","_kad_post_feature":"","_kad_post_feature_position":"","_kad_post_header":false,"_kad_post_footer":false,"_kad_post_classname":"","footnotes":""},"categories":[1131,1506,1132],"tags":[112,5,6,117,113,115,33,269,267,25,118,262,266,119,26,116,265,261,225],"class_list":["post-210","post","type-post","status-publish","format-standard","hentry","category-add","category-add-adhd","category-adhd-artikelen","tag-aandoeningen","tag-add","tag-adhd","tag-amygdala","tag-cvs","tag-cvsme","tag-depressie","tag-disbalans","tag-fietsen","tag-klachten","tag-onbehulpzaam","tag-onzekerheid","tag-operatie","tag-pillen","tag-psychische","tag-stressrespons","tag-triggeren","tag-vermoeidheid","tag-zelfbeeld"],"_links":{"self":[{"href":"https:\/\/www.addkenmerken.net\/de\/wp-json\/wp\/v2\/posts\/210","targetHints":{"allow":["GET"]}}],"collection":[{"href":"https:\/\/www.addkenmerken.net\/de\/wp-json\/wp\/v2\/posts"}],"about":[{"href":"https:\/\/www.addkenmerken.net\/de\/wp-json\/wp\/v2\/types\/post"}],"author":[{"embeddable":true,"href":"https:\/\/www.addkenmerken.net\/de\/wp-json\/wp\/v2\/users\/1"}],"replies":[{"embeddable":true,"href":"https:\/\/www.addkenmerken.net\/de\/wp-json\/wp\/v2\/comments?post=210"}],"version-history":[{"count":0,"href":"https:\/\/www.addkenmerken.net\/de\/wp-json\/wp\/v2\/posts\/210\/revisions"}],"wp:attachment":[{"href":"https:\/\/www.addkenmerken.net\/de\/wp-json\/wp\/v2\/media?parent=210"}],"wp:term":[{"taxonomy":"category","embeddable":true,"href":"https:\/\/www.addkenmerken.net\/de\/wp-json\/wp\/v2\/categories?post=210"},{"taxonomy":"post_tag","embeddable":true,"href":"https:\/\/www.addkenmerken.net\/de\/wp-json\/wp\/v2\/tags?post=210"}],"curies":[{"name":"wp","href":"https:\/\/api.w.org\/{rel}","templated":true}]}}