{"id":6586,"date":"2013-05-21T16:38:09","date_gmt":"2013-05-21T14:38:09","guid":{"rendered":"http:\/\/www.addkenmerken.net\/?p=6586"},"modified":"2021-03-08T23:57:42","modified_gmt":"2021-03-08T22:57:42","slug":"lto3-im-telegraph","status":"publish","type":"post","link":"https:\/\/www.addkenmerken.net\/de\/lto3-in-de-telegraaf\/","title":{"rendered":"LTO3 in der Zeitschrift Brein - Anhang Telegraaf"},"content":{"rendered":"<aside class=\"mashsb-container mashsb-main mashsb-stretched\"><div class=\"mashsb-box\"><div class=\"mashsb-buttons\"><a class=\"mashicon-facebook mash-large mash-center mashsb-noshadow\" href=\"https:\/\/www.facebook.com\/sharer.php?u=https%3A%2F%2Fwww.addkenmerken.net%2Fde%2Flto3-in-de-telegraaf%2F%3Futm_source%3Dsharebuttons%26utm_medium%3Dfacebook%26utm_campaign%3Dmashshare\" target=\"_top\" rel=\"nofollow\"><span class=\"icon\"><\/span><span class=\"text\">Teilen Sie<\/span><\/a><a class=\"mashicon-twitter mash-large mash-center mashsb-noshadow\" href=\"https:\/\/twitter.com\/intent\/tweet?text=&amp;url=https:\/\/www.addkenmerken.net\/de\/?p=6586&amp;via=krachtvanADHD\" target=\"_top\" rel=\"nofollow\"><span class=\"icon\"><\/span><span class=\"text\">Zwitschern Sie<\/span><\/a><div class=\"onoffswitch2 mash-large mashsb-noshadow\" style=\"display:none\"><\/div><\/div>\n            <\/div>\n                <div style=\"clear:both\"><\/div><\/aside>\n            <!-- Share buttons by mashshare.net - Version: 4.0.47--><h2><strong>Interview mit einem Apotheker \u00fcber LTO3<\/strong><\/h2>\n<p><em>21\/5\/2013 De Telegraaf, Anhang 'Das Gehirn<\/em><\/p>\n<p>LTO3 ist eine nat\u00fcrliche Substanz, die von immer mehr Kindern und Erwachsenen mit ADS, ADHS, aber auch mit ODD, ASS und hochempfindlichen Menschen verwendet wird. Chemische Medikamente wie Ritalin und Concerta scheinen f\u00fcr viele Menschen aufgrund der Verwendung von LTO3 unn\u00f6tig zu sein!<\/p>\n<p>K\u00fcrzlich bin ich im Anhang von De Telegraaf auf einen Artikel \u00fcber LTO3 gesto\u00dfen. Unten finden Sie den Anhang mit dem Artikel \u00fcber LTO3.<\/p>\n<figure id=\"attachment_6587\" aria-describedby=\"caption-attachment-6587\" style=\"width: 828px\" class=\"wp-caption aligncenter\"><a href=\"https:\/\/www.addkenmerken.net\/wp-content\/uploads\/2013\/05\/Telegraag-bijlage-brein.jpg\" rel=\"nofollow\"><img loading=\"lazy\" decoding=\"async\" class=\"wp-image-6587\" title=\"\" src=\"https:\/\/www.addkenmerken.net\/wp-content\/uploads\/2013\/05\/Telegraag-bijlage-brein.jpg\" alt=\"Anhang &quot;Het Brein&quot; aus dem Telegraaf mit einem Artikel \u00fcber LTO3 21\/5\/2013\" width=\"828\" height=\"1158\" srcset=\"https:\/\/www.addkenmerken.net\/wp-content\/uploads\/2013\/05\/Telegraag-bijlage-brein.jpg 828w, https:\/\/www.addkenmerken.net\/wp-content\/uploads\/2013\/05\/Telegraag-bijlage-brein-214x300.jpg 214w, https:\/\/www.addkenmerken.net\/wp-content\/uploads\/2013\/05\/Telegraag-bijlage-brein-732x1024.jpg 732w, https:\/\/www.addkenmerken.net\/wp-content\/uploads\/2013\/05\/Telegraag-bijlage-brein-624x872.jpg 624w\" sizes=\"auto, (max-width: 828px) 100vw, 828px\"><\/a><figcaption id=\"caption-attachment-6587\" class=\"wp-caption-text\">Anhang \"Het Brein\" aus dem Telegraaf mit einem Artikel \u00fcber LTO3 21\/5\/2013<\/figcaption><\/figure>\n<figure id=\"attachment_6588\" aria-describedby=\"caption-attachment-6588\" style=\"width: 1306px\" class=\"wp-caption aligncenter\"><a href=\"https:\/\/www.addkenmerken.net\/wp-content\/uploads\/2013\/05\/Telegraag-bijlage-brein-LTO3-artikel.jpg\" rel=\"nofollow\"><img loading=\"lazy\" decoding=\"async\" class=\"size-full wp-image-6588\" title=\"\" src=\"https:\/\/www.addkenmerken.net\/wp-content\/uploads\/2013\/05\/Telegraag-bijlage-brein-LTO3-artikel.jpg\" alt=\"Artikel von De Telegraaf \u00fcber LTO3\" width=\"1306\" height=\"583\" srcset=\"https:\/\/www.addkenmerken.net\/wp-content\/uploads\/2013\/05\/Telegraag-bijlage-brein-LTO3-artikel.jpg 1306w, https:\/\/www.addkenmerken.net\/wp-content\/uploads\/2013\/05\/Telegraag-bijlage-brein-LTO3-artikel-300x133.jpg 300w, https:\/\/www.addkenmerken.net\/wp-content\/uploads\/2013\/05\/Telegraag-bijlage-brein-LTO3-artikel-1024x457.jpg 1024w, https:\/\/www.addkenmerken.net\/wp-content\/uploads\/2013\/05\/Telegraag-bijlage-brein-LTO3-artikel-624x278.jpg 624w\" sizes=\"auto, (max-width: 1306px) 100vw, 1306px\"><\/a><figcaption id=\"caption-attachment-6588\" class=\"wp-caption-text\">Artikel von De Telegraaf \u00fcber LTO3 21\/5\/2013 - Klicken Sie darauf f\u00fcr eine Vergr\u00f6\u00dferung<\/figcaption><\/figure>\n<p>Fast jeden Tag erhalte ich sehr positive Erfahrungen von Menschen, die bereits LTO3 verwenden. Dies betrifft vor allem Menschen mit ADS, ADHS und\/oder HSP oder Eltern, deren Kinder dies haben. Es gibt auch Erfahrungen von Menschen mit ODD und ASD.<\/p>\n<p>\u00dcber diese Erfahrungen k\u00f6nnen Sie \u00fcber den untenstehenden Link lesen:<\/p>\n<p><strong><a title=\"LTO3 Erfahrungen von Menschen mit ADD, ADHS, HSP und ASS\" href=\"https:\/\/www.addkenmerken.net\/de\/lto3-erfahrungen\/\" target=\"_blank\" rel=\"noopener\">&gt; LTO3-Erfahrungen von Menschen mit ADD, ADHS, HSP, ASS und anderen<\/a><\/strong><\/p>\n<p>Wenn Sie LTO3 bestellen m\u00f6chten, k\u00f6nnen Sie dies \u00fcber den untenstehenden Link tun:<\/p>\n<p style=\"color: #0044cc;\"><strong><a title=\"Ordnung lto3\" href=\"https:\/\/smartvital.eu\/product\/lto3-origineel\/\" target=\"_blank\" rel=\"noopener\">&gt; Sie k\u00f6nnen LTO3 hier bestellen<\/a><\/strong><\/p>\n<p>Weitere Informationen \u00fcber <strong><a title=\"LTO3-Informationen und Antworten auf h\u00e4ufig gestellte Fragen\" href=\"https:\/\/www.addkenmerken.net\/de\/lto3\/\">LTO3<\/a><\/strong>\u00a0und Antworten auf h\u00e4ufig gestellte Fragen finden Sie unter der \u00dcberschrift \"LTO3\" am oberen Rand des Men\u00fcs.<\/p>\n<p>&nbsp;<\/p>","protected":false},"excerpt":{"rendered":"<p>Interview mit einem Apotheker \u00fcber LTO3 21\/5\/2013 De Telegraaf, Anhang \"Het Brein\" LTO3 ist eine nat\u00fcrliche Ressource, die von immer mehr Kindern und Erwachsenen mit...<\/p>","protected":false},"author":1,"featured_media":6587,"comment_status":"open","ping_status":"closed","sticky":false,"template":"","format":"standard","meta":{"_kad_post_transparent":"default","_kad_post_title":"default","_kad_post_layout":"default","_kad_post_sidebar_id":"","_kad_post_content_style":"default","_kad_post_vertical_padding":"default","_kad_post_feature":"","_kad_post_feature_position":"","_kad_post_header":false,"_kad_post_footer":false,"_kad_post_classname":"","footnotes":""},"categories":[328,1075,1157],"tags":[5,6,476,23,24,339,272,477,590,77],"class_list":["post-6586","post","type-post","status-publish","format-standard","has-post-thumbnail","hentry","category-lto3-informatie","category-lto3-in-de-krant","category-natuurlijke-behandeling-adhd-add","tag-add","tag-adhd","tag-ass","tag-brein","tag-concentratie","tag-hyperactiviteit","tag-kinderen","tag-odd","tag-telegraaf","tag-volwassenen"],"_links":{"self":[{"href":"https:\/\/www.addkenmerken.net\/de\/wp-json\/wp\/v2\/posts\/6586","targetHints":{"allow":["GET"]}}],"collection":[{"href":"https:\/\/www.addkenmerken.net\/de\/wp-json\/wp\/v2\/posts"}],"about":[{"href":"https:\/\/www.addkenmerken.net\/de\/wp-json\/wp\/v2\/types\/post"}],"author":[{"embeddable":true,"href":"https:\/\/www.addkenmerken.net\/de\/wp-json\/wp\/v2\/users\/1"}],"replies":[{"embeddable":true,"href":"https:\/\/www.addkenmerken.net\/de\/wp-json\/wp\/v2\/comments?post=6586"}],"version-history":[{"count":0,"href":"https:\/\/www.addkenmerken.net\/de\/wp-json\/wp\/v2\/posts\/6586\/revisions"}],"wp:featuredmedia":[{"embeddable":true,"href":"https:\/\/www.addkenmerken.net\/de\/wp-json\/wp\/v2\/media\/6587"}],"wp:attachment":[{"href":"https:\/\/www.addkenmerken.net\/de\/wp-json\/wp\/v2\/media?parent=6586"}],"wp:term":[{"taxonomy":"category","embeddable":true,"href":"https:\/\/www.addkenmerken.net\/de\/wp-json\/wp\/v2\/categories?post=6586"},{"taxonomy":"post_tag","embeddable":true,"href":"https:\/\/www.addkenmerken.net\/de\/wp-json\/wp\/v2\/tags?post=6586"}],"curies":[{"name":"wp","href":"https:\/\/api.w.org\/{rel}","templated":true}]}}