{"id":7695,"date":"2013-10-22T13:50:34","date_gmt":"2013-10-22T11:50:34","guid":{"rendered":"http:\/\/www.addkenmerken.net\/?p=7695"},"modified":"2020-09-01T20:13:24","modified_gmt":"2020-09-01T18:13:24","slug":"lauras-leben-mit-adhd","status":"publish","type":"post","link":"https:\/\/www.addkenmerken.net\/de\/het-leven-van-laura-met-adhd\/","title":{"rendered":"Laura erf\u00e4hrt nach Jahren des Rollens, dass sie an ADHS erkrankt ist"},"content":{"rendered":"<aside class=\"mashsb-container mashsb-main mashsb-stretched\"><div class=\"mashsb-box\"><div class=\"mashsb-buttons\"><a class=\"mashicon-facebook mash-large mash-center mashsb-noshadow\" href=\"https:\/\/www.facebook.com\/sharer.php?u=https%3A%2F%2Fwww.addkenmerken.net%2Fde%2Fhet-leven-van-laura-met-adhd%2F%3Futm_source%3Dsharebuttons%26utm_medium%3Dfacebook%26utm_campaign%3Dmashshare\" target=\"_top\" rel=\"nofollow\"><span class=\"icon\"><\/span><span class=\"text\">Teilen Sie<\/span><\/a><a class=\"mashicon-twitter mash-large mash-center mashsb-noshadow\" href=\"https:\/\/twitter.com\/intent\/tweet?text=&amp;url=https:\/\/www.addkenmerken.net\/de\/?p=7695&amp;via=krachtvanADHD\" target=\"_top\" rel=\"nofollow\"><span class=\"icon\"><\/span><span class=\"text\">Zwitschern Sie<\/span><\/a><div class=\"onoffswitch2 mash-large mashsb-noshadow\" style=\"display:none\"><\/div><\/div>\n            <\/div>\n                <div style=\"clear:both\"><\/div><\/aside>\n            <!-- Share buttons by mashshare.net - Version: 4.0.47--><h2><span style=\"color: #000000;\">Lauras Leben mit ADHS<\/span><\/h2>\n<p><img loading=\"lazy\" decoding=\"async\" class=\"alignright wp-image-14663\" src=\"https:\/\/www.addkenmerken.net\/wp-content\/uploads\/2013\/10\/Heb-ik-ADHD.jpg\" alt=\"Habe ich ADHS?\" width=\"322\" height=\"268\" title=\"\">Ich bin 15 Jahre alt und geh\u00f6re zur Klasse. Ich habe das Gef\u00fchl, ich muss spucken und die Klasse verlassen, um auf die Toilette zu gehen. Dort angekommen, geht das Gef\u00fchl wieder weg, zur\u00fcck in die Klasse. Wenn ich wieder auf der Schulbank sitze, \u00fcberf\u00e4llt mich wieder das gleiche Gef\u00fchl: Was ist los? Werde ich krank? Verdammt, zur\u00fcck ins Bad. Was werden sie von mir denken... Dies ist der Beginn einer Periode von einigen Wochen, in der das gleiche Gef\u00fchl kommt und geht. Mein Gott, ich scheine verr\u00fcckt zu sein. Ich... Wird es dann Spannungen geben?<\/p>\n<p>Ich hatte einen schweren Motorradunfall mit meinem zehnj\u00e4hrigen Freund. Ich lebe immer noch bei meinen Eltern, aber nicht lange danach ziehe ich zu ihm. F\u00fcnfzehn Jahre........ Wochen, Monate, Jahre vergehen. Ich kann mich nicht an viel erinnern, nur an H\u00f6hepunkte. Und es sind gew\u00f6hnlich gewaltt\u00e4tige, nicht so sehr lustige Veranstaltungen. Freitagabend, netter Ausflug in die Stadt, Abendessen mit einem Freund. Im Restaurant habe ich das Gef\u00fchl, ich muss spucken. Nein, nicht schon wieder. Ich gerate in Panik und gehe sofort nach Hause, weil ich denke, sie wird mich f\u00fcr verr\u00fcckt halten. Es ist der Beginn von 4 Jahren Stra\u00dfenangst, Hyperventilation und einer Spuckphobie. Wie durch Zufall (obwohl ich nicht an Zufall glaube) finde ich durch Artikel heraus, dass ich hyperventiliert habe, was mir die Spuck-Phobie beschert hat.<\/p>\n<p>Aber.... Was tun Sie dagegen? Ich bekomme Entspannungsmittel vom Arzt. Folge: Sucht. 8 bis 10 Oxazepam an einem Tag, aber ich kann mich immer noch nicht beruhigen. Irgendwann h\u00f6re ich \u00fcber Nacht auf, weil der gew\u00fcnschte Effekt nicht mehr da ist. Therapie hier, Therapie dort, nichts hilft. Irgendwann komme ich von alleine \"dar\u00fcber hinweg\".<\/p>\n<p><a href=\"https:\/\/www.addkenmerken.net\/de\/der-sturm-namens-adhd\/\">Beziehungen<\/a> kommen und gehen. Sie langweilen mich schnell. Ich m\u00f6chte angeregt werden, mag keine Langeweile. Ich wickle die Menschen mit meiner Spontaneit\u00e4t und Begeisterung um den Finger. M\u00e4nner fallen auf mich wie B\u00fcsche, aber langfristige Beziehungen sind nichts f\u00fcr mich. Ich benehme mich nach Wochen, Monaten schrecklich, aber ich wei\u00df nicht, warum ich es tue. Wer auch immer etwas tut, ich finde es nie richtig, ich habe immer Kommentare. Heftige Stimmungsschwankungen und Wutanf\u00e4lle. Ich wei\u00df, dass ich nicht diese Person bin. Ich wei\u00df, dass das, was ich tue, nicht richtig ist. Warum tue ich es dann? Warum f\u00fchle ich mich so anders. Warum habe ich das Gef\u00fchl, dass ich zwei Menschen bin? Dass jemand regelm\u00e4\u00dfig \u00fcbernimmt und mich Dinge tun l\u00e4sst, die ich \u00fcberhaupt nicht unterst\u00fctze? Beziehungen funktionieren nicht, ich will Kinder, schon immer gewollt.<\/p>\n<p>Durch eine Freundin werde ich schwanger, ganz unbewusst. Ich bin 28 Jahre alt. Treffen Sie einen anderen Mann. Ich wei\u00df noch nicht, dass ich schwanger bin und in einer Beziehung lebe. Sobald ich wei\u00df, dass ich schwanger bin, sage ich es ihm, und er entscheidet sich daf\u00fcr, dies mit mir zu tun. Ich wollte BOM-Mutter werden, aber ich habe zu viel Angst, es allein zu tun, und ich klammere mich an diesen Mann. Er zieht mein \u00e4ltestes Kind wie sein eigenes auf, und wir bekommen eine weitere Tochter. Nach 9 Jahren des \"Durchhaltens\" verlasse ich ihn. Buchst\u00e4blich krank vom Ungl\u00fccklichsein. Sofort st\u00fcrze ich mich in die n\u00e4chste Beziehung und zwinge meine Kinder. Ich bekomme ein weiteres Kind. Meine Kinder haben es auch nicht leicht mit mir. Auf der einen Seite eine so liebevolle Mutter, auf der anderen Seite ihr Schrecken, ich f\u00fchle mich schrecklich. Ich bin nicht gut genug, meine Kinder haben so viel besseres verdient.... Auch diese Beziehung endet. Er kann mit meinem Verhalten nicht mehr umgehen. Ich verstehe es nicht. Es liegt nicht an mir, oder? Er kann nicht kommunizieren! Ich kann es!<\/p>\n<p>Ich berichte an Psyq. Im Laufe der Jahre habe ich viel gelesen und lange Zeit gedacht, dass ich grenzwertig bin, aber weil ich auch einmal gelesen habe, dass es daf\u00fcr keine Medikamente gibt, habe ich nicht damit begonnen, damit zu arbeiten. Ich habe es satt, ich will nicht diese Person sein. W\u00e4hrend einer telefonischen Beratung fragt mich eine Dame: Haben Sie schon einmal <a title=\"Charakteristika von ADHD\" href=\"https:\/\/www.addkenmerken.net\/de\/merkmale-von-adhd\/\">ADHD<\/a> Glauben Sie das? Ich fange an zu lachen. Nein, daran hatte ich nie gedacht. ADHS h\u00fcpft herum, nicht wahr? Nach mehreren Untersuchungen, an denen auch meine Eltern und zwei Freundinnen beteiligt sind, wird bei mir ADHS diagnostiziert und dann die nervigste Form. Sie glauben, dass da noch etwas anderes ist, aber sie wollen es in den Coachinggespr\u00e4chen herausfinden. Ich bin erleichtert, ich bin nicht verr\u00fcckt, ich habe nur ADHS. Ok, gro\u00dfe Sache, machen wir uns an die Arbeit.<\/p>\n<p>Ich beginne mit einer Informationsveranstaltung. N\u00fctzliche Informationen und der Kontakt mit den anderen ADHD'lern ist eine Erleichterung. Dann kommt der Schlag. Das ist etwas, das nicht verschwinden wird. Was so viel Elend h\u00e4tte vermeiden k\u00f6nnen, wenn ich es fr\u00fcher gewusst h\u00e4tte... Aber ich kann es nicht r\u00fcckg\u00e4ngig machen, deshalb bleibe ich nicht in der Box. So heftig ich schon immer gegen Chemikalienm\u00fcll war, werde ich trotzdem mit Lexapro und Concerta beginnen. Wow, was f\u00fcr eine Pause. \u00c4hm... keine Lieder mehr im Kopf, keine 100 Dinge auf einmal im Kopf, keine Ablenkungen mehr, und zum ersten Mal kann ich mich sehr gut auf meine Arbeit konzentrieren. Die Depressionen sind weniger intensiv, die Stimmungsschwankungen sind verschwunden. Keine Wutanf\u00e4lle mehr.<\/p>\n<p>Zwei Monate nach der Untersuchung stellt sich heraus, dass mein \u00e4ltestes Kind ebenfalls an ADHS und auch an ODD leidet. Das wird schwierig sein, aber gerade weil ich ihn so gut verstehe, weil ich ihn selbst habe, glaube ich, dass er bei mir am richtigen Ort ist. Denn Liebe und Geduld f\u00fcr meine Kinder habe ich im \u00dcberfluss............ F\u00fcr den Rest steht Geduld nicht in meinem W\u00f6rterbuch. Er leidet haupts\u00e4chlich unter Konzentrationsproblemen und steht regelm\u00e4\u00dfig in Konflikt mit Lehrern. Er kann nicht die Verantwortung f\u00fcr sein eigenes Verhalten \u00fcbernehmen, das liegt immer bei jemand anderem. Aber oh, so ein herrlich kluges Kind mit Sinn f\u00fcr Humor!<\/p>\n<p>Meine \u00e4lteste Tochter hat nichts, scheint aber (nach der Untersuchung) in einer gest\u00f6rten Beziehung zu mir zu stehen, dank meines Verhaltens und dank der Trennung zwischen ihrem Vater und mir. Wir werden auch damit arbeiten. Ich f\u00fchle mich nicht schuldig. Es ist geschehen, ich kann nicht \u00e4ndern, was geschehen ist, ich kann die Zukunft f\u00fcr sie \u00e4ndern.<\/p>\n<p>Wir sind eine besondere Familie, bei uns ist es nie langweilig. Wir k\u00f6nnen zusammen h\u00fcpfen und wir lieben einander. Ich bin nicht verr\u00fcckt, ich habe nur ADHS.<\/p>\n<p>Laura<\/p>\n<p>Bl\u00e4ttern Sie nach unten, um Ihre Reaktion auf Lauras Lebensgeschichte zu hinterlassen.<\/p>\n<p>\u00a0<\/p>\n\n\n<div class=\"wp-block-uagb-marketing-button uagb-marketing-btn__outer-wrap uagb-marketing-btn__align-center uagb-marketing-btn__align-text-center uagb-marketing-btn__icon-before\" id=\"uagb-marketing-btn-bc07d9fd-afab-465d-bd82-96e12407b527\"><div class=\"uagb-marketing-btn__wrap\"><a href=\"https:\/\/www.addkenmerken.net\/de\/kategorie\/lebensgeschichten\/\" class=\"uagb-marketing-btn__link\" target=\"\" rel=\"noopener \"><div class=\"uagb-marketing-btn__title-wrap\"><h6 class=\"uagb-marketing-btn__title\">Sehen Sie hier alle eingereichten Lebensgeschichten<\/h6><\/div><div class=\"uagb-marketing-btn__prefix-wrap\"><p class=\"uagb-marketing-btn__prefix\"><\/p><\/div><\/a><\/div><\/div>","protected":false},"excerpt":{"rendered":"<p>Lauras Leben mit ADHS Ich bin 15 Jahre alt und ich bin im Unterricht. Ich habe das Gef\u00fchl, ich muss spucken und gehen...<\/p>","protected":false},"author":1,"featured_media":14663,"comment_status":"open","ping_status":"closed","sticky":false,"template":"","format":"standard","meta":{"_kad_post_transparent":"","_kad_post_title":"","_kad_post_layout":"","_kad_post_sidebar_id":"","_kad_post_content_style":"","_kad_post_vertical_padding":"","_kad_post_feature":"","_kad_post_feature_position":"","_kad_post_header":false,"_kad_post_footer":false,"_kad_post_classname":"","footnotes":""},"categories":[1162,1506,1132,552],"tags":[6,691],"class_list":["post-7695","post","type-post","status-publish","format-standard","has-post-thumbnail","hentry","category-volwassenen-met-add-adhd","category-add-adhd","category-adhd-artikelen","category-levensverhalen","tag-adhd","tag-verhaal"],"_links":{"self":[{"href":"https:\/\/www.addkenmerken.net\/de\/wp-json\/wp\/v2\/posts\/7695","targetHints":{"allow":["GET"]}}],"collection":[{"href":"https:\/\/www.addkenmerken.net\/de\/wp-json\/wp\/v2\/posts"}],"about":[{"href":"https:\/\/www.addkenmerken.net\/de\/wp-json\/wp\/v2\/types\/post"}],"author":[{"embeddable":true,"href":"https:\/\/www.addkenmerken.net\/de\/wp-json\/wp\/v2\/users\/1"}],"replies":[{"embeddable":true,"href":"https:\/\/www.addkenmerken.net\/de\/wp-json\/wp\/v2\/comments?post=7695"}],"version-history":[{"count":0,"href":"https:\/\/www.addkenmerken.net\/de\/wp-json\/wp\/v2\/posts\/7695\/revisions"}],"wp:featuredmedia":[{"embeddable":true,"href":"https:\/\/www.addkenmerken.net\/de\/wp-json\/wp\/v2\/media\/14663"}],"wp:attachment":[{"href":"https:\/\/www.addkenmerken.net\/de\/wp-json\/wp\/v2\/media?parent=7695"}],"wp:term":[{"taxonomy":"category","embeddable":true,"href":"https:\/\/www.addkenmerken.net\/de\/wp-json\/wp\/v2\/categories?post=7695"},{"taxonomy":"post_tag","embeddable":true,"href":"https:\/\/www.addkenmerken.net\/de\/wp-json\/wp\/v2\/tags?post=7695"}],"curies":[{"name":"wp","href":"https:\/\/api.w.org\/{rel}","templated":true}]}}