{"id":7721,"date":"2013-10-29T16:10:17","date_gmt":"2013-10-29T15:10:17","guid":{"rendered":"http:\/\/www.addkenmerken.net\/?p=7721"},"modified":"2019-10-02T23:01:12","modified_gmt":"2019-10-02T21:01:12","slug":"mutter-eines-sohnes-mit-adhd-autismus","status":"publish","type":"post","link":"https:\/\/www.addkenmerken.net\/de\/moeder-van-zoon-met-adhd-autisme\/","title":{"rendered":"Die Geschichte einer Mutter \u00fcber ihren Sohn mit ADHS und Autismus"},"content":{"rendered":"<aside class=\"mashsb-container mashsb-main mashsb-stretched\"><div class=\"mashsb-box\"><div class=\"mashsb-buttons\"><a class=\"mashicon-facebook mash-large mash-center mashsb-noshadow\" href=\"https:\/\/www.facebook.com\/sharer.php?u=https%3A%2F%2Fwww.addkenmerken.net%2Fde%2Fmoeder-van-zoon-met-adhd-autisme%2F%3Futm_source%3Dsharebuttons%26utm_medium%3Dfacebook%26utm_campaign%3Dmashshare\" target=\"_top\" rel=\"nofollow\"><span class=\"icon\"><\/span><span class=\"text\">Teilen Sie<\/span><\/a><a class=\"mashicon-twitter mash-large mash-center mashsb-noshadow\" href=\"https:\/\/twitter.com\/intent\/tweet?text=&amp;url=https:\/\/www.addkenmerken.net\/de\/?p=7721&amp;via=krachtvanADHD\" target=\"_top\" rel=\"nofollow\"><span class=\"icon\"><\/span><span class=\"text\">Zwitschern Sie<\/span><\/a><div class=\"onoffswitch2 mash-large mashsb-noshadow\" style=\"display:none\"><\/div><\/div>\n            <\/div>\n                <div style=\"clear:both\"><\/div><\/aside>\n            <!-- Share buttons by mashshare.net - Version: 4.0.47--><h2><span style=\"color: #000000;\">Ella Timmermans \u00fcber ihren Sohn mit ADHS und Autismus<\/span><\/h2>\n<p>Lieber Jochem,<\/p>\n<figure id=\"attachment_14660\" aria-describedby=\"caption-attachment-14660\" style=\"width: 315px\" class=\"wp-caption alignright\"><img loading=\"lazy\" decoding=\"async\" class=\"wp-image-14660\" src=\"https:\/\/www.addkenmerken.net\/wp-content\/uploads\/2013\/10\/Kinderen-met-ADHD-en-autisme.jpg\" alt=\"Kinder mit ADHS und Autismus\" width=\"315\" height=\"210\" title=\"\"><figcaption id=\"caption-attachment-14660\" class=\"wp-caption-text\">Foto zur Veranschaulichung<\/figcaption><\/figure>\n<p>Ich werde Ihnen ein wenig \u00fcber unsere Erfahrungen berichten. Unser Sohn ist jetzt 8 Jahre alt. Als er geboren wurde (9 Pfund), h\u00f6rten wir, dass wir einen gesunden Sohn bekommen hatten. Als Mutter merkte ich bald, dass er unruhig war. Ich hatte bereits 3 Kinder, die \u00e4lter waren. Dies war eine neue Beziehung und ein Kind der Liebe.  Es war also das erste Kind meines Mannes.<\/p>\n<p>Ich hatte das Gef\u00fchl, dass er unruhig war, dass er viel weinte und sich auch treiben lassen konnte. Anders als meine anderen Kinder.<\/p>\n<p>Nach Jahren ging er in den Kindergarten, und es wurde bald klar, dass das falsch war. Endlich habe ich das Gef\u00fchl, hm hm hm, ich bin nicht allein mit meiner Sorge um unseren Kleinen. Nach einer kleinen Untersuchung am Herlahof wurde bei mir eine Nahtst\u00f6rung diagnostiziert.  Und wir standen wieder drau\u00dfen auf der Stra\u00dfe. Denn es wurde nichts anderes damit gemacht. Ich habe es nicht verstanden und angefangen zu lesen. Und sofort dachte ich: Das hat er wirklich nicht.<\/p>\n<p>Nach langem Dr\u00e4ngen auf eine weitere Untersuchung an einer anderen Institution erhielten wir eine \u00dcberweisungskarte. Es ist hier leicht zu lesen, aber dem ging eine Menge Stress voraus. Der Kinderarzt f\u00fchrte einen BQ-Test durch. Und danach durften wir mit der Medikation beginnen, denn es waren viele Dinge sichtbar <a title=\"Charakteristika von ADHD\" href=\"https:\/\/www.addkenmerken.net\/de\/merkmale-von-adhd\/\">ADHD<\/a>. Als er schon nach wenigen Tagen begann, ein anderes Kind zu sehen. Er sah sein Spielzeug zum ersten Mal, spielte und war ruhiger. In der Zwischenzeit war er jedoch auf Sonderp\u00e4dagogik gesetzt worden. Rucksack 4. Jetzt ging es so viel besser mit ihm kleine Klassen weniger Reize. Wir haben die Medikamente auch einige Male abgesetzt, und das war sofort sichtbar, und er fragte sich, ob er bitte seine Pillen nehmen k\u00f6nne. Beim Schulfu\u00dfball zu Hause ging alles schief. Wir wussten also, dass wir den Methylphenidat-Retard brauchen. Er nimmt sie jetzt seit fast 2 Jahren. Sein Appetit ist schlecht.<\/p>\n<p>Wir kamen \u00fcber den Kinderarzt wegen seiner Verhaltensprobleme zur GGZ. Seine Wutanf\u00e4lle wurden immer schlimmer und schlimmer. Den Gef\u00fchlen meiner Mutter zufolge war mehr an ihm dran. Nach einem langen Hin- und Hergespr\u00e4ch durften wir endlich einen Psychiater aufsuchen. Nun, er merkte bald, dass wir nicht umsonst gekommen waren. Nach einer mehr als zweist\u00fcndigen Spielrecherche und dem Gespr\u00e4ch mit unserem Sohn und uns sagte er uns, dass sein ADHS im Vergleich zu seiner anderen Behinderung nur ein Tiefpunkt sei. Er sagte uns, dass er ein Autismus-Spektrum hat. Deshalb baute er einen Stollen und Zelte auf und konnte nicht gut aussehen und auf den Zehenspitzen gehen, und nichts durfte sich je bewegen. Seine Drift wurde nun besser erkl\u00e4rt.<\/p>\n<p>Jetzt m\u00fcssen wir einen Kurs belegen, wie wir am besten mit ihm umgehen k\u00f6nnen. Diese Geschichte scheint lang zu sein. Aber wenn ich alles erz\u00e4hlen m\u00fcsste, w\u00e4re es ein Buch. Ich arbeite nicht mehr. Ich werde an ihm festhalten und daf\u00fcr sorgen, dass ich immer f\u00fcr ihn da bin. Ich trainiere mittags und abends bin ich immer zu Hause. Es kostet ihn viel Energie, mit mir zu verhandeln. Mein Partner sieht ihm \u00e4hnlich, und das botet ziemlich oft. Deshalb habe ich die meisten Aufgaben zu Hause bei unserem Sohn. Nachts muss ich oft f\u00fcr ihn rausgehen, obwohl er Melatonin hat! Er verlangt viel Aufmerksamkeit und hat ein klares Ritual. Sie sind zu schwer f\u00fcr meinen Mann, weil er in vielen Dingen derselbe ist. Unser Sohn liebt seine IPAD und DS.  Und XBOX. Dort findet er Frieden. Ich hoffe, meine Geschichte gef\u00e4llt Ihnen. Viel Gl\u00fcck bei all der Arbeit, die Sie im Zusammenhang mit diesen ADHS-Beschr\u00e4nkungen leisten.<\/p>\n<p>Mit freundlichen Gr\u00fc\u00dfen,<\/p>\n<p>Ella Timmermans<\/p>\n<p>Im Folgenden k\u00f6nnen Sie diese Lebensgeschichte kommentieren<\/p>\n\n\n\n\n<div class=\"wp-block-uagb-marketing-button uagb-marketing-btn__outer-wrap uagb-marketing-btn__align-center uagb-marketing-btn__align-text-center uagb-marketing-btn__icon-before\" id=\"uagb-marketing-btn-bc07d9fd-afab-465d-bd82-96e12407b527\"><div class=\"uagb-marketing-btn__wrap\"><a href=\"https:\/\/www.addkenmerken.net\/de\/kategorie\/lebensgeschichten\/\" class=\"uagb-marketing-btn__link\" target=\"\" rel=\"noopener \"><div class=\"uagb-marketing-btn__title-wrap\"><h6 class=\"uagb-marketing-btn__title\">Sehen Sie hier alle eingereichten Lebensgeschichten<\/h6><\/div><div class=\"uagb-marketing-btn__prefix-wrap\"><p class=\"uagb-marketing-btn__prefix\"><\/p><\/div><\/a><\/div><\/div>","protected":false},"excerpt":{"rendered":"<p>Ella Timmermans \u00fcber ihren Sohn mit ADHS und Autismus Lieber Jochem, ich werde Ihnen ein wenig \u00fcber unsere Erfahrungen berichten. Unser Sohn ist jetzt 8 Jahre alt...<\/p>","protected":false},"author":1,"featured_media":14660,"comment_status":"open","ping_status":"closed","sticky":false,"template":"","format":"standard","meta":{"_kad_post_transparent":"","_kad_post_title":"","_kad_post_layout":"","_kad_post_sidebar_id":"","_kad_post_content_style":"","_kad_post_vertical_padding":"","_kad_post_feature":"","_kad_post_feature_position":"","_kad_post_header":false,"_kad_post_footer":false,"_kad_post_classname":"","footnotes":""},"categories":[1148,1506,1132,701,552],"tags":[6,694,19,695],"class_list":["post-7721","post","type-post","status-publish","format-standard","has-post-thumbnail","hentry","category-kinderen-met-addadhd","category-add-adhd","category-adhd-artikelen","category-autisme","category-levensverhalen","tag-adhd","tag-autisme","tag-gedrag","tag-moeder"],"_links":{"self":[{"href":"https:\/\/www.addkenmerken.net\/de\/wp-json\/wp\/v2\/posts\/7721","targetHints":{"allow":["GET"]}}],"collection":[{"href":"https:\/\/www.addkenmerken.net\/de\/wp-json\/wp\/v2\/posts"}],"about":[{"href":"https:\/\/www.addkenmerken.net\/de\/wp-json\/wp\/v2\/types\/post"}],"author":[{"embeddable":true,"href":"https:\/\/www.addkenmerken.net\/de\/wp-json\/wp\/v2\/users\/1"}],"replies":[{"embeddable":true,"href":"https:\/\/www.addkenmerken.net\/de\/wp-json\/wp\/v2\/comments?post=7721"}],"version-history":[{"count":0,"href":"https:\/\/www.addkenmerken.net\/de\/wp-json\/wp\/v2\/posts\/7721\/revisions"}],"wp:featuredmedia":[{"embeddable":true,"href":"https:\/\/www.addkenmerken.net\/de\/wp-json\/wp\/v2\/media\/14660"}],"wp:attachment":[{"href":"https:\/\/www.addkenmerken.net\/de\/wp-json\/wp\/v2\/media?parent=7721"}],"wp:term":[{"taxonomy":"category","embeddable":true,"href":"https:\/\/www.addkenmerken.net\/de\/wp-json\/wp\/v2\/categories?post=7721"},{"taxonomy":"post_tag","embeddable":true,"href":"https:\/\/www.addkenmerken.net\/de\/wp-json\/wp\/v2\/tags?post=7721"}],"curies":[{"name":"wp","href":"https:\/\/api.w.org\/{rel}","templated":true}]}}