{"id":7961,"date":"2014-01-15T14:35:23","date_gmt":"2014-01-15T13:35:23","guid":{"rendered":"http:\/\/www.addkenmerken.net\/?p=7961"},"modified":"2019-10-02T16:12:38","modified_gmt":"2019-10-02T14:12:38","slug":"hanneka-und-ihr-sohn-mit-add","status":"publish","type":"post","link":"https:\/\/www.addkenmerken.net\/de\/hanneka-en-haar-zoontje-met-add\/","title":{"rendered":"Hanneka und ihr Sohn mit ADS"},"content":{"rendered":"<aside class=\"mashsb-container mashsb-main mashsb-stretched\"><div class=\"mashsb-box\"><div class=\"mashsb-count mash-large\" style=\"float:left\"><div class=\"counts mashsbcount\">82<\/div><span class=\"mashsb-sharetext\">gemeinsame Zeit<\/span><\/div><div class=\"mashsb-buttons\"><a class=\"mashicon-facebook mash-large mash-center mashsb-noshadow\" href=\"https:\/\/www.facebook.com\/sharer.php?u=https%3A%2F%2Fwww.addkenmerken.net%2Fde%2Fhanneka-en-haar-zoontje-met-add%2F%3Futm_source%3Dsharebuttons%26utm_medium%3Dfacebook%26utm_campaign%3Dmashshare\" target=\"_top\" rel=\"nofollow\"><span class=\"icon\"><\/span><span class=\"text\">Teilen Sie<\/span><\/a><a class=\"mashicon-twitter mash-large mash-center mashsb-noshadow\" href=\"https:\/\/twitter.com\/intent\/tweet?text=&amp;url=https:\/\/www.addkenmerken.net\/de\/?p=7961&amp;via=krachtvanADHD\" target=\"_top\" rel=\"nofollow\"><span class=\"icon\"><\/span><span class=\"text\">Zwitschern Sie<\/span><\/a><div class=\"onoffswitch2 mash-large mashsb-noshadow\" style=\"display:none\"><\/div><\/div>\n            <\/div>\n                <div style=\"clear:both\"><\/div><\/aside>\n            <!-- Share buttons by mashshare.net - Version: 4.0.47--><p><em>Bericht von Hanneke \u00fcber ihren Sohn mit ADS erhalten<\/em><\/p>\n<h2>Die lustigen und weniger lustigen Seiten von ADD<\/h2>\n<p>Hallo, Jochem,<\/p>\n<p>Zun\u00e4chst einmal finde ich es gro\u00dfartig, dass Sie diese Website eingerichtet haben, klare Erkl\u00e4rungen und alles ist gut in Worte gefasst, und auch die Tipps gefallen mir.<\/p>\n<figure id=\"attachment_14656\" aria-describedby=\"caption-attachment-14656\" style=\"width: 278px\" class=\"wp-caption alignright\"><img loading=\"lazy\" decoding=\"async\" class=\"wp-image-14656\" src=\"https:\/\/www.addkenmerken.net\/wp-content\/uploads\/2014\/01\/Kinderen-met-ADD.jpg\" alt=\"ADD-Kinder\" width=\"278\" height=\"187\" title=\"\"><figcaption id=\"caption-attachment-14656\" class=\"wp-caption-text\">Foto zur Veranschaulichung<\/figcaption><\/figure>\n<p>Ich habe nicht die Diagnose <a title=\"HINZUF\u00dcGEN\" href=\"https:\/\/www.addkenmerken.net\/de\/symptome-hinzufugen\/\" target=\"_blank\" rel=\"noopener \">HINZUF\u00dcGEN<\/a> aber mein 10-j\u00e4hriger Sohn tut es.<\/p>\n<p>Ich wusste sehr schnell, dass er als kleines Kind ein Sonderfall war, er war manchmal ziemlich widerspr\u00fcchlich, sehr anstrengend, aber auch sch\u00f6ne Dinge, die er tat oder sagte.<\/p>\n<p>Als wir 2010 umgezogen sind und die Ver\u00e4nderungen f\u00fcr ihn ziemlich intensiv waren und er pl\u00f6tzlich in der Schule schikaniert wurde und anfing, sehr schlechte Leistungen zu bringen, dachte ich, und jetzt m\u00f6chte ich wissen, was mit ihm los ist.<\/p>\n<p>Zuerst ging er zu einem Psychologen, aber es gefiel ihm nicht, und er sagte, er verstehe nicht, was er davon habe. Nein, das hat nicht funktioniert.<\/p>\n<p>Sein Herrchen erz\u00e4hlte mir von ADS und dessen Pr\u00fcfung, und tats\u00e4chlich war es ADS.<\/p>\n<p>Ich habe viel dar\u00fcber gelesen, und seit einem Monat arbeiten wir an <a title=\"LTO3\" href=\"https:\/\/www.addkenmerken.net\/de\/lto3\/\">lto3<\/a> Ich bin sehr gegen Drogen, also schiebe ich es so lange auf, wie ich kann.<\/p>\n<p>Es ist nicht so, dass er unkontrollierbar w\u00e4re.<\/p>\n<p>Man muss nur sehr viel Geduld mit ihm haben, das ist f\u00fcr mich als Mutter nicht leicht, denn ich habe noch zwei S\u00f6hne, die nat\u00fcrlich auch Aufmerksamkeit brauchen.<\/p>\n<p>Ich versuche immer, ihm klarzumachen, dass er normal ist und dass er etwas Besonderes in seinem Besitz hat, dass er alles nur ein bisschen besser sehen kann, nur ein bisschen mehr in einem Lied oder nur ein bisschen mehr im Wald oder so komisch aus der Ecke kommt<\/p>\n<p>Es ist nicht immer leicht zu erkennen, dass er in seinem Kopf besch\u00e4ftigt ist, oft kratzt er sich die H\u00e4nde auf und eine solche Wunde bleibt meist noch einige Male \u00fcber Wochen offen. <a href=\"https:\/\/www.addkenmerken.net\/de\/8-tipps-fur-besseren-schlaf-bei-add-adhd\/\">schlafen<\/a> ist immer schwierig Ich lasse ihn oft Kurortmusik h\u00f6ren, wenn er schlafen geht Auch er muss etwas in der Hand haben Er hat normalerweise ein Kn\u00e4uel oder einen Stressball in der Hand<\/p>\n<p>Ich hoffe, dass es mir gut geht und dass er sich sp\u00e4ter in dieser Welt gut entwickeln kann.<\/p>\n<p>Frau Hanneke<\/p>\n<p>M\u00f6chten Sie einen Kommentar zu Hannekes Artikel abgeben? Lassen Sie uns in den folgenden Kommentaren von Ihnen h\u00f6ren...<\/p>\n\n\n\n\n<div class=\"wp-block-uagb-marketing-button uagb-marketing-btn__outer-wrap uagb-marketing-btn__align-center uagb-marketing-btn__align-text-center uagb-marketing-btn__icon-before\" id=\"uagb-marketing-btn-bc07d9fd-afab-465d-bd82-96e12407b527\"><div class=\"uagb-marketing-btn__wrap\"><a href=\"https:\/\/www.addkenmerken.net\/de\/kategorie\/lebensgeschichten\/\" class=\"uagb-marketing-btn__link\" target=\"\" rel=\"noopener \"><div class=\"uagb-marketing-btn__title-wrap\"><h6 class=\"uagb-marketing-btn__title\">Sehen Sie hier alle eingereichten Lebensgeschichten<\/h6><\/div><div class=\"uagb-marketing-btn__prefix-wrap\"><p class=\"uagb-marketing-btn__prefix\"><\/p><\/div><\/a><\/div><\/div>","protected":false},"excerpt":{"rendered":"<p>Empfangene Geschichte von Hanneke \u00fcber ihren Sohn mit ADS Die lustigen und weniger lustigen Seiten von ADD Hallo Jochem, Zuallererst finde ich es fantastisch...<\/p>","protected":false},"author":1,"featured_media":14656,"comment_status":"open","ping_status":"closed","sticky":false,"template":"","format":"standard","meta":{"_kad_post_transparent":"","_kad_post_title":"","_kad_post_layout":"","_kad_post_sidebar_id":"","_kad_post_content_style":"","_kad_post_vertical_padding":"","_kad_post_feature":"","_kad_post_feature_position":"","_kad_post_header":false,"_kad_post_footer":false,"_kad_post_classname":"","footnotes":""},"categories":[1148,1131,1506,552],"tags":[5,695],"class_list":["post-7961","post","type-post","status-publish","format-standard","has-post-thumbnail","hentry","category-kinderen-met-addadhd","category-add","category-add-adhd","category-levensverhalen","tag-add","tag-moeder"],"_links":{"self":[{"href":"https:\/\/www.addkenmerken.net\/de\/wp-json\/wp\/v2\/posts\/7961","targetHints":{"allow":["GET"]}}],"collection":[{"href":"https:\/\/www.addkenmerken.net\/de\/wp-json\/wp\/v2\/posts"}],"about":[{"href":"https:\/\/www.addkenmerken.net\/de\/wp-json\/wp\/v2\/types\/post"}],"author":[{"embeddable":true,"href":"https:\/\/www.addkenmerken.net\/de\/wp-json\/wp\/v2\/users\/1"}],"replies":[{"embeddable":true,"href":"https:\/\/www.addkenmerken.net\/de\/wp-json\/wp\/v2\/comments?post=7961"}],"version-history":[{"count":0,"href":"https:\/\/www.addkenmerken.net\/de\/wp-json\/wp\/v2\/posts\/7961\/revisions"}],"wp:featuredmedia":[{"embeddable":true,"href":"https:\/\/www.addkenmerken.net\/de\/wp-json\/wp\/v2\/media\/14656"}],"wp:attachment":[{"href":"https:\/\/www.addkenmerken.net\/de\/wp-json\/wp\/v2\/media?parent=7961"}],"wp:term":[{"taxonomy":"category","embeddable":true,"href":"https:\/\/www.addkenmerken.net\/de\/wp-json\/wp\/v2\/categories?post=7961"},{"taxonomy":"post_tag","embeddable":true,"href":"https:\/\/www.addkenmerken.net\/de\/wp-json\/wp\/v2\/tags?post=7961"}],"curies":[{"name":"wp","href":"https:\/\/api.w.org\/{rel}","templated":true}]}}