{"id":7964,"date":"2014-01-15T14:43:41","date_gmt":"2014-01-15T13:43:41","guid":{"rendered":"http:\/\/www.addkenmerken.net\/?p=7964"},"modified":"2019-08-21T16:24:39","modified_gmt":"2019-08-21T14:24:39","slug":"karin-die-chaos-ihren-kopf-durch-hinzufugen","status":"publish","type":"post","link":"https:\/\/www.addkenmerken.net\/de\/karin-de-chaos-haar-hoofd-door-add\/","title":{"rendered":"Karin \u00fcber das Chaos in ihrem Kopf durch ADD"},"content":{"rendered":"<aside class=\"mashsb-container mashsb-main mashsb-stretched\"><div class=\"mashsb-box\"><div class=\"mashsb-count mash-large\" style=\"float:left\"><div class=\"counts mashsbcount\">240<\/div><span class=\"mashsb-sharetext\">gemeinsame Zeit<\/span><\/div><div class=\"mashsb-buttons\"><a class=\"mashicon-facebook mash-large mash-center mashsb-noshadow\" href=\"https:\/\/www.facebook.com\/sharer.php?u=https%3A%2F%2Fwww.addkenmerken.net%2Fde%2Fkarin-de-chaos-haar-hoofd-door-add%2F%3Futm_source%3Dsharebuttons%26utm_medium%3Dfacebook%26utm_campaign%3Dmashshare\" target=\"_top\" rel=\"nofollow\"><span class=\"icon\"><\/span><span class=\"text\">Teilen Sie<\/span><\/a><a class=\"mashicon-twitter mash-large mash-center mashsb-noshadow\" href=\"https:\/\/twitter.com\/intent\/tweet?text=&amp;url=https:\/\/www.addkenmerken.net\/de\/?p=7964&amp;via=krachtvanADHD\" target=\"_top\" rel=\"nofollow\"><span class=\"icon\"><\/span><span class=\"text\">Zwitschern Sie<\/span><\/a><div class=\"onoffswitch2 mash-large mashsb-noshadow\" style=\"display:none\"><\/div><\/div>\n            <\/div>\n                <div style=\"clear:both\"><\/div><\/aside>\n            <!-- Share buttons by mashshare.net - Version: 4.0.47--><h2>Besch\u00e4ftigt, besch\u00e4ftigt, besch\u00e4ftigt, besch\u00e4ftigt, besch\u00e4ftigt wieder in meinem Kopf!<\/h2>\n<h2 style=\"margin-top: 1.71429rem; margin-bottom: 1.71429rem; font-size: 1.28571rem;\"><img loading=\"lazy\" decoding=\"async\" class=\"alignright wp-image-14667\" style=\"margin-top: 0.857143rem; margin-bottom: 0.857143rem; margin-left: 1.71429rem;\" src=\"https:\/\/www.addkenmerken.net\/wp-content\/uploads\/2014\/01\/Chaos-in-je-hoofd-door-ADD.jpg\" alt=\"Chaos in Ihrem Kopf durch ADD\" width=\"265\" height=\"242\" title=\"\" srcset=\"https:\/\/www.addkenmerken.net\/wp-content\/uploads\/2014\/01\/Chaos-in-je-hoofd-door-ADD.jpg 685w, https:\/\/www.addkenmerken.net\/wp-content\/uploads\/2014\/01\/Chaos-in-je-hoofd-door-ADD-300x274.jpg 300w, https:\/\/www.addkenmerken.net\/wp-content\/uploads\/2014\/01\/Chaos-in-je-hoofd-door-ADD-624x569.jpg 624w, https:\/\/www.addkenmerken.net\/wp-content\/uploads\/2014\/01\/Chaos-in-je-hoofd-door-ADD-330x300.jpg 330w\" sizes=\"auto, (max-width: 265px) 100vw, 265px\"><\/h2>\n<p>Nun... was kann ich \u00fcber mich sagen... was ist f\u00fcr jemand anderes drin? Ein Punkt, an dem ich alle m\u00f6glichen Blitze durch meinen Kopf bekomme... was? wie? wie? wie? wann?<\/p>\n<p>Und jetzt werde ich wieder von einer Amsel abgelenkt, die in meinem Garten winkt...goh..ut ist warm f\u00fcr das Jahr...wie schl\u00e4ft ein Vogel? was sucht er? die Katze ist gl\u00fccklich im Haus...ich muss noch duschen...gibt es genug Futter f\u00fcr die V\u00f6gel? soll ich Erdn\u00fcsse aufh\u00e4ngen? ich h\u00f6re den Wind...die Bildschirme klappern...und trotzdem finde ich es ruhig...seltsam...die Katze heult Warum gibt es Wasserfutter...<\/p>\n<p>PPfffffff ich bin immer noch so m\u00fcde...trinke meinen Kaffee...ja mein Kaffee...Mensch ich sehe die Amsel wieder...immer noch am selben Ort...<\/p>\n<p>Ich w\u00fcsste nicht einmal, wie meine Erfahrungen sind.....morgens aufzustehen ist f\u00fcr mich so....mit schon vielen Eindr\u00fccken....und nein, ich habe keine Medikamente...bedenken Sie es...<\/p>\n<p>Karin<\/p>","protected":false},"excerpt":{"rendered":"<p>Besch\u00e4ftigt, besch\u00e4ftigt, besch\u00e4ftigt, besch\u00e4ftigt, besch\u00e4ftigt wieder in meinem Kopf! Nun... was kann ich \u00fcber mich sagen... was ist f\u00fcr jemand anderes drin? Ein Punkt, an dem ich...<\/p>","protected":false},"author":1,"featured_media":14667,"comment_status":"open","ping_status":"closed","sticky":false,"template":"","format":"standard","meta":{"_kad_post_transparent":"","_kad_post_title":"","_kad_post_layout":"","_kad_post_sidebar_id":"","_kad_post_content_style":"","_kad_post_vertical_padding":"","_kad_post_feature":"","_kad_post_feature_position":"","_kad_post_header":false,"_kad_post_footer":false,"_kad_post_classname":"","footnotes":""},"categories":[1162,1131,1506],"tags":[5,469,20,211],"class_list":["post-7964","post","type-post","status-publish","format-standard","has-post-thumbnail","hentry","category-volwassenen-met-add-adhd","category-add","category-add-adhd","tag-add","tag-chaos","tag-druk","tag-gedachten"],"_links":{"self":[{"href":"https:\/\/www.addkenmerken.net\/de\/wp-json\/wp\/v2\/posts\/7964","targetHints":{"allow":["GET"]}}],"collection":[{"href":"https:\/\/www.addkenmerken.net\/de\/wp-json\/wp\/v2\/posts"}],"about":[{"href":"https:\/\/www.addkenmerken.net\/de\/wp-json\/wp\/v2\/types\/post"}],"author":[{"embeddable":true,"href":"https:\/\/www.addkenmerken.net\/de\/wp-json\/wp\/v2\/users\/1"}],"replies":[{"embeddable":true,"href":"https:\/\/www.addkenmerken.net\/de\/wp-json\/wp\/v2\/comments?post=7964"}],"version-history":[{"count":0,"href":"https:\/\/www.addkenmerken.net\/de\/wp-json\/wp\/v2\/posts\/7964\/revisions"}],"wp:featuredmedia":[{"embeddable":true,"href":"https:\/\/www.addkenmerken.net\/de\/wp-json\/wp\/v2\/media\/14667"}],"wp:attachment":[{"href":"https:\/\/www.addkenmerken.net\/de\/wp-json\/wp\/v2\/media?parent=7964"}],"wp:term":[{"taxonomy":"category","embeddable":true,"href":"https:\/\/www.addkenmerken.net\/de\/wp-json\/wp\/v2\/categories?post=7964"},{"taxonomy":"post_tag","embeddable":true,"href":"https:\/\/www.addkenmerken.net\/de\/wp-json\/wp\/v2\/tags?post=7964"}],"curies":[{"name":"wp","href":"https:\/\/api.w.org\/{rel}","templated":true}]}}