{"id":7986,"date":"2014-01-15T15:17:22","date_gmt":"2014-01-15T14:17:22","guid":{"rendered":"http:\/\/www.addkenmerken.net\/?p=7986"},"modified":"2019-10-01T21:57:26","modified_gmt":"2019-10-01T19:57:26","slug":"patrick-und-seine-kampfe-im-taglichen-leben-mit-add","status":"publish","type":"post","link":"https:\/\/www.addkenmerken.net\/de\/patrick-en-zijn-struggels-het-dagelijks-leven-met-add\/","title":{"rendered":"Patrick und seine K\u00e4mpfe im t\u00e4glichen Leben mit ADS"},"content":{"rendered":"<aside class=\"mashsb-container mashsb-main mashsb-stretched\"><div class=\"mashsb-box\"><div class=\"mashsb-buttons\"><a class=\"mashicon-facebook mash-large mash-center mashsb-noshadow\" href=\"https:\/\/www.facebook.com\/sharer.php?u=https%3A%2F%2Fwww.addkenmerken.net%2Fde%2Fpatrick-en-zijn-struggels-het-dagelijks-leven-met-add%2F%3Futm_source%3Dsharebuttons%26utm_medium%3Dfacebook%26utm_campaign%3Dmashshare\" target=\"_top\" rel=\"nofollow\"><span class=\"icon\"><\/span><span class=\"text\">Teilen Sie<\/span><\/a><a class=\"mashicon-twitter mash-large mash-center mashsb-noshadow\" href=\"https:\/\/twitter.com\/intent\/tweet?text=&amp;url=https:\/\/www.addkenmerken.net\/de\/?p=7986&amp;via=krachtvanADHD\" target=\"_top\" rel=\"nofollow\"><span class=\"icon\"><\/span><span class=\"text\">Zwitschern Sie<\/span><\/a><div class=\"onoffswitch2 mash-large mashsb-noshadow\" style=\"display:none\"><\/div><\/div>\n            <\/div>\n                <div style=\"clear:both\"><\/div><\/aside>\n            <!-- Share buttons by mashshare.net - Version: 4.0.47--><h2>Soziale Aktivit\u00e4ten, Studium und Beziehungen mit ADD<\/h2>\n<p>Hallo, liebe Leute,<\/p>\n<p><img loading=\"lazy\" decoding=\"async\" class=\"alignright wp-image-14648\" src=\"https:\/\/www.addkenmerken.net\/wp-content\/uploads\/2014\/01\/Struggles-in-het-dagelijks-leven-met-ADD.png\" alt=\"K\u00e4mpfe im Alltag mit ADD\" width=\"427\" height=\"188\" title=\"\">Mein Name ist Patrick, 21 Jahre alt, und vor etwa sechs Monaten wurde bei mir ADS diagnostiziert.<br \/>Ich habe dieses St\u00fcck \u00fcber mich selbst geschrieben, weil ich im t\u00e4glichen Leben vielen Dingen begegne und Geschichten von \"Leidensgenossen\" und wie man mit ihnen umgeht, h\u00f6ren m\u00f6chte, und ich m\u00f6chte auch Menschen helfen.<\/p>\n<p>Ich studiere zur Zeit und treibe gerne Sport, und wie viele andere Menschen mag ich eine nette Unterhaltung und soziale Aktivit\u00e4ten. Was mir begegnet ist, ist Folgendes: Ich kann mich nicht sehr gut auf meine Studien konzentrieren, ich habe oft Kopfschmerzen und bin oft m\u00fcde und brauche viel Schlaf.<\/p>\n<p>Ich f\u00fchle mich in einer gro\u00dfen Gruppe und bei Pr\u00e4sentationen f\u00fcr mein Training v\u00f6llig unbehaglich. Und mir f\u00e4llt auf, dass ich mich oft zur\u00fcckziehe und wirklich das Bed\u00fcrfnis versp\u00fcre, eine Weile allein zu sein.<\/p>\n<p>Ich bin kein gro\u00dfer Held, wenn es um Beziehungen geht, ich hatte nie eine lange Beziehung, und seit ich herausgefunden habe, dass ich <a title=\"ADD-Informationen\" href=\"https:\/\/www.addkenmerken.net\/de\/symptome-hinzufugen\/\" target=\"_blank\" rel=\"noopener \">HINZUF\u00dcGEN<\/a> und jetzt kann ich besser verstehen, warum ich manchmal keine Gef\u00fchle habe.<\/p>\n<p>Die Medikamente, die ich eingenommen habe, sind <a href=\"https:\/\/www.addkenmerken.net\/de\/symptome-hinzufugen\/\">Methylphenidat und Dexamphetamin<\/a>aber diese 2 mochten es nicht und hatten eine Menge Nebenwirkungen. Ich habe gerade mit Clonidin begonnen und muss sehen, ob das funktioniert, ich nehme auch Fisch\u00f6lkapseln.<\/p>\n<p>Gr\u00fc\u00dfe Patrick<\/p>\n<p>Zu dieser Lebensgeschichte k\u00f6nnen Sie unten einen Kommentar abgeben.<\/p>\n\n\n\n\n<div class=\"wp-block-uagb-marketing-button uagb-marketing-btn__outer-wrap uagb-marketing-btn__align-center uagb-marketing-btn__align-text-center uagb-marketing-btn__icon-before\" id=\"uagb-marketing-btn-bc07d9fd-afab-465d-bd82-96e12407b527\"><div class=\"uagb-marketing-btn__wrap\"><a href=\"https:\/\/www.addkenmerken.net\/de\/kategorie\/lebensgeschichten\/\" class=\"uagb-marketing-btn__link\" target=\"\" rel=\"noopener \"><div class=\"uagb-marketing-btn__title-wrap\"><h6 class=\"uagb-marketing-btn__title\">Sehen Sie hier alle eingereichten Lebensgeschichten<\/h6><\/div><div class=\"uagb-marketing-btn__prefix-wrap\"><p class=\"uagb-marketing-btn__prefix\"><\/p><\/div><\/a><\/div><\/div>","protected":false},"excerpt":{"rendered":"<p>Soziale Aktivit\u00e4ten, Studium und Beziehungen mit ADD Day liebe Leute, Mein Name ist Patrick, 21 Jahre alt und bei mir ist ADD etwa ein halbes Jahr....<\/p>","protected":false},"author":1,"featured_media":14648,"comment_status":"open","ping_status":"closed","sticky":false,"template":"","format":"standard","meta":{"_kad_post_transparent":"","_kad_post_title":"","_kad_post_layout":"","_kad_post_sidebar_id":"","_kad_post_content_style":"","_kad_post_vertical_padding":"","_kad_post_feature":"","_kad_post_feature_position":"","_kad_post_header":false,"_kad_post_footer":false,"_kad_post_classname":"","footnotes":""},"categories":[1162,1131,1506,552],"tags":[5,46,700,130,519,732],"class_list":["post-7986","post","type-post","status-publish","format-standard","has-post-thumbnail","hentry","category-volwassenen-met-add-adhd","category-add","category-add-adhd","category-levensverhalen","tag-add","tag-medicatie","tag-relaties","tag-school","tag-sport","tag-studie"],"_links":{"self":[{"href":"https:\/\/www.addkenmerken.net\/de\/wp-json\/wp\/v2\/posts\/7986","targetHints":{"allow":["GET"]}}],"collection":[{"href":"https:\/\/www.addkenmerken.net\/de\/wp-json\/wp\/v2\/posts"}],"about":[{"href":"https:\/\/www.addkenmerken.net\/de\/wp-json\/wp\/v2\/types\/post"}],"author":[{"embeddable":true,"href":"https:\/\/www.addkenmerken.net\/de\/wp-json\/wp\/v2\/users\/1"}],"replies":[{"embeddable":true,"href":"https:\/\/www.addkenmerken.net\/de\/wp-json\/wp\/v2\/comments?post=7986"}],"version-history":[{"count":0,"href":"https:\/\/www.addkenmerken.net\/de\/wp-json\/wp\/v2\/posts\/7986\/revisions"}],"wp:featuredmedia":[{"embeddable":true,"href":"https:\/\/www.addkenmerken.net\/de\/wp-json\/wp\/v2\/media\/14648"}],"wp:attachment":[{"href":"https:\/\/www.addkenmerken.net\/de\/wp-json\/wp\/v2\/media?parent=7986"}],"wp:term":[{"taxonomy":"category","embeddable":true,"href":"https:\/\/www.addkenmerken.net\/de\/wp-json\/wp\/v2\/categories?post=7986"},{"taxonomy":"post_tag","embeddable":true,"href":"https:\/\/www.addkenmerken.net\/de\/wp-json\/wp\/v2\/tags?post=7986"}],"curies":[{"name":"wp","href":"https:\/\/api.w.org\/{rel}","templated":true}]}}