{"id":8140,"date":"2014-01-22T10:17:59","date_gmt":"2014-01-22T09:17:59","guid":{"rendered":"http:\/\/www.addkenmerken.net\/?p=8140"},"modified":"2019-09-30T16:06:26","modified_gmt":"2019-09-30T14:06:26","slug":"debbys-wildes-leben-mit-adhd","status":"publish","type":"post","link":"https:\/\/www.addkenmerken.net\/de\/debbys-wilde-leven-met-adhd\/","title":{"rendered":"Debbys wildes Leben mit ADHD"},"content":{"rendered":"<aside class=\"mashsb-container mashsb-main mashsb-stretched\"><div class=\"mashsb-box\"><div class=\"mashsb-count mash-large\" style=\"float:left\"><div class=\"counts mashsbcount\">37<\/div><span class=\"mashsb-sharetext\">gemeinsame Zeit<\/span><\/div><div class=\"mashsb-buttons\"><a class=\"mashicon-facebook mash-large mash-center mashsb-noshadow\" href=\"https:\/\/www.facebook.com\/sharer.php?u=https%3A%2F%2Fwww.addkenmerken.net%2Fde%2Fdebbys-wilde-leven-met-adhd%2F%3Futm_source%3Dsharebuttons%26utm_medium%3Dfacebook%26utm_campaign%3Dmashshare\" target=\"_top\" rel=\"nofollow\"><span class=\"icon\"><\/span><span class=\"text\">Teilen Sie<\/span><\/a><a class=\"mashicon-twitter mash-large mash-center mashsb-noshadow\" href=\"https:\/\/twitter.com\/intent\/tweet?text=&amp;url=https:\/\/www.addkenmerken.net\/de\/?p=8140&amp;via=krachtvanADHD\" target=\"_top\" rel=\"nofollow\"><span class=\"icon\"><\/span><span class=\"text\">Zwitschern Sie<\/span><\/a><div class=\"onoffswitch2 mash-large mashsb-noshadow\" style=\"display:none\"><\/div><\/div>\n            <\/div>\n                <div style=\"clear:both\"><\/div><\/aside>\n            <!-- Share buttons by mashshare.net - Version: 4.0.47--><h2><span style=\"color: #000000;\">ADHS und Arbeit, Medikamente und intensive Beziehungen<br><\/span><\/h2>\n<p>Hallo, alle zusammen,<\/p>\n<figure id=\"attachment_8141\" aria-describedby=\"caption-attachment-8141\" style=\"width: 228px\" class=\"wp-caption alignright\"><a href=\"https:\/\/www.addkenmerken.net\/wp-content\/uploads\/2014\/01\/Debby-Colijn.jpg\" target=\"_blank\" rel=\"noopener \"><img loading=\"lazy\" decoding=\"async\" class=\"wp-image-8141\" src=\"https:\/\/www.addkenmerken.net\/wp-content\/uploads\/2014\/01\/Debby-Colijn.jpg\" alt=\"Debby Colijn&#039;s lebt mit ADHD\" width=\"228\" height=\"302\" title=\"\" srcset=\"https:\/\/www.addkenmerken.net\/wp-content\/uploads\/2014\/01\/Debby-Colijn.jpg 260w, https:\/\/www.addkenmerken.net\/wp-content\/uploads\/2014\/01\/Debby-Colijn-226x300.jpg 226w\" sizes=\"auto, (max-width: 228px) 100vw, 228px\"><\/a><figcaption id=\"caption-attachment-8141\" class=\"wp-caption-text\">Debby Colijn<\/figcaption><\/figure>\n<p>Als ich 6 Jahre alt war, wurde bei mir ADHS diagnostiziert. Ich musste Ritalin nehmen, aber ich sagte bereits: Ich bin nicht verr\u00fcckt, ich habe die Pillen nach einer Weile in die Schule geworfen, weil ich wegen meines Verhaltens genug schikaniert wurde. In meinem sp\u00e4teren Leben hatte ich viele Probleme, in der Pubert\u00e4t war ich sehr aufs\u00e4ssig, ich landete in Institutionen, weil meine Mutter nicht mehr mit mir umgehen konnte usw.<\/p>\n<p>Danach wurde es nicht besser, von meiner ersten ernsthaften Beziehung hatte ich zwei Kinder \u00fcbrig (das erste x Mama im Alter von 18 Jahren), aber er betrog mich st\u00e4ndig, ich wusste nicht, wie ich arbeiten sollte, ich hatte meinen ersten festen Job nicht, bis ich 24 Jahre alt war, dann kam ich in Aktion, ich konnte und wusste nicht, wie ich Haushalt und Finanzen verwalten sollte, also machte ich viele Schulden (jetzt alles in der Vergangenheit, Gott sei Dank), mein Haushalt war ein einziges Chaos, ich konnte nichts sortieren und ich f\u00fchlte mich auch sehr ungl\u00fccklich, also war ich nicht wirklich motiviert. Ich habe nicht gekocht, wir haben mehr als einmal eine T\u00fcte Chips gegessen, solange unsere Kinder alles hatten, und dann noch einmal.<\/p>\n<p>Hatte danach noch eine weitere Beziehung von 6 Monaten, der Junge war normal und s\u00fc\u00df, und dann musste ich aufgrund irgendeines Problems darauf zur\u00fcckkommen, dass ich vielleicht wirklich ADHS hatte oder <a title=\"HINZUF\u00dcGEN\" href=\"https:\/\/www.addkenmerken.net\/de\/\" target=\"_blank\" rel=\"noopener \">HINZUF\u00dcGEN<\/a> hatte, ff gehen zu fragen Doktor Concerta ohne mehr, bekam, dann ging es eine Zeit lang besser, bis ich wieder Single wurde, weil seine Ma uns st\u00e4ndig bel\u00e4stigte und ich in die Armee eintreten wollte (2005) und ihm das nicht gefiel. Ich fing an, Tests f\u00fcr die Armee zu machen, war aber zu ehrlich mit der psychologischen Forschung und sagte, dass ich ADHS habe, also extra Tests extra Tests, und noch mehr extra Tests, bis ich mich zu einem bestimmten Zeitpunkt nicht mehr beherrschen konnte, ich dachte, ich w\u00fcsste endlich das Ergebnis, nachdem ich 5 Mal auf und ab von Antwerpen nach Vilvoorde gefahren war, es stellte sich heraus, dass ich wieder Tests machen muss, dann fing ich an, vor oder vor der Sekret\u00e4rin zu weinen. Danach mit nicht stressresistent etikettiert, also abgelehnt. Ich hatte 4 Monate lang intensiv trainiert, um den physischen Test &amp; bmi in Ordnung zu bringen, war auf Di\u00e4t, ging zum Zahnarzt usw., aber aus psychologischer Sicht abgelehnt...<\/p>\n<p>Jedenfalls k\u00fcndigte ich die Concerta, weil ich dachte, ich h\u00e4tte doch kein ADHS, traf meinen n\u00e4chsten Freund, entpuppte mich als aggressiver Mann mit Borderline- oder <span style=\"color: #000000;\">Schizophrenie, wie auch immer, er kontrollierte mich, manipulierte mich, schlug mich... <\/span>Dann fangen Sie auch an, unter Druck von ihm an einem Arbeitsplatz zu arbeiten (positiver Punkt) . 6 Monate, Entlassung, 5 Monate Entlassung, 1 Jahr Entlassung, ... Die Beziehung wurde immer schlechter, ging auch auf und ab, war eine Hassliebe, viel Leidenschaft, aber leider auch gef\u00e4hrliche Streitereien.<\/p>\n<p>Ich sah meine Kinder jedes Wochenende, dann wieder alle 2 Wochenenden, weil sie bei Papa lebten, weil ich erst aus der Grube musste, Papa das ausnutzte und meine Kinder bei ihm behalten durfte, jetzt musste ich auch sehen, was ich tat, weil er sonst alles gegen mich ausnutzte und meine Kinder meine Welt waren. Diese Beziehung hat auch nicht wirklich geholfen, meine Kinder wiederzusehen. Beschwerde eingereicht, noch ein paar Mal gefeuert, alles Chaos und Elend. W\u00e4hrend dieser Beziehung ging ich wieder zu ADHS zur\u00fcck, nahm wieder Pillen, besser, aber diese Pillen \u00e4nderten nichts an meinem Ex, der jeden Tag alleine eine Flasche Wein trank, s\u00fcchtig nach Joints &amp; Poker um Geld, nach Sex war &amp; schlie\u00dflich Antipsychotika nehmen musste... Ich kam aus dieser Beziehung sehr ver\u00e4ngstigt heraus, betrog ihn mit einer Kollegin, aber ich glaube, das ist richtig... Nach 4 Jahren kam ich dann auch von ihm los.<\/p>\n<p>Ich hatte damals die beste Zeit meines Lebens. Ich lebte allein, fand endlich eine feste Stelle, hatte ein Zusatzeinkommen, Kinder waren regelm\u00e4\u00dfig bei mir, ich hatte endlich Freundinnen. Ich war endlich gl\u00fccklich. Ich war 2 Jahre lang alleinstehend und hatte schlie\u00dflich ein stabiles Leben, als ich meinen jetzigen Ehemann \u00fcber eine Dating-Site kennenlernte. Alle dachten, ich w\u00fcrde f\u00fcr immer Single bleiben, weil meine Latte so hoch lag, dass mir niemand mehr zu begegnen schien, au\u00dfer, um eine Weile mit mir zu flirten. Aber er schien anders zu sein... Er war s\u00fc\u00df, und, anders... Eins f\u00fchrte zum anderen, und jetzt ist er der Papa meines zweiten Sohnes, meines dritten Kindes, wir sind verheiratet und ich habe einen festen Job... aber... er ist manchmal zu s\u00fc\u00df. Und ich behandle ihn nicht so, wie er es verdient... Deshalb und wegen meines Schlafproblems (seit ich mit meinem Sohn schwanger war) ging ich zu einem Psychologen. Er sagte, irgendwann w\u00fcrden Sie vielleicht einfach... <a href=\"https:\/\/www.addkenmerken.net\/de\/merkmale-von-adhd\/\" target=\"_blank\" rel=\"noopener \">ADHD<\/a>? Und dann begann ich wieder aufzublicken, zu googeln, bald werden sie mich testen, aber ich muss sagen, ich erkenne mich wirklich in allem wieder. Um nur einige zu nennen: wankelm\u00fctig (enorm) reizbar, vergesslich, chaotisch, Bed\u00fcrfnis nach Struktur, Schwarz-Wei\u00df-Denken, extrem emotional, st\u00e4ndiges Bed\u00fcrfnis nach Kicks &amp; Herausforderungen, schnell von allem m\u00fcde, Schlafprobleme, gr\u00fcblerisch, nonchalant, nicht subtil, m\u00f6chte sich ausruhen und allein sein, enorm nerv\u00f6s, ... Das bin ich ... Das ist alles ich ... Also ich glaube, ich habe jetzt tats\u00e4chlich eine Form von ADHS.<\/p>\n<p>Irgendwo wird sich dies hoffentlich bald best\u00e4tigen. Das w\u00fcrde das Durcheinander erkl\u00e4ren, das meine Vergangenheit ist. Gl\u00fccklicherweise habe ich gelernt, mit vielen Dingen selbst umzugehen, wie z.B. alles in mein Tagebuch zu schreiben, zu versuchen, Listen zu machen und viele Fehler in den Anf\u00e4ngen, im Haushalt (jetzt bin ich ein Perfektionist), aber ich habe immer noch das Gef\u00fchl, dass ich anders bin als andere... Ganz anders... Und ich habe dieses Gef\u00fchl so satt. Manchmal denke ich, die Leute denken, heh, das ist seltsam, was sagt er? Oder sie verunsichern mich, weil sie mich nicht verstehen (w\u00e4hrend ich einfach zu leise rede)... Pfff , eine ganz sch\u00f6ne Suppe, aber ich h\u00f6re gerne, was Sie denken ? Tats\u00e4chlich ADHS? Oder erkennen Sie etwas aus meiner Geschichte wieder? Ich bin neugierig!<\/p>\n<p>Gr\u00fc\u00dfe Debby<\/p>\n\n\n\n\n<div class=\"wp-block-uagb-marketing-button uagb-marketing-btn__outer-wrap uagb-marketing-btn__align-center uagb-marketing-btn__align-text-center uagb-marketing-btn__icon-before\" id=\"uagb-marketing-btn-bc07d9fd-afab-465d-bd82-96e12407b527\"><div class=\"uagb-marketing-btn__wrap\"><a href=\"https:\/\/www.addkenmerken.net\/de\/kategorie\/lebensgeschichten\/\" class=\"uagb-marketing-btn__link\" target=\"\" rel=\"noopener \"><div class=\"uagb-marketing-btn__title-wrap\"><h6 class=\"uagb-marketing-btn__title\">Sehen Sie hier alle eingereichten Lebensgeschichten<\/h6><\/div><div class=\"uagb-marketing-btn__prefix-wrap\"><p class=\"uagb-marketing-btn__prefix\"><\/p><\/div><\/a><\/div><\/div>","protected":false},"excerpt":{"rendered":"<p>ADHS und Arbeit, Medikamente und intensive Beziehungen Hallo zusammen, als ich 6 Jahre alt war, wurde bei mir ADHS diagnostiziert. Ich musste Ritalin nehmen, aber ich sagte...<\/p>","protected":false},"author":1,"featured_media":8141,"comment_status":"open","ping_status":"closed","sticky":false,"template":"","format":"standard","meta":{"_kad_post_transparent":"","_kad_post_title":"","_kad_post_layout":"","_kad_post_sidebar_id":"","_kad_post_content_style":"","_kad_post_vertical_padding":"","_kad_post_feature":"","_kad_post_feature_position":"","_kad_post_header":false,"_kad_post_footer":false,"_kad_post_classname":"","footnotes":""},"categories":[552,1506,1132,1162],"tags":[5,6,289,272,743,700,288,742],"class_list":["post-8140","post","type-post","status-publish","format-standard","has-post-thumbnail","hentry","category-levensverhalen","category-add-adhd","category-adhd-artikelen","category-volwassenen-met-add-adhd","tag-add","tag-adhd","tag-concerta","tag-kinderen","tag-ontslagen","tag-relaties","tag-ritalin","tag-werk"],"_links":{"self":[{"href":"https:\/\/www.addkenmerken.net\/de\/wp-json\/wp\/v2\/posts\/8140","targetHints":{"allow":["GET"]}}],"collection":[{"href":"https:\/\/www.addkenmerken.net\/de\/wp-json\/wp\/v2\/posts"}],"about":[{"href":"https:\/\/www.addkenmerken.net\/de\/wp-json\/wp\/v2\/types\/post"}],"author":[{"embeddable":true,"href":"https:\/\/www.addkenmerken.net\/de\/wp-json\/wp\/v2\/users\/1"}],"replies":[{"embeddable":true,"href":"https:\/\/www.addkenmerken.net\/de\/wp-json\/wp\/v2\/comments?post=8140"}],"version-history":[{"count":0,"href":"https:\/\/www.addkenmerken.net\/de\/wp-json\/wp\/v2\/posts\/8140\/revisions"}],"wp:featuredmedia":[{"embeddable":true,"href":"https:\/\/www.addkenmerken.net\/de\/wp-json\/wp\/v2\/media\/8141"}],"wp:attachment":[{"href":"https:\/\/www.addkenmerken.net\/de\/wp-json\/wp\/v2\/media?parent=8140"}],"wp:term":[{"taxonomy":"category","embeddable":true,"href":"https:\/\/www.addkenmerken.net\/de\/wp-json\/wp\/v2\/categories?post=8140"},{"taxonomy":"post_tag","embeddable":true,"href":"https:\/\/www.addkenmerken.net\/de\/wp-json\/wp\/v2\/tags?post=8140"}],"curies":[{"name":"wp","href":"https:\/\/api.w.org\/{rel}","templated":true}]}}