{"id":8186,"date":"2014-01-24T14:02:35","date_gmt":"2014-01-24T13:02:35","guid":{"rendered":"http:\/\/www.addkenmerken.net\/?p=8186"},"modified":"2019-10-14T15:12:43","modified_gmt":"2019-10-14T13:12:43","slug":"nicky-mit-add-portratiert-ihr-leben-in-einer-zeichnung","status":"publish","type":"post","link":"https:\/\/www.addkenmerken.net\/de\/nicky-met-add-beeld-haar-leven-uit-een-tekening\/","title":{"rendered":"Nicky mit ADS stellt ihr Leben in einer Zeichnung dar"},"content":{"rendered":"<aside class=\"mashsb-container mashsb-main mashsb-stretched\"><div class=\"mashsb-box\"><div class=\"mashsb-count mash-large\" style=\"float:left\"><div class=\"counts mashsbcount\">655<\/div><span class=\"mashsb-sharetext\">gemeinsame Zeit<\/span><\/div><div class=\"mashsb-buttons\"><a class=\"mashicon-facebook mash-large mash-center mashsb-noshadow\" href=\"https:\/\/www.facebook.com\/sharer.php?u=https%3A%2F%2Fwww.addkenmerken.net%2Fde%2Fnicky-met-add-beeld-haar-leven-uit-een-tekening%2F%3Futm_source%3Dsharebuttons%26utm_medium%3Dfacebook%26utm_campaign%3Dmashshare\" target=\"_top\" rel=\"nofollow\"><span class=\"icon\"><\/span><span class=\"text\">Teilen Sie<\/span><\/a><a class=\"mashicon-twitter mash-large mash-center mashsb-noshadow\" href=\"https:\/\/twitter.com\/intent\/tweet?text=&amp;url=https:\/\/www.addkenmerken.net\/de\/?p=8186&amp;via=krachtvanADHD\" target=\"_top\" rel=\"nofollow\"><span class=\"icon\"><\/span><span class=\"text\">Zwitschern Sie<\/span><\/a><div class=\"onoffswitch2 mash-large mashsb-noshadow\" style=\"display:none\"><\/div><\/div>\n            <\/div>\n                <div style=\"clear:both\"><\/div><\/aside>\n            <!-- Share buttons by mashshare.net - Version: 4.0.47--><p><em>Erhaltene Lebensgeschichte von Nicky<\/em><\/p>\n<h2><span style=\"color: #000000;\">Die vielen Eindr\u00fccke von jemandem mit ADS<\/span><\/h2>\n<p>Hallo, du,<\/p>\n<figure id=\"attachment_8188\" aria-describedby=\"caption-attachment-8188\" style=\"width: 332px\" class=\"wp-caption alignright\"><a href=\"https:\/\/www.addkenmerken.net\/wp-content\/uploads\/2014\/01\/Nicky-met-ADD-beeld-haar-leven-uit-in-een-tekening.jpg\"><img loading=\"lazy\" decoding=\"async\" class=\"wp-image-8188\" src=\"https:\/\/www.addkenmerken.net\/wp-content\/uploads\/2014\/01\/Nicky-met-ADD-beeld-haar-leven-uit-in-een-tekening.jpg\" alt=\"Nicky mit ADS stellt ihr Leben in einer Zeichnung dar\" width=\"332\" height=\"443\" title=\"\" srcset=\"https:\/\/www.addkenmerken.net\/wp-content\/uploads\/2014\/01\/Nicky-met-ADD-beeld-haar-leven-uit-in-een-tekening.jpg 461w, https:\/\/www.addkenmerken.net\/wp-content\/uploads\/2014\/01\/Nicky-met-ADD-beeld-haar-leven-uit-in-een-tekening-224x300.jpg 224w\" sizes=\"auto, (max-width: 332px) 100vw, 332px\"><\/a><figcaption id=\"caption-attachment-8188\" class=\"wp-caption-text\">Zeichnung von Nicky<\/figcaption><\/figure>\n<p>Diese Zeichnung handelt von mir und ich habe ADS. Seit einigen Monaten nehme ich nun schon Medikamente ein, und endlich ist es in meinem Kopf fast windstill. In meinem Kopf war so viel los, dass es mich verr\u00fcckt gemacht hat. Ich bin auch sehr vergesslich und chaotisch.<\/p>\n<p>Versuchen Sie jetzt, ein Tagebuch auf meinem Telefon zu f\u00fchren, denn ich verliere ein normales Tagebuch :p<\/p>\n<p>Ich habe eine sehr unruhige Zeit hinter mir. Jetzt beginnt sich endlich alles zusammenzuf\u00fcgen. Beginnen Sie, mich selbst besser zu verstehen und zu begreifen, warum ich die Dinge so tue, wie ich sie tue. Die Menschen um mich herum haben Respekt vor mir und verstehen, dass einige Dinge f\u00fcr mich schwieriger sind als f\u00fcr einen durchschnittlichen Menschen ohne <a title=\"HINZUF\u00dcGEN\" href=\"https:\/\/www.addkenmerken.net\/de\/symptome-hinzufugen\/\" target=\"_blank\" rel=\"noopener \">HINZUF\u00dcGEN<\/a>.<\/p>\n<p>Wenn ich interessiert genug bin, werde ich mich an diese Dinge erinnern. Ich rette, was ich brauche, und der Rest ist verloren.  Mein Lager ist nicht so gro\u00df. Ich bin leicht abgelenkt, und wenn der Fernseher l\u00e4uft, f\u00e4llt es mir schwer, einem Gespr\u00e4ch zu folgen. Sie m\u00fcssen mich anschauen und mir dann sagen, dass ich zuh\u00f6re.<\/p>\n<p>Letztes Jahr habe ich meine erste MBO-Ausbildung abgeschlossen und erhalten. Das war gut f\u00fcr mein Selbstvertrauen. Zum ersten Mal seit drei Jahren ist es mir auch gelungen, einen Job zu behalten, auf den ich ebenfalls sehr stolz bin.<\/p>\n<p>Ich habe jemanden, mit dem ich reden kann. Es hilft mir, meinen Kopf zusammenzukriegen und besser zu verstehen, wer ich bin und warum ich so bin, wie ich bin.<\/p>\n<p>Ich bin endlich zufrieden mit dem, was ich bin.<\/p>\n<p>Von nun an kann alles nur noch besser werden.<\/p>\n<p>Gr\u00fc\u00dfe Nicky<\/p>\n\n\n\n\n<div class=\"wp-block-uagb-marketing-button uagb-marketing-btn__outer-wrap uagb-marketing-btn__align-center uagb-marketing-btn__align-text-center uagb-marketing-btn__icon-before\" id=\"uagb-marketing-btn-bc07d9fd-afab-465d-bd82-96e12407b527\"><div class=\"uagb-marketing-btn__wrap\"><a href=\"https:\/\/www.addkenmerken.net\/de\/kategorie\/lebensgeschichten\/\" class=\"uagb-marketing-btn__link\" target=\"\" rel=\"noopener \"><div class=\"uagb-marketing-btn__title-wrap\"><h6 class=\"uagb-marketing-btn__title\">Sehen Sie hier alle eingereichten Lebensgeschichten<\/h6><\/div><div class=\"uagb-marketing-btn__prefix-wrap\"><p class=\"uagb-marketing-btn__prefix\"><\/p><\/div><\/a><\/div><\/div>","protected":false},"excerpt":{"rendered":"<p>Empfangene Lebensgeschichte von Nicky Die vielen Eindr\u00fccke von jemandem mit ADS Hallo, Diese Zeichnung ist \u00fcber mich und ich habe ADS. Ich schlucke seit einem...<\/p>","protected":false},"author":1,"featured_media":17896,"comment_status":"open","ping_status":"closed","sticky":false,"template":"","format":"standard","meta":{"_kad_post_transparent":"","_kad_post_title":"","_kad_post_layout":"","_kad_post_sidebar_id":"","_kad_post_content_style":"","_kad_post_vertical_padding":"","_kad_post_feature":"","_kad_post_feature_position":"","_kad_post_header":false,"_kad_post_footer":false,"_kad_post_classname":"","footnotes":""},"categories":[552,1131,1506],"tags":[5,744],"class_list":["post-8186","post","type-post","status-publish","format-standard","has-post-thumbnail","hentry","category-levensverhalen","category-add","category-add-adhd","tag-add","tag-tekening"],"_links":{"self":[{"href":"https:\/\/www.addkenmerken.net\/de\/wp-json\/wp\/v2\/posts\/8186","targetHints":{"allow":["GET"]}}],"collection":[{"href":"https:\/\/www.addkenmerken.net\/de\/wp-json\/wp\/v2\/posts"}],"about":[{"href":"https:\/\/www.addkenmerken.net\/de\/wp-json\/wp\/v2\/types\/post"}],"author":[{"embeddable":true,"href":"https:\/\/www.addkenmerken.net\/de\/wp-json\/wp\/v2\/users\/1"}],"replies":[{"embeddable":true,"href":"https:\/\/www.addkenmerken.net\/de\/wp-json\/wp\/v2\/comments?post=8186"}],"version-history":[{"count":0,"href":"https:\/\/www.addkenmerken.net\/de\/wp-json\/wp\/v2\/posts\/8186\/revisions"}],"wp:featuredmedia":[{"embeddable":true,"href":"https:\/\/www.addkenmerken.net\/de\/wp-json\/wp\/v2\/media\/17896"}],"wp:attachment":[{"href":"https:\/\/www.addkenmerken.net\/de\/wp-json\/wp\/v2\/media?parent=8186"}],"wp:term":[{"taxonomy":"category","embeddable":true,"href":"https:\/\/www.addkenmerken.net\/de\/wp-json\/wp\/v2\/categories?post=8186"},{"taxonomy":"post_tag","embeddable":true,"href":"https:\/\/www.addkenmerken.net\/de\/wp-json\/wp\/v2\/tags?post=8186"}],"curies":[{"name":"wp","href":"https:\/\/api.w.org\/{rel}","templated":true}]}}