{"id":8744,"date":"2014-02-20T20:44:21","date_gmt":"2014-02-20T19:44:21","guid":{"rendered":"http:\/\/www.addkenmerken.net\/?p=8744"},"modified":"2019-09-30T16:03:24","modified_gmt":"2019-09-30T14:03:24","slug":"shirlys-leben-mit-legasthenie-hsp","status":"publish","type":"post","link":"https:\/\/www.addkenmerken.net\/de\/shirlys-leven-met-dyslexie-hsp\/","title":{"rendered":"Shirlys Leben mit Legasthenie und HSP"},"content":{"rendered":"<aside class=\"mashsb-container mashsb-main mashsb-stretched\"><div class=\"mashsb-box\"><div class=\"mashsb-count mash-large\" style=\"float:left\"><div class=\"counts mashsbcount\">137<\/div><span class=\"mashsb-sharetext\">gemeinsame Zeit<\/span><\/div><div class=\"mashsb-buttons\"><a class=\"mashicon-facebook mash-large mash-center mashsb-noshadow\" href=\"https:\/\/www.facebook.com\/sharer.php?u=https%3A%2F%2Fwww.addkenmerken.net%2Fde%2Fshirlys-leven-met-dyslexie-hsp%2F%3Futm_source%3Dsharebuttons%26utm_medium%3Dfacebook%26utm_campaign%3Dmashshare\" target=\"_top\" rel=\"nofollow\"><span class=\"icon\"><\/span><span class=\"text\">Teilen Sie<\/span><\/a><a class=\"mashicon-twitter mash-large mash-center mashsb-noshadow\" href=\"https:\/\/twitter.com\/intent\/tweet?text=&amp;url=https:\/\/www.addkenmerken.net\/de\/?p=8744&amp;via=krachtvanADHD\" target=\"_top\" rel=\"nofollow\"><span class=\"icon\"><\/span><span class=\"text\">Zwitschern Sie<\/span><\/a><div class=\"onoffswitch2 mash-large mashsb-noshadow\" style=\"display:none\"><\/div><\/div>\n            <\/div>\n                <div style=\"clear:both\"><\/div><\/aside>\n            <!-- Share buttons by mashshare.net - Version: 4.0.47--><p><em>Erhielt eine Lebensgeschichte von Shirly \u00fcber ihre Entdeckung von Legasthenie und hoher Empfindlichkeit<\/em><\/p>\n<h2><strong>Jetzt verstehe ich, warum ich mich immer so anders gef\u00fchlt habe, ich bin einfach HSP'er<br \/><\/strong><\/h2>\n<figure id=\"attachment_8774\" aria-describedby=\"caption-attachment-8774\" style=\"width: 327px\" class=\"wp-caption alignright\"><a href=\"https:\/\/www.addkenmerken.net\/wp-content\/uploads\/2014\/02\/Shirly-van-der-Wal-Leven-met-Dyslexie-en-HSP.jpeg\"><img loading=\"lazy\" decoding=\"async\" class=\"wp-image-8774\" title=\"Shirly van der Wal - Leben mit Legasthenie und HSP\" src=\"https:\/\/www.addkenmerken.net\/wp-content\/uploads\/2014\/02\/Shirly-van-der-Wal-Leven-met-Dyslexie-en-HSP.jpeg\" alt=\"Shirly van der Wal - Leben mit Legasthenie und HSP\" width=\"327\" height=\"436\"><\/a><figcaption id=\"caption-attachment-8774\" class=\"wp-caption-text\">Schirly van der Wal<\/figcaption><\/figure>\n<p>Hallo, alle zusammen,<\/p>\n<p>Schon seit der Grundschule wusste ich, dass ich anders bin. Die Klassenkameraden hielten mich f\u00fcr ein seltsames M\u00e4dchen, und leider wurde ich deshalb schikaniert. Ich sage nicht, dass ich nie etwas getan habe, denn ich wei\u00df von mir selbst, dass ich auch Dinge getan habe, die nicht akzeptiert wurden. Aufgrund einer schwierigen Grundschulzeit, in der ich gro\u00dfe Schwierigkeiten hatte, vor allem mit der Sprache und dem Leseverst\u00e4ndnis, wollte meine Mutter mich auf Legasthenie testen. Damals war ich etwa 8 Jahre alt. Die Diagnose und Erkl\u00e4rung von <a title=\"Macht der Legasthenie\" href=\"https:\/\/www.addkenmerken.net\/de\/macht-der-legasthenie\/\" target=\"_blank\" rel=\"noopener \">Legasthenie<\/a> Ich habe es schlie\u00dflich erst mit 15 Jahren kurz vor meinem Abitur bekommen.<\/p>\n<p>F\u00fcr mich war es sch\u00f6n, dass ich nach all den Jahren des Kampfes endlich die Diagnose erhalten habe. Aber damit war es nicht getan. Ich war ein sehr schwieriger Heranwachsender, konnte keine Emotionen zeigen und wurde durch die Dinge, die um mich herum geschahen, sehr abgelenkt. Das machte es mir schwer, mich besonders auf meine Schule zu konzentrieren. W\u00e4hrend des Unterrichts war ich immer damit besch\u00e4ftigt, zu zeichnen, nach drau\u00dfen zu starren, mit den Fingern auf den Tischen zu trommeln usw. Viele Sch\u00fclerinnen und Sch\u00fcler, aber auch die Lehrerinnen und Lehrer hielten mich f\u00fcr eine seltsame Person, ich war anders, und das wurde auch mir gegen\u00fcber zum Ausdruck gebracht. Ich war ruhig, fiel nicht auf, und ich habe immer nachgedacht. W\u00e4hrend dieser Zeit bekam ich \u00e4rgerliche Bemerkungen von meinen Kommilitonen, die immer h\u00e4ngen blieben. Es war eine schwierige Zeit, in der ich mich meistens mit mir selbst verheddert habe.<\/p>\n<p>Als ich 18 war, ging ich zu einem Psychologen, weil ich \u00fcber die Jahre eine gro\u00dfe Mauer um mich herum gebaut hatte und weil ich nicht wusste, was ich mit mir anfangen sollte. Ich bekam sowohl physische als auch psychische Beschwerden. Ich fing an, an mir selbst zu zweifeln und zu glauben, dass ich tats\u00e4chlich seltsam und anders war! Durch die Gespr\u00e4che mit dem Psychologen habe ich mich losgerissen und konnte endlich Emotionen zeigen. Weil ich w\u00e4hrend der Sitzungen Bemerkungen \u00fcber die Uhr (das harte Ticken der Uhr) und die dort h\u00e4ngenden Gem\u00e4lde machte (die ich sehr detailliert erkl\u00e4ren konnte), ging bei ihm ein Licht auf. Er nahm mehrere Tests mit und gab mir dann die Diagnose, dass ich eine <a title=\"Was ist HSP? (hohe Empfindlichkeit)\" href=\"https:\/\/www.addkenmerken.net\/de\/hochsensible-person-hsp\/\" target=\"_blank\" rel=\"noopener \">HSPs<\/a> ben. Ehrlich gesagt, davon hatte ich noch nie geh\u00f6rt, und ich bat ihn um eine Erkl\u00e4rung. Die Erkl\u00e4rung hat mir eine Menge klar gemacht. Zusammen mit dem Psychologen habe ich versucht, ihm einen Platz zu geben.<\/p>\n<p>Jetzt bin ich 22 Jahre alt und leide immer noch regelm\u00e4\u00dfig unter meinen <a title=\"Informationen \u00fcber hohe Empfindlichkeit\" href=\"https:\/\/www.addkenmerken.net\/de\/hochsensible-person-hsp\/\" target=\"_blank\" rel=\"noopener \">hohe Empfindlichkeit<\/a>. Das Ticken von Glocken, Emotionen in anderen sehen, Stimmungen sp\u00fcren, vorausdenken, anders denken. Ich komme auch mehr unter Menschen, die ich fr\u00fcher lieber ignoriert habe, weil ich mit den Menschenmassen nicht zurechtkam. Ich gehe zu Festivals, die im Freien stattfinden, denn das gibt mir mehr Ruhe und Raum, als wenn ich in eine Diskothek gehen w\u00fcrde. Ich f\u00fchle mich gut, wenn es mir zu voll ist, und dann suche ich mir einen ruhigeren Platz. Ich sehe nicht alles Negative, denn es gibt auch viele positive Aspekte, die ich erlebe, weil ich ein HSP'er bin. Ich bin sehr kreativ und mache gerne Pr\u00e4zisionsarbeit. Ich helfe den Menschen durch Zuh\u00f6ren, denn darin bin ich gut. Ich wei\u00df, dass ich nicht seltsam oder anders bin. Ich habe Legasthenie und bin ein HSP.<\/p>\n<p>Aber jeder hat doch sein eigenes Ding, oder?<\/p>\n<p>Shirly<\/p>\n<p>\u00a0<\/p>\n\n\n<div class=\"wp-block-uagb-marketing-button uagb-marketing-btn__outer-wrap uagb-marketing-btn__align-center uagb-marketing-btn__align-text-center uagb-marketing-btn__icon-before\" id=\"uagb-marketing-btn-bc07d9fd-afab-465d-bd82-96e12407b527\"><div class=\"uagb-marketing-btn__wrap\"><a href=\"https:\/\/www.addkenmerken.net\/de\/kategorie\/lebensgeschichten\/\" class=\"uagb-marketing-btn__link\" target=\"\" rel=\"noopener \"><div class=\"uagb-marketing-btn__title-wrap\"><h6 class=\"uagb-marketing-btn__title\">Sehen Sie hier alle eingereichten Lebensgeschichten<\/h6><\/div><div class=\"uagb-marketing-btn__prefix-wrap\"><p class=\"uagb-marketing-btn__prefix\"><\/p><\/div><\/a><\/div><\/div>","protected":false},"excerpt":{"rendered":"<p>Erhielt eine Lebensgeschichte von Shirly \u00fcber ihre Entdeckung von Legasthenie und hoher Sensibilit\u00e4t Jetzt verstehe ich, warum ich mich immer so anders gef\u00fchlt habe, ich...<\/p>","protected":false},"author":1,"featured_media":8774,"comment_status":"open","ping_status":"closed","sticky":false,"template":"","format":"standard","meta":{"_kad_post_transparent":"","_kad_post_title":"","_kad_post_layout":"","_kad_post_sidebar_id":"","_kad_post_content_style":"","_kad_post_vertical_padding":"","_kad_post_feature":"","_kad_post_feature_position":"","_kad_post_header":false,"_kad_post_footer":false,"_kad_post_classname":"","footnotes":""},"categories":[782,1141,552],"tags":[70,226,788,530,786],"class_list":["post-8744","post","type-post","status-publish","format-standard","has-post-thumbnail","hentry","category-dyslexie","category-hsp-hooggevoeligheid","category-levensverhalen","tag-diagnose","tag-dyslexie","tag-emoties","tag-hooggevoeligheid","tag-voelen"],"_links":{"self":[{"href":"https:\/\/www.addkenmerken.net\/de\/wp-json\/wp\/v2\/posts\/8744","targetHints":{"allow":["GET"]}}],"collection":[{"href":"https:\/\/www.addkenmerken.net\/de\/wp-json\/wp\/v2\/posts"}],"about":[{"href":"https:\/\/www.addkenmerken.net\/de\/wp-json\/wp\/v2\/types\/post"}],"author":[{"embeddable":true,"href":"https:\/\/www.addkenmerken.net\/de\/wp-json\/wp\/v2\/users\/1"}],"replies":[{"embeddable":true,"href":"https:\/\/www.addkenmerken.net\/de\/wp-json\/wp\/v2\/comments?post=8744"}],"version-history":[{"count":0,"href":"https:\/\/www.addkenmerken.net\/de\/wp-json\/wp\/v2\/posts\/8744\/revisions"}],"wp:featuredmedia":[{"embeddable":true,"href":"https:\/\/www.addkenmerken.net\/de\/wp-json\/wp\/v2\/media\/8774"}],"wp:attachment":[{"href":"https:\/\/www.addkenmerken.net\/de\/wp-json\/wp\/v2\/media?parent=8744"}],"wp:term":[{"taxonomy":"category","embeddable":true,"href":"https:\/\/www.addkenmerken.net\/de\/wp-json\/wp\/v2\/categories?post=8744"},{"taxonomy":"post_tag","embeddable":true,"href":"https:\/\/www.addkenmerken.net\/de\/wp-json\/wp\/v2\/tags?post=8744"}],"curies":[{"name":"wp","href":"https:\/\/api.w.org\/{rel}","templated":true}]}}