{"id":884,"date":"2014-02-14T20:03:43","date_gmt":"2014-02-14T19:03:43","guid":{"rendered":"http:\/\/www.addkenmerken.net\/blog\/?p=884"},"modified":"2019-08-21T17:48:03","modified_gmt":"2019-08-21T15:48:03","slug":"mein-sohn-mit-legasthenie","status":"publish","type":"post","link":"https:\/\/www.addkenmerken.net\/de\/mijn-zoon-met-dyslexie\/","title":{"rendered":"Familienmerkmale? Mein Sohn mit Legasthenie, ODD und ADHS."},"content":{"rendered":"<aside class=\"mashsb-container mashsb-main mashsb-stretched\"><div class=\"mashsb-box\"><div class=\"mashsb-buttons\"><a class=\"mashicon-facebook mash-large mash-center mashsb-noshadow\" href=\"https:\/\/www.facebook.com\/sharer.php?u=https%3A%2F%2Fwww.addkenmerken.net%2Fde%2Fmijn-zoon-met-dyslexie%2F%3Futm_source%3Dsharebuttons%26utm_medium%3Dfacebook%26utm_campaign%3Dmashshare\" target=\"_top\" rel=\"nofollow\"><span class=\"icon\"><\/span><span class=\"text\">Teilen Sie<\/span><\/a><a class=\"mashicon-twitter mash-large mash-center mashsb-noshadow\" href=\"https:\/\/twitter.com\/intent\/tweet?text=&amp;url=https:\/\/www.addkenmerken.net\/de\/?p=884&amp;via=krachtvanADHD\" target=\"_top\" rel=\"nofollow\"><span class=\"icon\"><\/span><span class=\"text\">Zwitschern Sie<\/span><\/a><div class=\"onoffswitch2 mash-large mashsb-noshadow\" style=\"display:none\"><\/div><\/div>\n            <\/div>\n                <div style=\"clear:both\"><\/div><\/aside>\n            <!-- Share buttons by mashshare.net - Version: 4.0.47--><h2>\"Mama, ich werde dir vorlesen.\"<\/h2>\n<p><img loading=\"lazy\" decoding=\"async\" class=\"alignright wp-image-15381\" src=\"https:\/\/www.addkenmerken.net\/wp-content\/uploads\/2014\/02\/Dyslexie-1.jpg\" alt=\"Legasthenie\" width=\"333\" height=\"222\" title=\"\" srcset=\"https:\/\/www.addkenmerken.net\/wp-content\/uploads\/2014\/02\/Dyslexie-1.jpg 360w, https:\/\/www.addkenmerken.net\/wp-content\/uploads\/2014\/02\/Dyslexie-1-300x200.jpg 300w, https:\/\/www.addkenmerken.net\/wp-content\/uploads\/2014\/02\/Dyslexie-1-272x182.jpg 272w\" sizes=\"auto, (max-width: 333px) 100vw, 333px\">H\u00f6re ich das gerade? Mein Vorgesetzter <a title=\"Macht der Legasthenie - Prominente mit Legasthenie\" href=\"https:\/\/www.addkenmerken.net\/de\/macht-der-legasthenie\/\" target=\"_blank\" rel=\"noopener \">Legastheniker<\/a> Sohn, mit dem ich mich jeden Tag abm\u00fche, Lesen, Rechtschreibung und Blinken zu \u00fcben, wird mir selbst vorlesen?<\/p>\n<p>\"Oh, Liebling, bitte\", sage ich. Denn auch ich lasse mich gerne vorlesen. Als Kind sa\u00df ich immer nahe am weichen Bauch meines Gro\u00dfvaters und lauschte seiner warmen Stimme, die ein M\u00e4rchen von Grimm vorlas. Er machte verr\u00fcckte Geschichten daraus. Nat\u00fcrlich wusste ich, dass er den Geschichten seine eigenen Sachen hinzuf\u00fcgte, aber das war mir egal. Damit k\u00f6nnte ich davon tr\u00e4umen.<\/p>\n<p>Mein Sohn nimmt ein Buch \u00fcber Ritter mit. Weil er das Mittelalter vorzieht. Jedes bisschen Information, das er \u00fcber sie h\u00f6rt oder sieht, nimmt er wie ein Schwamm auf. Dasselbe mit den Tieren und dann mit den Raubtieren. Er kriecht zu mir herauf, \u00f6ffnet das Buch und beginnt eine wunderbare Geschichte. Ich h\u00f6re zu und genie\u00dfe. Eine sch\u00f6ne Geschichte mit allem Drum und Dran. Mein Erstaunen nimmt Hand \u00fcber Hand zu. Ist das mein Sohn? Wer schreit jeden Tag: \"Maham! Ich kann es nicht tun! Mein Gehirn spielt mit mir Spiele. Jeder Brief, den ich lesen will, l\u00e4uft mir davon!\"<\/p>\n<p>\"Bereit!\" er schlie\u00dft die Geschichte ab.<\/p>\n<p>\"Wunderbar, Junge. Danke\", sage ich.<\/p>\n<p>\"Jetzt muss ich heute Abend nicht mehr lesen, hm? Ich habe bereits gelesen\".<\/p>\n<p>\"Nach dieser Supergeschichte werden Sie heute Abend frei gelesen\", kann ich mit Stolz sagen.<\/p>\n<p>Er springt von der Couch, gibt mir einen Kuss, knuddelt den Hund, schreit: \"Mama, in unserem Vogelhaus ist eine Kohlmeise\", klopft an die Fenster und rennt schreiend nach oben.<\/p>\n<p>\"Ich werde mit den Playmobil-Rittern spielen!\"<\/p>\n<p>Das ist auch mein Sohn, 100% <a title=\"ADHD\" href=\"https:\/\/www.addkenmerken.net\/de\/merkmale-von-adhd\/\" target=\"_blank\" rel=\"nofollow noopener \">ADHD<\/a>.<\/p>\n<p>Ich bin \u00fcberrascht, dass ich zur\u00fcckbleibe. Habe ich gerade auf eine besondere Art und Weise gelesen? H\u00e4tte er pl\u00f6tzlich das Licht gesehen? Hat er einen Weg gefunden, sein Gehirn dazu zu bringen, mit diesen Spielen aufzuh\u00f6ren? Ich nehme das Buch und schaue mir die Geschichte an.<\/p>\n<p>Oh ja, im Allgemeinen hat er mir diese Geschichte nur vorgelesen, aber ich kann den Drachen darin nicht finden, ebenso wenig wie das riesige Schloss mit Fackeln. Der tapfere Ritter hat keinen Knappen und der K\u00f6nig hat niemanden enthauptet. Eigentlich ist die Geschichte, die er mir vorgelesen hat, sch\u00f6ner als die Geschichte in dem Buch.<\/p>\n<p>Ich l\u00e4chle, und ich denke an meinen Gro\u00dfvater... Famili\u00e4rer Charakterzug?<\/p>\n<p>Liesbeth<\/p>\n<p><i>Inhaberin von Image Thinking Coach LIES, Lehrerin und Mutter eines Sohnes mit ADHS\/ODD und Legasthenie.<\/i><\/p>","protected":false},"excerpt":{"rendered":"<p>\"Mom, ich werde dir vorlesen.\" H\u00f6re ich das jetzt? Mein superlegasthener Sohn, mit dem ich jeden Tag k\u00e4mpfe, um zu \u00fcben...<\/p>","protected":false},"author":28,"featured_media":15381,"comment_status":"open","ping_status":"closed","sticky":false,"template":"","format":"standard","meta":{"_kad_post_transparent":"","_kad_post_title":"","_kad_post_layout":"","_kad_post_sidebar_id":"","_kad_post_content_style":"","_kad_post_vertical_padding":"","_kad_post_feature":"","_kad_post_feature_position":"","_kad_post_header":false,"_kad_post_footer":false,"_kad_post_classname":"","footnotes":""},"categories":[782,1139,1148],"tags":[6,226,477],"class_list":["post-884","post","type-post","status-publish","format-standard","has-post-thumbnail","hentry","category-dyslexie","category-gastblog-artikelen","category-kinderen-met-addadhd","tag-adhd","tag-dyslexie","tag-odd"],"_links":{"self":[{"href":"https:\/\/www.addkenmerken.net\/de\/wp-json\/wp\/v2\/posts\/884","targetHints":{"allow":["GET"]}}],"collection":[{"href":"https:\/\/www.addkenmerken.net\/de\/wp-json\/wp\/v2\/posts"}],"about":[{"href":"https:\/\/www.addkenmerken.net\/de\/wp-json\/wp\/v2\/types\/post"}],"author":[{"embeddable":true,"href":"https:\/\/www.addkenmerken.net\/de\/wp-json\/wp\/v2\/users\/28"}],"replies":[{"embeddable":true,"href":"https:\/\/www.addkenmerken.net\/de\/wp-json\/wp\/v2\/comments?post=884"}],"version-history":[{"count":0,"href":"https:\/\/www.addkenmerken.net\/de\/wp-json\/wp\/v2\/posts\/884\/revisions"}],"wp:featuredmedia":[{"embeddable":true,"href":"https:\/\/www.addkenmerken.net\/de\/wp-json\/wp\/v2\/media\/15381"}],"wp:attachment":[{"href":"https:\/\/www.addkenmerken.net\/de\/wp-json\/wp\/v2\/media?parent=884"}],"wp:term":[{"taxonomy":"category","embeddable":true,"href":"https:\/\/www.addkenmerken.net\/de\/wp-json\/wp\/v2\/categories?post=884"},{"taxonomy":"post_tag","embeddable":true,"href":"https:\/\/www.addkenmerken.net\/de\/wp-json\/wp\/v2\/tags?post=884"}],"curies":[{"name":"wp","href":"https:\/\/api.w.org\/{rel}","templated":true}]}}