{"id":934,"date":"2014-02-14T21:16:35","date_gmt":"2014-02-14T20:16:35","guid":{"rendered":"http:\/\/www.addkenmerken.net\/blog\/?p=934"},"modified":"2019-10-14T15:23:05","modified_gmt":"2019-10-14T13:23:05","slug":"adhd-oder-faul","status":"publish","type":"post","link":"https:\/\/www.addkenmerken.net\/de\/adhd-of-lui\/","title":{"rendered":"ADHS? F\u00fcr manche bin ich einfach nur faul."},"content":{"rendered":"<aside class=\"mashsb-container mashsb-main mashsb-stretched\"><div class=\"mashsb-box\"><div class=\"mashsb-buttons\"><a class=\"mashicon-facebook mash-large mash-center mashsb-noshadow\" href=\"https:\/\/www.facebook.com\/sharer.php?u=https%3A%2F%2Fwww.addkenmerken.net%2Fde%2Fadhd-of-lui%2F%3Futm_source%3Dsharebuttons%26utm_medium%3Dfacebook%26utm_campaign%3Dmashshare\" target=\"_top\" rel=\"nofollow\"><span class=\"icon\"><\/span><span class=\"text\">Teilen Sie<\/span><\/a><a class=\"mashicon-twitter mash-large mash-center mashsb-noshadow\" href=\"https:\/\/twitter.com\/intent\/tweet?text=&amp;url=https:\/\/www.addkenmerken.net\/de\/?p=934&amp;via=krachtvanADHD\" target=\"_top\" rel=\"nofollow\"><span class=\"icon\"><\/span><span class=\"text\">Zwitschern Sie<\/span><\/a><div class=\"onoffswitch2 mash-large mashsb-noshadow\" style=\"display:none\"><\/div><\/div>\n            <\/div>\n                <div style=\"clear:both\"><\/div><\/aside>\n            <!-- Share buttons by mashshare.net - Version: 4.0.47--><h2>Begonnen mit ADHS-Medikamenten<\/h2>\n<p><img loading=\"lazy\" decoding=\"async\" class=\"alignright wp-image-17259\" src=\"https:\/\/www.addkenmerken.net\/wp-content\/uploads\/2014\/02\/ADHD-mensen-vinden-me-lui.jpg\" alt=\"ADHS - die Leute denken, ich sei faul\" width=\"356\" height=\"230\" title=\"\"><\/p>\n<p>Ich ziehe Bilanz \u00fcber eine weitere aufregende Woche. Seit meinem <a title=\"F. Haesbrouck \u00fcber die Langzeitwirkung von Ritalin\" href=\"https:\/\/www.addkenmerken.net\/de\/blog\/ritalin-kann-kinder-psychotisch-machen\/\">Medikamente gegen ADHS<\/a>\u00a0aber mein Ged\u00e4chtnis ist immer noch nicht so, wie es sein sollte. Ich denke auch, dass mein Ged\u00e4chtnis nie so sein wird, wie es sein sollte, vielleicht aber auch eine gute Sache, weil die Menschen um mich herum vielleicht denken w\u00fcrden, dass ich aus einer sehr langen und faulen Periode aufgewacht bin. F\u00fcr manche Leute bin ich einfach nur faul: \"Das ist alles, was Sie zu sagen haben\", und ja, Sie k\u00f6nnen dem Donnerwetter sagen, dass sie nicht wieder auftaucht oder im positivsten Fall einfach wieder anrufen wird.<\/p>\n<p>Nun, das bin ich, Petra 35 Jahre alt, und ein ewiges Faultier, zumindest sehen das die meisten Menschen so. Ich sehe das anders. Ich bin in meinem Kopf immer sehr besch\u00e4ftigt. Aber stellen Sie sich vor, dass sich das pl\u00f6tzlich \u00e4ndert. Die Leute w\u00e4ren nicht gut, sie m\u00fcssten mich wieder kennen lernen. Ich habe mich seit der ersten Pille, die ich in meinem Leben genommen habe, so sehr ver\u00e4ndert, und dann pl\u00f6tzlich h\u00e4lt sie sich an all diese Vereinbarungen. Es darf nicht noch verr\u00fcckter werden!<\/p>\n<p>Ich sehe schon, wie ich mich pl\u00f6tzlich vor der T\u00fcr meiner Mutter wiederfinde, um unseren gemeinsam vereinbarten Termin in der Stadt zu erf\u00fcllen. Der arme Mann sitzt jedoch schon lange im Schlafanzug vor dem Fernseher, und ihre F\u00fc\u00dfe entspannen sich in einem warmen Bad. Muss sie sich wieder in ihre Kleidung hieven, den Fernseher ausschalten und ihre F\u00fc\u00dfe abtrocknen, nicht unbedingt in dieser Reihenfolge, aber es geht um die Idee.<\/p>\n<p>Nein, das wird nicht funktionieren, jedenfalls nicht, weil ich das Einkaufen hasse, all die Leute, die auf einem Klotz sitzen, die kosten, was es kostet, als erste an der Kasse sein zu wollen, nein bah mich nicht gesehen, nicht mehr, weil ich andere Leute nur verwirren w\u00fcrde. Pl\u00f6tzlich m\u00fcssen sie meinen Stempel Faultier zu einem anderen Wort aufwerten, und sie w\u00fcrden nie wissen, was sie mir sagen sollen: \"Hast du mich schon wieder vergessen?\", \"Faultier\", \"leerer Kopf\" und \"Hallo, kommst du? Das w\u00e4ren nur leere Worte. Nein, belassen wir es bei dem Teil auf dem alten Niveau.<\/p>\n<p>Die Menschen m\u00fcssen sich an alles gew\u00f6hnen, was sich pl\u00f6tzlich an mir ver\u00e4ndert hat, und das ist eine ganze Menge.<\/p>","protected":false},"excerpt":{"rendered":"<p>Angefangen mit ADHS-Medikamenten ziehe ich Bilanz \u00fcber eine weitere aufregende Woche. Da meine ADHS-Medikation wirklich besser l\u00e4uft, aber...<\/p>","protected":false},"author":29,"featured_media":17899,"comment_status":"open","ping_status":"closed","sticky":false,"template":"","format":"standard","meta":{"_kad_post_transparent":"","_kad_post_title":"","_kad_post_layout":"","_kad_post_sidebar_id":"","_kad_post_content_style":"","_kad_post_vertical_padding":"","_kad_post_feature":"","_kad_post_feature_position":"","_kad_post_header":false,"_kad_post_footer":false,"_kad_post_classname":"","footnotes":""},"categories":[1162,1506,1132,1139],"tags":[6,1283,1339,46,1385],"class_list":["post-934","post","type-post","status-publish","format-standard","has-post-thumbnail","hentry","category-volwassenen-met-add-adhd","category-add-adhd","category-adhd-artikelen","category-gastblog-artikelen","tag-adhd","tag-geheugen","tag-lui","tag-medicatie","tag-pil"],"_links":{"self":[{"href":"https:\/\/www.addkenmerken.net\/de\/wp-json\/wp\/v2\/posts\/934","targetHints":{"allow":["GET"]}}],"collection":[{"href":"https:\/\/www.addkenmerken.net\/de\/wp-json\/wp\/v2\/posts"}],"about":[{"href":"https:\/\/www.addkenmerken.net\/de\/wp-json\/wp\/v2\/types\/post"}],"author":[{"embeddable":true,"href":"https:\/\/www.addkenmerken.net\/de\/wp-json\/wp\/v2\/users\/29"}],"replies":[{"embeddable":true,"href":"https:\/\/www.addkenmerken.net\/de\/wp-json\/wp\/v2\/comments?post=934"}],"version-history":[{"count":0,"href":"https:\/\/www.addkenmerken.net\/de\/wp-json\/wp\/v2\/posts\/934\/revisions"}],"wp:featuredmedia":[{"embeddable":true,"href":"https:\/\/www.addkenmerken.net\/de\/wp-json\/wp\/v2\/media\/17899"}],"wp:attachment":[{"href":"https:\/\/www.addkenmerken.net\/de\/wp-json\/wp\/v2\/media?parent=934"}],"wp:term":[{"taxonomy":"category","embeddable":true,"href":"https:\/\/www.addkenmerken.net\/de\/wp-json\/wp\/v2\/categories?post=934"},{"taxonomy":"post_tag","embeddable":true,"href":"https:\/\/www.addkenmerken.net\/de\/wp-json\/wp\/v2\/tags?post=934"}],"curies":[{"name":"wp","href":"https:\/\/api.w.org\/{rel}","templated":true}]}}