{"id":9608,"date":"2014-04-23T11:45:00","date_gmt":"2014-04-23T09:45:00","guid":{"rendered":"http:\/\/www.addkenmerken.net\/?p=9608"},"modified":"2019-09-30T15:52:10","modified_gmt":"2019-09-30T13:52:10","slug":"ingrid-lebt-mit-borderline-und-adhd","status":"publish","type":"post","link":"https:\/\/www.addkenmerken.net\/de\/ingrid-leven-met-borderline-en-adhd\/","title":{"rendered":"Ingrid's intensives Leben mit Borderline und ADHD"},"content":{"rendered":"<aside class=\"mashsb-container mashsb-main mashsb-stretched\"><div class=\"mashsb-box\"><div class=\"mashsb-count mash-large\" style=\"float:left\"><div class=\"counts mashsbcount\">114<\/div><span class=\"mashsb-sharetext\">gemeinsame Zeit<\/span><\/div><div class=\"mashsb-buttons\"><a class=\"mashicon-facebook mash-large mash-center mashsb-noshadow\" href=\"https:\/\/www.facebook.com\/sharer.php?u=https%3A%2F%2Fwww.addkenmerken.net%2Fde%2Fingrid-leven-met-borderline-en-adhd%2F%3Futm_source%3Dsharebuttons%26utm_medium%3Dfacebook%26utm_campaign%3Dmashshare\" target=\"_top\" rel=\"nofollow\"><span class=\"icon\"><\/span><span class=\"text\">Teilen Sie<\/span><\/a><a class=\"mashicon-twitter mash-large mash-center mashsb-noshadow\" href=\"https:\/\/twitter.com\/intent\/tweet?text=&amp;url=https:\/\/www.addkenmerken.net\/de\/?p=9608&amp;via=krachtvanADHD\" target=\"_top\" rel=\"nofollow\"><span class=\"icon\"><\/span><span class=\"text\">Zwitschern Sie<\/span><\/a><div class=\"onoffswitch2 mash-large mashsb-noshadow\" style=\"display:none\"><\/div><\/div>\n            <\/div>\n                <div style=\"clear:both\"><\/div><\/aside>\n            <!-- Share buttons by mashshare.net - Version: 4.0.47--><p><em>Eingereichte Lebensgeschichte von Ingrid \u00fcber ihr Leben mit ADHS und Borderline<\/em><\/p>\n<h2><span style=\"color: #000000;\">Ein langes und anstrengendes Behandlungsprogramm f\u00fcr Borderline, nach dem sp\u00e4ter ADHS diagnostiziert wurde.<\/span><\/h2>\n<figure id=\"attachment_9660\" aria-describedby=\"caption-attachment-9660\" style=\"width: 225px\" class=\"wp-caption alignright\"><img loading=\"lazy\" decoding=\"async\" class=\"size-medium wp-image-9660\" src=\"https:\/\/www.addkenmerken.net\/wp-content\/uploads\/2014\/04\/Borderline-persoonlijkheidsstoornis-BPS1-225x300.jpg\" alt=\"Borderline und ADHD, ich mag keine St\u00e4nde!\" width=\"225\" height=\"300\" title=\"\" srcset=\"https:\/\/www.addkenmerken.net\/wp-content\/uploads\/2014\/04\/Borderline-persoonlijkheidsstoornis-BPS1-225x300.jpg 225w, https:\/\/www.addkenmerken.net\/wp-content\/uploads\/2014\/04\/Borderline-persoonlijkheidsstoornis-BPS1.jpg 480w\" sizes=\"auto, (max-width: 225px) 100vw, 225px\"><figcaption id=\"caption-attachment-9660\" class=\"wp-caption-text\"><em>Ich habe ADS, ich mag das Leben als F\u00fchrungskraft nicht!<\/em><\/figcaption><\/figure>\n<p>Seit 1998 wurde ich wegen BPS behandelt (<span style=\"font-weight: bold; color: #000000;\">Borderline-Pers\u00f6nlichkeitsst\u00f6rung)<\/span>. Tonnenweise Medikamente, die mich nur noch \"verr\u00fcckter\" gemacht haben, und ich wei\u00df nicht, wie viele Stunden Behandlung ich noch verloren habe - die H\u00e4lfte meiner Familie, meine Familie und viele meiner Freunde. Meine Ehe auf den Klippen und einem Meer von Tr\u00e4nen weinte. Depression und Sucht wurden \u00fcberwunden. Aber es ist immer dieser innere Aufruhr und das Chaos in meinem Kopf. In meinem Kopf werden wahnsinnig schnelle Verb\u00e4nde gemacht. Niemals die Leere, von der man bei der BPS spricht, nur \u00fcberf\u00fcllt. Was mich auch zu einem\u00a0<span style=\"color: #3e454c;\">automatisieren<\/span>\u00a0(sich selbst schneiden), seit ich 11 Jahre alt war. \"Luftl\u00f6cher!\" nannte ich es. Ich verstehe, wie die Diagnose gestellt wurde, aber ich habe nie weiter gesucht.<\/p>\n<p>Nach einer so entt\u00e4uschenden Behandlung ging ich in ein Beschwerdeverfahren, und nach 14 Jahren Behandlung verlangte ich eine umfassende Untersuchung. Ich habe von diesem Gremium mein Recht und meine Entschuldigung erhalten. Nun scheint es, dass ich <strong><a title=\"Was ist ADHS? (Aufmerksamkeitsdefizit-Hyperaktivit\u00e4tsst\u00f6rung)\" href=\"https:\/\/www.addkenmerken.net\/de\/merkmale-von-adhd\/\">ADHD<\/a><\/strong> und wenn es nicht zuerst behandelt wird, sind andere Behandlungen f\u00fcr m\u00f6gliche andere Beschwerden nutzlos. Ich k\u00f6nnte mich weiterhin in meinem Beschwerdeverfahren beschweren, aber ich habe f\u00fcr mich entschieden, dass ich bereits zu viel Zeit und Geld verschwendet habe.<\/p>\n<p>Mit viel M\u00fche, vor allem im Vertrauen (!) habe ich mich einer anderen, kleineren GGZ-Institution angeschlossen, und eine Welt \u00f6ffnet sich f\u00fcr mich, und ich sehe Licht am Ende des noch langen Tunnels. Ich bekomme n\u00fctzliche Tipps, um anzuhalten und mich zu strukturieren. Ich habe immer die Neigung, weiter zu traben. Das wei\u00df ich jetzt. Aber endlich bekomme ich die Z\u00fcgel in die Hand! Huhu! Was f\u00fcr eine Erleichterung! Jetzt \u00fcben! Ich versuche, der Trauer \u00fcber das, was ich verloren habe, einen Platz zu geben und eine ganz neue Zukunft aufzubauen. Es ist ein neuer Tag, es ist ein neues Leben und ich f\u00fchle... LOL ver\u00e4ndern!<\/p>\n<p>Ich schreibe dies \u00f6ffentlich, weil ich mitteilen m\u00f6chte, dass es nach wie vor so wichtig ist, seine eigenen F\u00e4den in der Hand zu behalten, auch in Institutionen. Und ich m\u00f6chte die Tatsache anprangern, dass ich es skandal\u00f6s finde, dass man, wenn man krank und auf Hilfe angewiesen ist, so lax und locker behandelt wird, mit Ihnen als Mensch und Ihrer Diagnose. Jahrelang dachte ich zum Beispiel, ich w\u00fcrde von einem Psychologen behandelt, w\u00e4hrend ich \"unterst\u00fctzende Gespr\u00e4che\" mit einer psychiatrischen Krankenschwester f\u00fchrte. Deshalb wollte sie nie tiefer in Themen einsteigen, wenn ich sie darum bat. Lange Zeit war ich passiv und unterzog mich meiner 'Behandlung'. (Was wollen Sie, wenn Sie deprimiert sind?!)<\/p>\n<p>Leider hat niemand um mich herum Alarm geschlagen.<br \/>Ich habe mich durch diese Jahre mit den Kindern abgem\u00fcht. Die Kinder, die zweifellos einen ziemlichen Schlag davon abbekommen haben. Ganz zu schweigen von der Intervention der BJZ, die viel zu w\u00fcnschen \u00fcbrig lie\u00df. Leider vertrauen wir keinem von ihnen. Aber was dich nicht umbringt, macht dich st\u00e4rker!<\/p>\n<p>Was ich versuche zu sagen...<br \/>K\u00fcrzungen in der Pflege ????<br \/>INVESTITIONEN!!!<br \/>Sorgen Sie daf\u00fcr, dass die Pflege effizient funktioniert!<br \/>DAS SCHIEBT!!!!!!<br \/>Deshalb w\u00fcrde ich mich gerne nackt ausziehen, wenn jemand... irgendjemand etwas erf\u00e4hrt!<\/p>\n<p>Gru\u00dfwort Ingrid<\/p>\n\n\n<div class=\"wp-block-uagb-marketing-button uagb-marketing-btn__outer-wrap uagb-marketing-btn__align-center uagb-marketing-btn__align-text-center uagb-marketing-btn__icon-before\" id=\"uagb-marketing-btn-bc07d9fd-afab-465d-bd82-96e12407b527\"><div class=\"uagb-marketing-btn__wrap\"><a href=\"https:\/\/www.addkenmerken.net\/de\/kategorie\/lebensgeschichten\/\" class=\"uagb-marketing-btn__link\" target=\"\" rel=\"noopener \"><div class=\"uagb-marketing-btn__title-wrap\"><h6 class=\"uagb-marketing-btn__title\">Sehen Sie hier alle eingereichten Lebensgeschichten<\/h6><\/div><div class=\"uagb-marketing-btn__prefix-wrap\"><p class=\"uagb-marketing-btn__prefix\"><\/p><\/div><\/a><\/div><\/div>","protected":false},"excerpt":{"rendered":"<p>Ingrids eingereichte Lebensgeschichte \u00fcber ihr Leben mit ADHS und Borderline Ein langer und anstrengender Behandlungsprozess f\u00fcr Borderline, gefolgt von der Diagnose ADHS seit 1998, die bei mir diagnostiziert wurde...<\/p>","protected":false},"author":1,"featured_media":9660,"comment_status":"open","ping_status":"closed","sticky":false,"template":"","format":"standard","meta":{"_kad_post_transparent":"","_kad_post_title":"","_kad_post_layout":"","_kad_post_sidebar_id":"","_kad_post_content_style":"","_kad_post_vertical_padding":"","_kad_post_feature":"","_kad_post_feature_position":"","_kad_post_header":false,"_kad_post_footer":false,"_kad_post_classname":"","footnotes":""},"categories":[552,1506,1132,1162],"tags":[6,906,904,910,46,478],"class_list":["post-9608","post","type-post","status-publish","format-standard","has-post-thumbnail","hentry","category-levensverhalen","category-add-adhd","category-adhd-artikelen","category-volwassenen-met-add-adhd","tag-adhd","tag-adhd-en-borderline","tag-borderline","tag-ggz","tag-medicatie","tag-medicijnen"],"_links":{"self":[{"href":"https:\/\/www.addkenmerken.net\/de\/wp-json\/wp\/v2\/posts\/9608","targetHints":{"allow":["GET"]}}],"collection":[{"href":"https:\/\/www.addkenmerken.net\/de\/wp-json\/wp\/v2\/posts"}],"about":[{"href":"https:\/\/www.addkenmerken.net\/de\/wp-json\/wp\/v2\/types\/post"}],"author":[{"embeddable":true,"href":"https:\/\/www.addkenmerken.net\/de\/wp-json\/wp\/v2\/users\/1"}],"replies":[{"embeddable":true,"href":"https:\/\/www.addkenmerken.net\/de\/wp-json\/wp\/v2\/comments?post=9608"}],"version-history":[{"count":0,"href":"https:\/\/www.addkenmerken.net\/de\/wp-json\/wp\/v2\/posts\/9608\/revisions"}],"wp:featuredmedia":[{"embeddable":true,"href":"https:\/\/www.addkenmerken.net\/de\/wp-json\/wp\/v2\/media\/9660"}],"wp:attachment":[{"href":"https:\/\/www.addkenmerken.net\/de\/wp-json\/wp\/v2\/media?parent=9608"}],"wp:term":[{"taxonomy":"category","embeddable":true,"href":"https:\/\/www.addkenmerken.net\/de\/wp-json\/wp\/v2\/categories?post=9608"},{"taxonomy":"post_tag","embeddable":true,"href":"https:\/\/www.addkenmerken.net\/de\/wp-json\/wp\/v2\/tags?post=9608"}],"curies":[{"name":"wp","href":"https:\/\/api.w.org\/{rel}","templated":true}]}}