{"id":10858,"date":"2014-10-15T14:15:30","date_gmt":"2014-10-15T12:15:30","guid":{"rendered":"http:\/\/www.addkenmerken.net\/?p=10858"},"modified":"2020-09-01T11:44:46","modified_gmt":"2020-09-01T09:44:46","slug":"la-tempete-appelee-adhd","status":"publish","type":"post","link":"https:\/\/www.addkenmerken.net\/fr\/de-storm-genaamd-adhd\/","title":{"rendered":"Vivre avec un TDAH dans une relation (histoire de vie anonyme)"},"content":{"rendered":"<aside class=\"mashsb-container mashsb-main mashsb-stretched\"><div class=\"mashsb-box\"><div class=\"mashsb-count mash-large\" style=\"float:left\"><div class=\"counts mashsbcount\">110<\/div><span class=\"mashsb-sharetext\">temps partag\u00e9<\/span><\/div><div class=\"mashsb-buttons\"><a class=\"mashicon-facebook mash-large mash-center mashsb-noshadow\" href=\"https:\/\/www.facebook.com\/sharer.php?u=https%3A%2F%2Fwww.addkenmerken.net%2Ffr%2Fde-storm-genaamd-adhd%2F%3Futm_source%3Dsharebuttons%26utm_medium%3Dfacebook%26utm_campaign%3Dmashshare\" target=\"_top\" rel=\"nofollow\"><span class=\"icon\"><\/span><span class=\"text\">Partager<\/span><\/a><a class=\"mashicon-twitter mash-large mash-center mashsb-noshadow\" href=\"https:\/\/twitter.com\/intent\/tweet?text=&amp;url=https:\/\/www.addkenmerken.net\/fr\/?p=10858&amp;via=krachtvanADHD\" target=\"_top\" rel=\"nofollow\"><span class=\"icon\"><\/span><span class=\"text\">Tweet<\/span><\/a><div class=\"onoffswitch2 mash-large mashsb-noshadow\" style=\"display:none\"><\/div><\/div>\n            <\/div>\n                <div style=\"clear:both\"><\/div><\/aside>\n            <!-- Share buttons by mashshare.net - Version: 4.0.47--><p><em>Recevoir anonymement l'histoire de la vie d'une personne atteinte de TDAH, d'un divorce et de l'expression de ses sentiments dans ses relations<\/em><\/p>\n<h2>Le TDAH et l'expression de vos sentiments dans les relations<\/h2>\n<figure id=\"attachment_17947\" aria-describedby=\"caption-attachment-17947\" style=\"width: 362px\" class=\"wp-caption alignright\"><img loading=\"lazy\" decoding=\"async\" class=\"wp-image-17947\" src=\"https:\/\/www.addkenmerken.net\/wp-content\/uploads\/2014\/10\/ADHD-en-je-relatie.jpg\" alt=\"Le TDAH et votre relation\" width=\"362\" height=\"241\" title=\"\" srcset=\"https:\/\/www.addkenmerken.net\/wp-content\/uploads\/2014\/10\/ADHD-en-je-relatie.jpg 500w, https:\/\/www.addkenmerken.net\/wp-content\/uploads\/2014\/10\/ADHD-en-je-relatie-300x200.jpg 300w, https:\/\/www.addkenmerken.net\/wp-content\/uploads\/2014\/10\/ADHD-en-je-relatie-272x182.jpg 272w\" sizes=\"auto, (max-width: 362px) 100vw, 362px\"><figcaption id=\"caption-attachment-17947\" class=\"wp-caption-text\">Le TDAH dans votre relation - Image \u00e0 illustrer<\/figcaption><\/figure>\n<p>Apr\u00e8s que mon enfant a \u00e9t\u00e9 diagnostiqu\u00e9 avec un TDAH, j'ai commenc\u00e9 \u00e0 en souffrir. Lors de son entretien d'embauche, il est vite apparu qu'il y avait de nombreuses similitudes entre l'enfant et son p\u00e8re.<br \/>Il y a six mois, je me suis fait tester et BINGO ....<\/p>\n<p>Les secours ont \u00e9t\u00e9 de courte dur\u00e9e, au d\u00e9but je pensais que c'\u00e9tait bien, maintenant je suis s\u00fbr que c'est mieux... Cette erreur \u00e9tait toujours aussi grave.<\/p>\n<p>Pourquoi n'ai-je pas vu\/test\u00e9\/savoir cela avant... ? Alors peut-\u00eatre que tout aurait tourn\u00e9 diff\u00e9remment si je n'avais pas ...\/ et ni l'un ni l'autre ...<br \/>Je suis divorc\u00e9 depuis 2 ans ... \u00e0 cause d'un TDAH ? Ou le TDAH persiste-t-il depuis longtemps ?<br \/>Qui sait...en attendant, je me rends compte que la r\u00e9ponse \u00e0 cette question ne viendra jamais et qu'ici aussi 2 personnes sont impliqu\u00e9es, chacune avec sa propre part. Il est de mieux en mieux de laisser cette culpabilit\u00e9 s'apaiser.<\/p>\n<p>Et aussi les sautes d'humeur, c\u00e9l\u00e8bres et notoires dans ma relation. Alors vous vous asseyez sur la terrasse pour faire mon truc un peu plus tard dans ma propre maison o\u00f9 toutes sortes de choses ne marchent pas et puis vous ne pouvez pas trouver ce dont j'ai besoin.<br \/>MIS !!!!!! Compl\u00e8tement dans le stress de ne pas naviguer dans un pays et ma relation qui cherche alors le contact n'attire plus...<\/p>\n<p>Apr\u00e8s, il s'av\u00e8re que la relation est difficile pour plus d'avions que moi, mais comme un ADHD'ER bouillant, j'oublie cela pendant un moment et je le relate compl\u00e8tement \u00e0 moi-m\u00eame...\" comment se fait-il que vous ne sachiez pas jusqu'\u00e0 quel point... PRIMA ! Je sais ! Bonne chance, bonne chance, los ballos, amusez-vous avec le reste de votre vie (sans moi...) pfffffff...courte m\u00e8che...bien...<\/p>\n<p>Puis, une heure plus tard et quelques battements de c\u0153ur en moins, il faut tout mettre en \u0153uvre pour sauver ce qui peut l'\u00eatre. Le r\u00e9sultat ......<br \/>Mieux communiquer ce qui se passe, comment cela se passe, poser des questions et indiquer .<br \/>Induire que c'est un peu sale, ce qui vous fait vous apitoyer sur votre sort pendant un certain temps... vous fait comprendre votre attitude. L'autre personne sait que ce n'est pas \u00e0 elle de d\u00e9cider et que cela va dispara\u00eetre. Tout aussi bien, ce n'est pas facile pour l'autre personne, ff la coupe de cheveux, mind on 0 etc etc...<\/p>\n<p>Mais mettre vos sentiments sur la table chaque fois que quelque chose vous d\u00e9range .... pfffff<br \/>Je ne sais pas, trop d'iig n'est pas bon, il faudra travailler dur pour changer un peu de comportement.<\/p>\n<p>Prendre conscience est une chose, mais se sentir bien dans cette situation en est une autre. Briser le sch\u00e9ma de toutes ces ann\u00e9es juste ff... ? SUCC\u00c8S !<br \/>\u00e7a prend du temps... beaucoup de temps... est-ce que \u00e7a vaut la peine de percer... ? C'est \u00e0 vous de d\u00e9cider... Dans mon cas, j'ai la chance d'avoir trouv\u00e9 une grande amie, avec ses propres probl\u00e8mes, bien s\u00fbr, mais quelqu'un qui me rend vraiment utile d'avoir certains <a href=\"https:\/\/www.addkenmerken.net\/fr\/caracteristiques-des-troubles-de-lattention\/\">ADHD<\/a> des choses, \u00e0 traiter.<br \/>Elle ne va certainement pas y aller toute seule et d'o\u00f9 elle vient, aucune id\u00e9e, mais j'y vais pour elle.<br \/>Nous devons d'abord faire face aux sautes d'humeur et \"savoir\" \u00e0 l'avance comment la situation va \u00e9voluer.<\/p>\n<p>Vous voulez commenter cette histoire de vie ? Faites d\u00e9filer l'\u00e9cran en bas pour avoir de vos nouvelles...<\/p>\n<p>\u00a0<\/p>\n\n\n<div class=\"wp-block-uagb-marketing-button uagb-marketing-btn__outer-wrap uagb-marketing-btn__align-center uagb-marketing-btn__align-text-center uagb-marketing-btn__icon-before\" id=\"uagb-marketing-btn-bc07d9fd-afab-465d-bd82-96e12407b527\"><div class=\"uagb-marketing-btn__wrap\"><a href=\"https:\/\/www.addkenmerken.net\/fr\/categorie\/histoires-de-vie\/\" class=\"uagb-marketing-btn__link\" target=\"\" rel=\"noopener \"><div class=\"uagb-marketing-btn__title-wrap\"><h6 class=\"uagb-marketing-btn__title\">Voir toutes les histoires de vie soumises ici<\/h6><\/div><div class=\"uagb-marketing-btn__prefix-wrap\"><p class=\"uagb-marketing-btn__prefix\"><\/p><\/div><\/a><\/div><\/div>","protected":false},"excerpt":{"rendered":"<p>Recevoir anonymement l'histoire de quelqu'un sur sa vie avec le TDAH, un divorce et la gestion de l'expression des sentiments dans les relations...<\/p>","protected":false},"author":1,"featured_media":17950,"comment_status":"open","ping_status":"closed","sticky":false,"template":"","format":"standard","meta":{"_kad_post_transparent":"","_kad_post_title":"","_kad_post_layout":"","_kad_post_sidebar_id":"","_kad_post_content_style":"","_kad_post_vertical_padding":"","_kad_post_feature":"","_kad_post_feature_position":"","_kad_post_header":false,"_kad_post_footer":false,"_kad_post_classname":"","footnotes":""},"categories":[552,1506,1132,1162],"tags":[6,70,944,942],"class_list":["post-10858","post","type-post","status-publish","format-standard","has-post-thumbnail","hentry","category-levensverhalen","category-add-adhd","category-adhd-artikelen","category-volwassenen-met-add-adhd","tag-adhd","tag-diagnose","tag-relatie-adhd","tag-stemmingswisselingen"],"_links":{"self":[{"href":"https:\/\/www.addkenmerken.net\/fr\/wp-json\/wp\/v2\/posts\/10858","targetHints":{"allow":["GET"]}}],"collection":[{"href":"https:\/\/www.addkenmerken.net\/fr\/wp-json\/wp\/v2\/posts"}],"about":[{"href":"https:\/\/www.addkenmerken.net\/fr\/wp-json\/wp\/v2\/types\/post"}],"author":[{"embeddable":true,"href":"https:\/\/www.addkenmerken.net\/fr\/wp-json\/wp\/v2\/users\/1"}],"replies":[{"embeddable":true,"href":"https:\/\/www.addkenmerken.net\/fr\/wp-json\/wp\/v2\/comments?post=10858"}],"version-history":[{"count":0,"href":"https:\/\/www.addkenmerken.net\/fr\/wp-json\/wp\/v2\/posts\/10858\/revisions"}],"wp:featuredmedia":[{"embeddable":true,"href":"https:\/\/www.addkenmerken.net\/fr\/wp-json\/wp\/v2\/media\/17950"}],"wp:attachment":[{"href":"https:\/\/www.addkenmerken.net\/fr\/wp-json\/wp\/v2\/media?parent=10858"}],"wp:term":[{"taxonomy":"category","embeddable":true,"href":"https:\/\/www.addkenmerken.net\/fr\/wp-json\/wp\/v2\/categories?post=10858"},{"taxonomy":"post_tag","embeddable":true,"href":"https:\/\/www.addkenmerken.net\/fr\/wp-json\/wp\/v2\/tags?post=10858"}],"curies":[{"name":"wp","href":"https:\/\/api.w.org\/{rel}","templated":true}]}}