{"id":11351,"date":"2015-02-09T17:35:38","date_gmt":"2015-02-09T16:35:38","guid":{"rendered":"http:\/\/www.addkenmerken.net\/?p=11351"},"modified":"2020-09-01T11:40:06","modified_gmt":"2020-09-01T09:40:06","slug":"3-viperes-reunies-dans-une-maison","status":"publish","type":"post","link":"https:\/\/www.addkenmerken.net\/fr\/3-adders-samen-in-1-huis\/","title":{"rendered":"3 TDA dans une maison (histoire de vie Ellen)"},"content":{"rendered":"<aside class=\"mashsb-container mashsb-main mashsb-stretched\"><div class=\"mashsb-box\"><div class=\"mashsb-count mash-large\" style=\"float:left\"><div class=\"counts mashsbcount\">843<\/div><span class=\"mashsb-sharetext\">temps partag\u00e9<\/span><\/div><div class=\"mashsb-buttons\"><a class=\"mashicon-facebook mash-large mash-center mashsb-noshadow\" href=\"https:\/\/www.facebook.com\/sharer.php?u=https%3A%2F%2Fwww.addkenmerken.net%2Ffr%2F3-adders-samen-in-1-huis%2F%3Futm_source%3Dsharebuttons%26utm_medium%3Dfacebook%26utm_campaign%3Dmashshare\" target=\"_top\" rel=\"nofollow\"><span class=\"icon\"><\/span><span class=\"text\">Partager<\/span><\/a><a class=\"mashicon-twitter mash-large mash-center mashsb-noshadow\" href=\"https:\/\/twitter.com\/intent\/tweet?text=&amp;url=https:\/\/www.addkenmerken.net\/fr\/?p=11351&amp;via=krachtvanADHD\" target=\"_top\" rel=\"nofollow\"><span class=\"icon\"><\/span><span class=\"text\">Tweet<\/span><\/a><div class=\"onoffswitch2 mash-large mashsb-noshadow\" style=\"display:none\"><\/div><\/div>\n            <\/div>\n                <div style=\"clear:both\"><\/div><\/aside>\n            <!-- Share buttons by mashshare.net - Version: 4.0.47--><p><em>R\u00e9ception d'un r\u00e9cit de vie d'Ellen o\u00f9 la maison est pleine d'ADD'ers<\/em><\/p>\n<h2>3 Grind ADD n'est pas un charme, c'est un g\u00e2chis !<\/h2>\n<figure id=\"attachment_11353\" aria-describedby=\"caption-attachment-11353\" style=\"width: 262px\" class=\"wp-caption alignright\"><img loading=\"lazy\" decoding=\"async\" class=\"wp-image-11353\" src=\"https:\/\/www.addkenmerken.net\/wp-content\/uploads\/2015\/02\/ADD-wat-mot-je-dr-mee.jpg\" alt=\"M\u00e8re Ellen et 2 enfants, tous les 3 avec un TDA\" width=\"262\" height=\"193\" title=\"\"><figcaption id=\"caption-attachment-11353\" class=\"wp-caption-text\">AJOUTER, AJOUTER et AJOUTER encore !<\/figcaption><\/figure>\n<p>Oh, bon sang. Il faut vivre jusqu'\u00e0 48 ans pour entendre que... <a title=\"AJOUTER\" href=\"https:\/\/www.addkenmerken.net\/fr\/ajouter-des-symptomes\/\" target=\"_blank\" rel=\"noopener\">AJOUTER<\/a> ont. Mordre avec le H de Hieperdepiep aussi, parce que je peux \u00eatre terriblement agit\u00e9.<br \/>Mijn ochtend begint met een flinke beker koffie en laat me alsjeblieft even landen in de dag. Vraag me niet meteen wat we &#8216;s avonds eten en zeg niet dat ik nog naar de stad moet om iets op te halen. Schrijf het maar lief zachtjes op een briefje, oke? Dan schrik ik er niet zo van. Ik heb geen ochtendhumeur van mezelf, maar jij kunt er wel voor zorgen, zeg maar ;-)<br \/>Tr\u00e8s bien, tr\u00e8s bien, tr\u00e8s bien. La journ\u00e9e a commenc\u00e9. Ce n'est que lorsque mon estomac se r\u00e9veille que je pense que je devrais prendre mon petit-d\u00e9jeuner.<\/p>\n<p>Maintenant, je suis tr\u00e8s <a title=\"Personne hautement sensible (PSS) Qu&#039;est-ce que c&#039;est et quelles sont les caract\u00e9ristiques de la PSS ?\" href=\"https:\/\/www.addkenmerken.net\/fr\/personne-tres-sensible-hsp\/\" target=\"_blank\" rel=\"noopener\">sensible<\/a> et vivent avec 2 enfants presque adultes dans une petite maison o\u00f9 c'est toujours le bordel.<br \/>Avec 3 ADD, vous ne devriez pas vous pr\u00e9senter \u00e0 la porte \u00e0 l'improviste. Je n'ouvre donc pas la porte si quelqu'un passe \u00e0 l'improviste. Je ne peux pas passer si vite de \"je\" \u00e0 \"visite\". Du \"silence\" \u00e0 la \"parole\".<br \/>Quand le t\u00e9l\u00e9phone sonne et que quelqu'un veut passer, la panique s'installe et on part avec de grands yeux d'adr\u00e9naline comme des fous pour ranger un peu le salon. Le linge repass\u00e9 est finalement emmen\u00e9 dans les bonnes pi\u00e8ces, mais la porte de la cave est \u00e9galement ouverte pour viser toutes les affaires non installables (o\u00f9 il reste environ 6 semaines, car ce que vous ne voyez pas n'est pas l\u00e0, hein ?)<br \/>Quand la cloche sonne, nous sommes tous les trois fauch\u00e9s, haha, mais nous ne voulons pas de pleurnicheries sur le d\u00e9sordre.<br \/>Nous perdons toujours tout, surtout les choses dont nous avons besoin au quotidien. Cl\u00e9s, carte de bus. Sac. C'est exactement ce que nous avons vraiment la place de faire dispara\u00eetre, comme si Hans Klok lui-m\u00eame \u00e9tait le responsable ici, dans la maison. Toujours en train de courir vers le bus. Vous \u00eates debout au supermarch\u00e9 et vous oubliez votre argent, mais vous finissez par emporter tous les pots vides avec vous. Eh bien, c'est \u00e7a !<br \/>Vers le mois de juillet, la d\u00e9coration de No\u00ebl de la chambre retourne dans le grenier.<\/p>\n<p>Ce qui me d\u00e9range, c'est que je ne peux pas me concentrer sur les choses quotidiennes quand il se passe autre chose. Quand j'ai mal aux dents, je n'ai qu'un mal de dents toute la journ\u00e9e. La maladie grave d'un membre de ma famille est toujours pr\u00e9sente en moi. Elle appuie sur mon c\u0153ur, toujours, et prend la place o\u00f9 d'autres personnes ont leur \"structure\". Je suis toujours en retard avec l'administration, et il semble que tout soit \u00e9crit en swahili. Je perds ma concentration au bout de 10 minutes. Les plantes me regardent avec reproche, suspendues au bord de leurs pots. Je peux presque voir leurs langues suspendues au bord : \"Doooooooooooooorst !\" Mais ils ne disent rien, alors j'ai l'habitude de les oublier pendant bien trop longtemps.<\/p>\n<p>Dans les magasins, je chante en m\u00eame temps que la musique de fond. C'est \"vraiment tr\u00e8s g\u00eanant, maman\". Mais elle va d'elle-m\u00eame. Quand je ne suis pas attentif, je fais aussi une danse parce que je ne pense pas du tout aux cam\u00e9ras de s\u00e9curit\u00e9, au personnel ou aux autres clients. Parfois, je suis compl\u00e8tement introspectif et ce genre de choses embarrassantes se produisent.<br \/>Ma devise est : \"Deviens fou ou tu vas devenir fou\" et je la porte tous les jours.<br \/>Je trouve mon repos \u00e0 l'ext\u00e9rieur, dans la nature, o\u00f9 je capture tout ce qui attire mon attention avec un \u0153il pour le d\u00e9tail.<br \/>En als ik &#8216;s avonds uitgeblust mijn bed inrol, bedenk ik dat ik mijn make-up niet van mijn gezicht heb gehaald. Shoot. Net als in de film lig ik met opgemaakte ogen in mijn nestje.<br \/>Ah.<br \/>Il y a pire.<br \/>Je me recroqueville et je m'endors tout de suite.<\/p>\n<p>Ellen<\/p>\n<p>Vous r\u00e9agissez encore \u00e0 l'histoire de la vie d'Ellen ? Vous pouvez laisser un commentaire en bas de page.<\/p>\n<p>\u00a0<\/p>\n\n\n\n\n<div class=\"wp-block-uagb-marketing-button uagb-marketing-btn__outer-wrap uagb-marketing-btn__align-center uagb-marketing-btn__align-text-center uagb-marketing-btn__icon-before\" id=\"uagb-marketing-btn-bc07d9fd-afab-465d-bd82-96e12407b527\"><div class=\"uagb-marketing-btn__wrap\"><a href=\"https:\/\/www.addkenmerken.net\/fr\/categorie\/histoires-de-vie\/\" class=\"uagb-marketing-btn__link\" target=\"\" rel=\"noopener \"><div class=\"uagb-marketing-btn__title-wrap\"><h6 class=\"uagb-marketing-btn__title\">Voir toutes les histoires de vie soumises ici<\/h6><\/div><div class=\"uagb-marketing-btn__prefix-wrap\"><p class=\"uagb-marketing-btn__prefix\"><\/p><\/div><\/a><\/div><\/div>","protected":false},"excerpt":{"rendered":"<p>Re\u00e7u histoire de vie d'Ellen o\u00f9 la maison est pleine de ADD'ers 3 Maal ADD n'est pas un charme, c'est un g\u00e2chis ! Oh, bon sang. Et voil\u00e0...<\/p>","protected":false},"author":1,"featured_media":11353,"comment_status":"open","ping_status":"closed","sticky":false,"template":"","format":"standard","meta":{"_kad_post_transparent":"","_kad_post_title":"","_kad_post_layout":"","_kad_post_sidebar_id":"","_kad_post_content_style":"","_kad_post_vertical_padding":"","_kad_post_feature":"","_kad_post_feature_position":"","_kad_post_header":false,"_kad_post_footer":false,"_kad_post_classname":"","footnotes":""},"categories":[552,1131,1506,1148,1162],"tags":[1000,999,1001,626],"class_list":["post-11351","post","type-post","status-publish","format-standard","has-post-thumbnail","hentry","category-levensverhalen","category-add","category-add-adhd","category-kinderen-met-addadhd","category-volwassenen-met-add-adhd","tag-add-chaos","tag-add-moeder","tag-add-volwassenen","tag-leven-met-add"],"_links":{"self":[{"href":"https:\/\/www.addkenmerken.net\/fr\/wp-json\/wp\/v2\/posts\/11351","targetHints":{"allow":["GET"]}}],"collection":[{"href":"https:\/\/www.addkenmerken.net\/fr\/wp-json\/wp\/v2\/posts"}],"about":[{"href":"https:\/\/www.addkenmerken.net\/fr\/wp-json\/wp\/v2\/types\/post"}],"author":[{"embeddable":true,"href":"https:\/\/www.addkenmerken.net\/fr\/wp-json\/wp\/v2\/users\/1"}],"replies":[{"embeddable":true,"href":"https:\/\/www.addkenmerken.net\/fr\/wp-json\/wp\/v2\/comments?post=11351"}],"version-history":[{"count":0,"href":"https:\/\/www.addkenmerken.net\/fr\/wp-json\/wp\/v2\/posts\/11351\/revisions"}],"wp:featuredmedia":[{"embeddable":true,"href":"https:\/\/www.addkenmerken.net\/fr\/wp-json\/wp\/v2\/media\/11353"}],"wp:attachment":[{"href":"https:\/\/www.addkenmerken.net\/fr\/wp-json\/wp\/v2\/media?parent=11351"}],"wp:term":[{"taxonomy":"category","embeddable":true,"href":"https:\/\/www.addkenmerken.net\/fr\/wp-json\/wp\/v2\/categories?post=11351"},{"taxonomy":"post_tag","embeddable":true,"href":"https:\/\/www.addkenmerken.net\/fr\/wp-json\/wp\/v2\/tags?post=11351"}],"curies":[{"name":"wp","href":"https:\/\/api.w.org\/{rel}","templated":true}]}}