{"id":11640,"date":"2015-03-26T13:45:59","date_gmt":"2015-03-26T12:45:59","guid":{"rendered":"http:\/\/www.addkenmerken.net\/?p=11640"},"modified":"2021-03-08T23:55:07","modified_gmt":"2021-03-08T22:55:07","slug":"entretien-lto3-aide-naturelle-pour-les-troubles-de-la-concentration","status":"publish","type":"post","link":"https:\/\/www.addkenmerken.net\/fr\/lto3-interview-natuurlijke-hulp-bij-concentratiestoornissen\/","title":{"rendered":"Entretien avec le p\u00e9diatre Sander Feith sur le LTO3"},"content":{"rendered":"<aside class=\"mashsb-container mashsb-main mashsb-stretched\"><div class=\"mashsb-box\"><div class=\"mashsb-count mash-large\" style=\"float:left\"><div class=\"counts mashsbcount\">752<\/div><span class=\"mashsb-sharetext\">temps partag\u00e9<\/span><\/div><div class=\"mashsb-buttons\"><a class=\"mashicon-facebook mash-large mash-center mashsb-noshadow\" href=\"https:\/\/www.facebook.com\/sharer.php?u=https%3A%2F%2Fwww.addkenmerken.net%2Ffr%2Flto3-interview-natuurlijke-hulp-bij-concentratiestoornissen%2F%3Futm_source%3Dsharebuttons%26utm_medium%3Dfacebook%26utm_campaign%3Dmashshare\" target=\"_top\" rel=\"nofollow\"><span class=\"icon\"><\/span><span class=\"text\">Partager<\/span><\/a><a class=\"mashicon-twitter mash-large mash-center mashsb-noshadow\" href=\"https:\/\/twitter.com\/intent\/tweet?text=&amp;url=https:\/\/www.addkenmerken.net\/fr\/?p=11640&amp;via=krachtvanADHD\" target=\"_top\" rel=\"nofollow\"><span class=\"icon\"><\/span><span class=\"text\">Tweet<\/span><\/a><div class=\"onoffswitch2 mash-large mashsb-noshadow\" style=\"display:none\"><\/div><\/div>\n            <\/div>\n                <div style=\"clear:both\"><\/div><\/aside>\n            <!-- Share buttons by mashshare.net - Version: 4.0.47--><h2><span style=\"color: #000000;\">Une aide naturelle pour les troubles de la concentration<\/span><\/h2>\n<h4><span style=\"color: #000000;\">Des ann\u00e9es de m\u00e9dication, c'est un probl\u00e8me auquel de nombreux parents et adultes sont confront\u00e9s - LTO3 offre une alternative naturelle<\/span><\/h4>\n<p>Dans une annexe \u00e0\u00a0<strong>De Volkskrant\" du 24 mars 2015<\/strong> est apparue <strong>interview<\/strong>avec le p\u00e9diatre Sander Feith, sur <strong>LTO3<\/strong> comme <strong>une aide naturelle pour les troubles de la concentration<\/strong>. Vous le trouverez dans l'annexe du \"Brain magazine\". Je suis tout \u00e0 fait d'accord avec ses conclusions et ses exp\u00e9riences.<\/p>\n<p>Le <a title=\"LTO3 : exp\u00e9riences de personnes souffrant de TDA, TDAH, HSP et ASS\" href=\"https:\/\/www.addkenmerken.net\/fr\/experiences-de-lto3\/\" target=\"_blank\" rel=\"noopener\">Exp\u00e9riences LTO3<\/a> que l'on m'envoie sont aussi presque toujours tr\u00e8s positifs et les gens me donnent continuellement \u00e0 avoir une vie meilleure gr\u00e2ce \u00e0 LTO3. Il s'agit g\u00e9n\u00e9ralement de personnes ayant <strong>ADD, ADHD<\/strong>ainsi que <strong>des personnes tr\u00e8s sensibles<\/strong> ou des personnes ayant des plaintes telles que <strong>\u00e9puisement, anxi\u00e9t\u00e9, tension, d\u00e9pendance et\/ou morosit\u00e9<\/strong>. Voici l'interview. Difficile \u00e0 lire ? Cliquez dessus pour l'agrandir :<\/p>\n<figure id=\"attachment_17106\" aria-describedby=\"caption-attachment-17106\" style=\"width: 1365px\" class=\"wp-caption aligncenter\"><a href=\"https:\/\/www.addkenmerken.net\/wp-content\/uploads\/2015\/03\/lto3-biedt-een-natuurlijk-alternatief-voor-concentratiestoornissen-2.jpg\" target=\"_blank\" rel=\"noopener\"><img loading=\"lazy\" decoding=\"async\" class=\"size-full wp-image-17106\" src=\"https:\/\/www.addkenmerken.net\/wp-content\/uploads\/2015\/03\/lto3-biedt-een-natuurlijk-alternatief-voor-concentratiestoornissen-2.jpg\" alt=\"Entretien avec le p\u00e9diatre Sander Feith sur le LTO3 - Le LTO3 offre une alternative naturelle aux troubles de la concentration\" width=\"1365\" height=\"651\" title=\"\" srcset=\"https:\/\/www.addkenmerken.net\/wp-content\/uploads\/2015\/03\/lto3-biedt-een-natuurlijk-alternatief-voor-concentratiestoornissen-2.jpg 1365w, https:\/\/www.addkenmerken.net\/wp-content\/uploads\/2015\/03\/lto3-biedt-een-natuurlijk-alternatief-voor-concentratiestoornissen-2-300x143.jpg 300w, https:\/\/www.addkenmerken.net\/wp-content\/uploads\/2015\/03\/lto3-biedt-een-natuurlijk-alternatief-voor-concentratiestoornissen-2-768x366.jpg 768w, https:\/\/www.addkenmerken.net\/wp-content\/uploads\/2015\/03\/lto3-biedt-een-natuurlijk-alternatief-voor-concentratiestoornissen-2-1024x488.jpg 1024w\" sizes=\"auto, (max-width: 1365px) 100vw, 1365px\"><\/a><figcaption id=\"caption-attachment-17106\" class=\"wp-caption-text\">Interview sur le LTO3 de l'annexe \"De volkskrant\u00a0<a title=\"Interview de De Volkskrant avec le p\u00e9diatre Sander Feith sur lto3\" href=\"https:\/\/www.addkenmerken.net\/wp-content\/uploads\/2015\/03\/lto3-biedt-een-natuurlijk-alternatief-voor-concentratiestoornissen-2.jpg\" target=\"_blank\" rel=\"noopener\">(Cliquez ici pour la version \u00e9largie)<\/a><\/figcaption><\/figure>\n<h3><\/h3>\n<h3>Plus d'informations sur LTO3<\/h3>\n<p>Vous cherchez plus d'informations sur LTO3 ? Des informations d\u00e9taill\u00e9es et des r\u00e9ponses aux questions fr\u00e9quemment pos\u00e9es sur le LTO3 sont disponibles via le lien ci-dessous :<\/p>\n<p><strong><a title=\"lto3 information\" href=\"https:\/\/www.addkenmerken.net\/fr\/lto3\/\" target=\"_blank\" rel=\"noopener\">&gt; Informations LTO3 + r\u00e9ponses aux questions fr\u00e9quemment pos\u00e9es<\/a><\/strong><\/p>\n<p>&nbsp;<\/p>\n<h3>O\u00f9 puis-je commander LTO3 ?<\/h3>\n<p>Vous voulez essayer LTO3 vous-m\u00eame ? Vous pouvez commander ce produit naturel aupr\u00e8s du fournisseur via le lien ci-dessous.<\/p>\n<p><strong><a href=\"https:\/\/smartvital.eu\/product\/lto3-origineel\/\" target=\"_blank\" rel=\"noopener\">\u00a0&gt; Ordonnance LTO3<\/a><\/strong><\/p>\n<p>&nbsp;<\/p>\n<h3>LTO3 Histoires de personnes atteintes de TDA, TDAH, HSP et TSA, entre autres.<\/h3>\n<p>Je re\u00e7ois continuellement des exp\u00e9riences de personnes qui utilisent LTO3. Je les place sur le site web et vous pouvez les trouver via le lien ci-dessous :<\/p>\n<p><strong><a title=\"LTO3 : exp\u00e9riences de personnes souffrant de TDA, TDAH, HSP et ASS\" href=\"https:\/\/www.addkenmerken.net\/fr\/experiences-de-lto3\/\" target=\"_blank\" rel=\"noopener\">&gt; LTO3 : exp\u00e9riences de personnes souffrant de TDA, TDAH, HSP et ASS<\/a><\/strong><\/p>\n<p>&nbsp;<\/p>\n<h3>Utilisez-vous d\u00e9j\u00e0 le LTO3 et que pensez-vous des rem\u00e8des naturels ?<\/h3>\n<p>Il y a quelque temps, j'ai fait un petit sondage <strong><a title=\"Sondage 1 - Utilisation du LTO3 chez les personnes souffrant de TDA, TDAH, HSP\" href=\"https:\/\/www.addkenmerken.net\/fr\/utilisation-de-lenquete-lto3-parmi-les-personnes-souffrant-de-dependance-de-troubles-deficitaires-de-lattention-et-dhyperactivite\/\" target=\"_blank\" rel=\"noopener\">\u00c9tude sur l'utilisation du LTO3<\/a><\/strong> dans laquelle plus de 1000 personnes ont maintenant fait entendre leur voix. Vous pouvez par exemple voir qui l'utilise et si elle est utilis\u00e9e \u00e0 c\u00f4t\u00e9 de m\u00e9dicaments ou si elle a arr\u00eat\u00e9 de prendre des m\u00e9dicaments, etc. Les r\u00e9sultats que vous pouvez <a title=\"Sondage 1 - Utilisation du LTO3 chez les personnes souffrant de TDA, TDAH, HSP\" href=\"https:\/\/www.addkenmerken.net\/fr\/utilisation-de-lenquete-lto3-parmi-les-personnes-souffrant-de-dependance-de-troubles-deficitaires-de-lattention-et-dhyperactivite\/\" target=\"_blank\" rel=\"noopener\">ici<\/a> regarder.<\/p>\n<p>Si tu utilises LTO3, je suis curieux de savoir dans quelle mesure il t'aidera dans ta vie avec un TDA, un TDAH ou un HSP ou autre chose. Peut-\u00eatre utilisez-vous d\u00e9j\u00e0 du LTO3 en plus de vos m\u00e9dicaments ou avez-vous cess\u00e9 de prendre des m\u00e9dicaments. Vous \u00eates partisan des rem\u00e8des naturels ou vous pr\u00e9f\u00e9rez quand m\u00eame prendre des m\u00e9dicaments ? LTO3 vous a-t-il \u00e9t\u00e9 recommand\u00e9 par un m\u00e9decin ou un \u00e9tablissement de soins de sant\u00e9 ? Peut-\u00eatre \u00eates-vous contre et ne l'utilisez-vous pas ? J'aimerais que vous me parliez de vos exp\u00e9riences. N'h\u00e9sitez pas \u00e0 nous faire part de vos r\u00e9actions \u00e0 ce sujet !<\/p>","protected":false},"excerpt":{"rendered":"<p>Une aide naturelle pour les troubles de la concentration Des ann\u00e9es de m\u00e9dication, c'est un probl\u00e8me auquel beaucoup de parents et d'adultes sont confront\u00e9s - LTO3 offre une alternative naturelle dans un appendice...<\/p>","protected":false},"author":1,"featured_media":17106,"comment_status":"open","ping_status":"closed","sticky":false,"template":"","format":"standard","meta":{"_kad_post_transparent":"default","_kad_post_title":"default","_kad_post_layout":"default","_kad_post_sidebar_id":"","_kad_post_content_style":"default","_kad_post_vertical_padding":"default","_kad_post_feature":"","_kad_post_feature_position":"","_kad_post_header":false,"_kad_post_footer":false,"_kad_post_classname":"","footnotes":""},"categories":[328,1075,1157],"tags":[5,6,946,1008,968,1009],"class_list":["post-11640","post","type-post","status-publish","format-standard","has-post-thumbnail","hentry","category-lto3-informatie","category-lto3-in-de-krant","category-natuurlijke-behandeling-adhd-add","tag-add","tag-adhd","tag-concentratiestoornissen","tag-lto3-interview","tag-natuurlijk-middel-add-adhd","tag-sander-feith"],"_links":{"self":[{"href":"https:\/\/www.addkenmerken.net\/fr\/wp-json\/wp\/v2\/posts\/11640","targetHints":{"allow":["GET"]}}],"collection":[{"href":"https:\/\/www.addkenmerken.net\/fr\/wp-json\/wp\/v2\/posts"}],"about":[{"href":"https:\/\/www.addkenmerken.net\/fr\/wp-json\/wp\/v2\/types\/post"}],"author":[{"embeddable":true,"href":"https:\/\/www.addkenmerken.net\/fr\/wp-json\/wp\/v2\/users\/1"}],"replies":[{"embeddable":true,"href":"https:\/\/www.addkenmerken.net\/fr\/wp-json\/wp\/v2\/comments?post=11640"}],"version-history":[{"count":0,"href":"https:\/\/www.addkenmerken.net\/fr\/wp-json\/wp\/v2\/posts\/11640\/revisions"}],"wp:featuredmedia":[{"embeddable":true,"href":"https:\/\/www.addkenmerken.net\/fr\/wp-json\/wp\/v2\/media\/17106"}],"wp:attachment":[{"href":"https:\/\/www.addkenmerken.net\/fr\/wp-json\/wp\/v2\/media?parent=11640"}],"wp:term":[{"taxonomy":"category","embeddable":true,"href":"https:\/\/www.addkenmerken.net\/fr\/wp-json\/wp\/v2\/categories?post=11640"},{"taxonomy":"post_tag","embeddable":true,"href":"https:\/\/www.addkenmerken.net\/fr\/wp-json\/wp\/v2\/tags?post=11640"}],"curies":[{"name":"wp","href":"https:\/\/api.w.org\/{rel}","templated":true}]}}