{"id":1212,"date":"2014-02-21T09:00:07","date_gmt":"2014-02-21T08:00:07","guid":{"rendered":"http:\/\/www.addkenmerken.net\/blog\/?p=1212"},"modified":"2020-09-01T12:01:56","modified_gmt":"2020-09-01T10:01:56","slug":"la-pensee-par-images-et-la-pensee-par-mots","status":"publish","type":"post","link":"https:\/\/www.addkenmerken.net\/fr\/beelddenken-en-woorddenken\/","title":{"rendered":"Pens\u00e9e visuelle contre pens\u00e9e verbale"},"content":{"rendered":"<aside class=\"mashsb-container mashsb-main mashsb-stretched\"><div class=\"mashsb-box\"><div class=\"mashsb-buttons\"><a class=\"mashicon-facebook mash-large mash-center mashsb-noshadow\" href=\"https:\/\/www.facebook.com\/sharer.php?u=https%3A%2F%2Fwww.addkenmerken.net%2Ffr%2Fbeelddenken-en-woorddenken%2F%3Futm_source%3Dsharebuttons%26utm_medium%3Dfacebook%26utm_campaign%3Dmashshare\" target=\"_top\" rel=\"nofollow\"><span class=\"icon\"><\/span><span class=\"text\">Partager<\/span><\/a><a class=\"mashicon-twitter mash-large mash-center mashsb-noshadow\" href=\"https:\/\/twitter.com\/intent\/tweet?text=&amp;url=https:\/\/www.addkenmerken.net\/fr\/?p=1212&amp;via=krachtvanADHD\" target=\"_top\" rel=\"nofollow\"><span class=\"icon\"><\/span><span class=\"text\">Tweet<\/span><\/a><div class=\"onoffswitch2 mash-large mashsb-noshadow\" style=\"display:none\"><\/div><\/div>\n            <\/div>\n                <div style=\"clear:both\"><\/div><\/aside>\n            <!-- Share buttons by mashshare.net - Version: 4.0.47--><h2>Mes fils atteints de TDAH et de TDA pensent en images<strong><br \/>\n<\/strong><\/h2>\n<p>Au cours du week-end, j'ai commenc\u00e9 \u00e0 approfondir la r\u00e9flexion sur l'image. Je l'avais d\u00e9j\u00e0 fait en partie lorsque mon plus jeune fils avec <a title=\"Caract\u00e9ristiques du TDAH\" href=\"https:\/\/www.addkenmerken.net\/fr\/caracteristiques-des-troubles-de-lattention\/\" target=\"_blank\" rel=\"nofollow noopener\">ADHD<\/a> avait \u00e9t\u00e9 diagnostiqu\u00e9 parce qu'il \u00e9tait en retard en lecture \u00e0 l'\u00e9cole et qu'il devait donc refaire le groupe trois. Il fait maintenant partie du groupe quatre et il a fait quelques progr\u00e8s. Cela est d\u00fb en partie aux m\u00e9dicaments, mais ce n'est toujours pas comme cela devrait \u00eatre. Il a encore un an de retard en lecture et mon fils a\u00een\u00e9, avec <a title=\"AJOUTER\" href=\"https:\/\/www.addkenmerken.net\/fr\/ajouter-des-symptomes\/\" target=\"_blank\" rel=\"nofollow noopener\">AJOUTER<\/a> ...et comme je n'ai pas pu le faire \u00e0 l'\u00e9poque, je vais le faire maintenant.<\/p>\n<p>&nbsp;<\/p>\n<h3>TDA, TDAH et l'h\u00e9misph\u00e8re droit<\/h3>\n<p>Il semble donc que presque tous les TDA et TDAH utilisent leur h\u00e9misph\u00e8re droit, ce qui signifie qu'ils pensent principalement en images. Cela signifie qu'ils ont un syst\u00e8me de pens\u00e9e diff\u00e9rent et ne peuvent donc pas suivre le syst\u00e8me scolaire actuel, qui utilise principalement l'h\u00e9misph\u00e8re gauche (les mots), et prennent donc du retard et ont m\u00eame souvent un blocage au niveau de la lecture\/apprentissage.<\/p>\n<p>Malheureusement, les \u00e9coles ne sont pas encore cr\u00e9\u00e9es pour les enfants de droite, si bien que dans de nombreux cas, ces enfants resteront bloqu\u00e9s ou ne feront pas vraiment de progr\u00e8s...<\/p>\n<p>Pour de nombreux parents, cela pourrait \u00eatre un point qui montre pourquoi leur enfant ne progresse pas plus, malgr\u00e9 tous les efforts que l'\u00e9cole peut offrir, ce qui peut finalement aboutir \u00e0 une <a title=\"Le pouvoir de la dyslexie - C\u00e9l\u00e9brit\u00e9s atteintes de dyslexie\" href=\"https:\/\/www.addkenmerken.net\/fr\/categorie\/dyslexie\/\" target=\"_blank\" rel=\"noopener\">dyslexie<\/a> Le protocole va entrer en jeu.<\/p>\n<p>&nbsp;<\/p>\n<h3>Que pouvez-vous faire ?<\/h3>\n<figure id=\"attachment_15043\" aria-describedby=\"caption-attachment-15043\" style=\"width: 302px\" class=\"wp-caption alignright\"><img loading=\"lazy\" decoding=\"async\" class=\"wp-image-15043\" src=\"https:\/\/www.addkenmerken.net\/wp-content\/uploads\/2014\/02\/ik-denk-in-beelden-jij-onderwijst-in-woorden.jpg\" alt=\"LIVRE - Je pense en images, vous enseignez en mots\" width=\"302\" height=\"455\" title=\"\" srcset=\"https:\/\/www.addkenmerken.net\/wp-content\/uploads\/2014\/02\/ik-denk-in-beelden-jij-onderwijst-in-woorden.jpg 550w, https:\/\/www.addkenmerken.net\/wp-content\/uploads\/2014\/02\/ik-denk-in-beelden-jij-onderwijst-in-woorden-199x300.jpg 199w, https:\/\/www.addkenmerken.net\/wp-content\/uploads\/2014\/02\/ik-denk-in-beelden-jij-onderwijst-in-woorden-300x452.jpg 300w\" sizes=\"auto, (max-width: 302px) 100vw, 302px\"><figcaption id=\"caption-attachment-15043\" class=\"wp-caption-text\">Livre - Je pense en images, vous enseignez en mots<\/figcaption><\/figure>\n<p>En tant que parent, vous pouvez prendre des mesures pour r\u00e9gler ce probl\u00e8me vous-m\u00eame. Il existe des livres sur le march\u00e9 que vous pouvez utiliser pour soutenir votre enfant, ou allez voir un entra\u00eeneur qui peut aider votre enfant dans cette d\u00e9marche, afin que ses talents soient reconnus et que votre enfant puisse \u00e0 nouveau prendre plaisir \u00e0 lire un livre et venir \u00e0 l'\u00e9cole.<\/p>\n<p>Un livre que je vous recommande absolument et c'est :<strong>Je pense qu'en images, on enseigne en mots<\/strong>En tant que parent d'un enfant atteint de TDA ou de TDAH, vous aurez un point de vue compl\u00e8tement diff\u00e9rent sur ce diagnostic.<\/p>\n<p>Et la<strong>Cahier d'exercices, j'apprends diff\u00e9remment<\/strong>est \u00e9galement fortement recommand\u00e9 !<\/p>\n<p>En tout cas, cela m'a mis au travail et je continuerai certainement \u00e0 aider et \u00e0 soutenir les enfants et les parents \u00e0 l'avenir.<\/p>\n<p>Je vous souhaite beaucoup de plaisir de lecture et de reconnaissance.<\/p>\n<p>Salutations Lyana<\/p>","protected":false},"excerpt":{"rendered":"<p>Mes fils atteints de TDAH et de TDAH pensent en images. J'ai pass\u00e9 le week-end \u00e0 m'immerger dans la pens\u00e9e en images. J'ai d\u00e9j\u00e0 eu ce...<\/p>","protected":false},"author":33,"featured_media":17902,"comment_status":"open","ping_status":"closed","sticky":false,"template":"","format":"standard","meta":{"_kad_post_transparent":"default","_kad_post_title":"default","_kad_post_layout":"default","_kad_post_sidebar_id":"","_kad_post_content_style":"default","_kad_post_vertical_padding":"default","_kad_post_feature":"","_kad_post_feature_position":"","_kad_post_header":false,"_kad_post_footer":false,"_kad_post_classname":"","footnotes":""},"categories":[1148,1131,1506,1132,1134,1137,1139],"tags":[5,6,1197,306,23,226,43,1302,538,1489,1490,212],"class_list":["post-1212","post","type-post","status-publish","format-standard","has-post-thumbnail","hentry","category-kinderen-met-addadhd","category-add","category-add-adhd","category-adhd-artikelen","category-beelddenken","category-boeken-tips","category-gastblog-artikelen","tag-add","tag-adhd","tag-beelddenker","tag-boek","tag-brein","tag-dyslexie","tag-hersenen","tag-ik-denk-in-beelden","tag-lezen","tag-woorddenken","tag-woorddenker","tag-woorden"],"_links":{"self":[{"href":"https:\/\/www.addkenmerken.net\/fr\/wp-json\/wp\/v2\/posts\/1212","targetHints":{"allow":["GET"]}}],"collection":[{"href":"https:\/\/www.addkenmerken.net\/fr\/wp-json\/wp\/v2\/posts"}],"about":[{"href":"https:\/\/www.addkenmerken.net\/fr\/wp-json\/wp\/v2\/types\/post"}],"author":[{"embeddable":true,"href":"https:\/\/www.addkenmerken.net\/fr\/wp-json\/wp\/v2\/users\/33"}],"replies":[{"embeddable":true,"href":"https:\/\/www.addkenmerken.net\/fr\/wp-json\/wp\/v2\/comments?post=1212"}],"version-history":[{"count":0,"href":"https:\/\/www.addkenmerken.net\/fr\/wp-json\/wp\/v2\/posts\/1212\/revisions"}],"wp:featuredmedia":[{"embeddable":true,"href":"https:\/\/www.addkenmerken.net\/fr\/wp-json\/wp\/v2\/media\/17902"}],"wp:attachment":[{"href":"https:\/\/www.addkenmerken.net\/fr\/wp-json\/wp\/v2\/media?parent=1212"}],"wp:term":[{"taxonomy":"category","embeddable":true,"href":"https:\/\/www.addkenmerken.net\/fr\/wp-json\/wp\/v2\/categories?post=1212"},{"taxonomy":"post_tag","embeddable":true,"href":"https:\/\/www.addkenmerken.net\/fr\/wp-json\/wp\/v2\/tags?post=1212"}],"curies":[{"name":"wp","href":"https:\/\/api.w.org\/{rel}","templated":true}]}}