{"id":1306,"date":"2014-03-04T22:21:15","date_gmt":"2014-03-04T21:21:15","guid":{"rendered":"http:\/\/www.addkenmerken.net\/blog\/?p=1306"},"modified":"2021-03-02T12:46:29","modified_gmt":"2021-03-02T11:46:29","slug":"les-plus-de-50-ans-et-le-tdah","status":"publish","type":"post","link":"https:\/\/www.addkenmerken.net\/fr\/vijftigplusser-en-adhd\/","title":{"rendered":"Les plus \u00e2g\u00e9s, les plus fous |50+ et les TDAH !"},"content":{"rendered":"<aside class=\"mashsb-container mashsb-main mashsb-stretched\"><div class=\"mashsb-box\"><div class=\"mashsb-count mash-large\" style=\"float:left\"><div class=\"counts mashsbcount\">632<\/div><span class=\"mashsb-sharetext\">temps partag\u00e9<\/span><\/div><div class=\"mashsb-buttons\"><a class=\"mashicon-facebook mash-large mash-center mashsb-noshadow\" href=\"https:\/\/www.facebook.com\/sharer.php?u=https%3A%2F%2Fwww.addkenmerken.net%2Ffr%2Fvijftigplusser-en-adhd%2F%3Futm_source%3Dsharebuttons%26utm_medium%3Dfacebook%26utm_campaign%3Dmashshare\" target=\"_top\" rel=\"nofollow\"><span class=\"icon\"><\/span><span class=\"text\">Partager<\/span><\/a><a class=\"mashicon-twitter mash-large mash-center mashsb-noshadow\" href=\"https:\/\/twitter.com\/intent\/tweet?text=&amp;url=https:\/\/www.addkenmerken.net\/fr\/?p=1306&amp;via=krachtvanADHD\" target=\"_top\" rel=\"nofollow\"><span class=\"icon\"><\/span><span class=\"text\">Tweet<\/span><\/a><div class=\"onoffswitch2 mash-large mashsb-noshadow\" style=\"display:none\"><\/div><\/div>\n            <\/div>\n                <div style=\"clear:both\"><\/div><\/aside>\n            <!-- Share buttons by mashshare.net - Version: 4.0.47--><h2>TDAH chez les adultes<strong><br \/><\/strong><\/h2>\n<p><img loading=\"lazy\" decoding=\"async\" class=\"alignright wp-image-2164\" src=\"https:\/\/www.addkenmerken.net\/wp-content\/uploads\/2014\/02\/adhd-bij-volwassenen1.jpg\" alt=\"ad(h)d chez les adultes\" width=\"242\" height=\"364\" title=\"\">Plus de 50 ans et ensuite \u00eatre diagnostiqu\u00e9 avec un TDAH. Qu'est-ce que cela vous fait ?<br \/>Il n'y a pas si longtemps, quelqu'un m'a demand\u00e9 si j'avais d\u00e9j\u00e0 subi un test de <a href=\"https:\/\/www.addkenmerken.net\/fr\/caracteristiques-des-troubles-de-lattention\/\">ADHD<\/a>. TDAH ? N'est-ce pas quelque chose pour les enfants qui sont tr\u00e8s occup\u00e9s toute la journ\u00e9e ? De ces balles rebondissantes qui ont du mal \u00e0 l'\u00e9cole ? J'\u00e9tais calme, timide, renferm\u00e9, r\u00eaveur, j'avais peu d'amis, un \u00e9tranger. Une personne avec beaucoup d'imagination et un temp\u00e9rament, c'est tout. Un cul de rami : \"C'est une bonne chose que ton cul soit coll\u00e9 \u00e0 toi, sinon tu le perdras aussi\" et une casserole en fer-blanc : \"si chaud et si froid encore\", un \"gouvernail \u00e0 \u00e9pices\".<\/p>\n<p>Quand j'ai grandi, je me suis souvent demand\u00e9 pourquoi j'avais tant de mal \u00e0 terminer quelque chose. Tant de demi-chandails et de travaux manuels inachev\u00e9s, car oui, un motif diff\u00e9rent et une couleur diff\u00e9rente \u00e9taient toujours plus beaux. Quand j'ai peint la maison, la peinture n'\u00e9tait plus disponible dans le magasin, alors qu'il restait encore un morceau entier de mur et de plafond. J'ai relanc\u00e9 mon propre blog \u00e0 plusieurs reprises, apr\u00e8s quoi il s'est vid\u00e9 de son sang apr\u00e8s quelques articles. Ma propre petite entreprise continue \u00e0 jouer dans ma t\u00eate.<\/p>\n<p>Et je vois vraiment l'int\u00e9r\u00eat de ranger, mais j'ai toujours d\u00e9test\u00e9 les placards. M\u00eame si j'essaie de les arranger \"proprement\", il y a toujours quelque chose qui tombe. J'ai beaucoup de mal \u00e0 jeter des choses et les ranger, c'est g\u00e9n\u00e9ralement les d\u00e9placer, dans une tentative effr\u00e9n\u00e9e de les organiser.<\/p>\n<p>Il y a quelques ann\u00e9es, j'ai d\u00e9couvert <a title=\"Pens\u00e9e visuelle\" href=\"https:\/\/www.addkenmerken.net\/fr\/blog\/la-pensee-par-images-et-la-pensee-par-mots\/\">penseur de l'image<\/a> \u00e9tait, en fait, le gars du sc\u00e9nario. C'est pourquoi les gens ne me comprenaient pas quand j'essayais de leur dire quelque chose et c'est pourquoi j'\u00e9tais si occup\u00e9 dans ma t\u00eate. Les penseurs de sc\u00e8ne voient beaucoup d'images en m\u00eame temps, qu'ils doivent tous convertir en informations, ai-je lu. Les sc\u00e9naristes ont toujours quelques longueurs d'avance sur les autres gr\u00e2ce \u00e0 leurs pens\u00e9es. Ma t\u00eate est toujours pleine. Je me sens souvent agit\u00e9 et inquiet, parce qu'il y a tant de choses int\u00e9ressantes \u00e0 faire et que l'horloge de la vie fait impitoyablement tic-tac. Mais je suis tout aussi souvent pris \u00e0 tra\u00eener sur le canap\u00e9 \u00e0 ne rien faire. Ce n'est pas parce que je ne sais pas ce que je vais faire en premier.<\/p>\n<p>Un test au travail a montr\u00e9 que j'\u00e9tais un pionnier, quelqu'un qui aimait faire de nouvelles choses et qui avait du mal \u00e0 faire des travaux de routine. Et en effet, j'avais des difficult\u00e9s avec les projets \u00e0 long terme, j'avais besoin de d\u00e9lais, j'\u00e9tais un \u00e9tranger pour les d\u00e9cideurs politiques, j'essayais d'\u00e9viter les r\u00e9unions ou, avec une excuse, de partir plus t\u00f4t. Mais s'il y avait un travail qui me plaisait, je n'avais aucun probl\u00e8me \u00e0 le faire \u00e0 la maison jusqu'\u00e0 tard dans la nuit.<\/p>\n<p>Puis je me suis retrouv\u00e9 au ch\u00f4mage et mon coach de carri\u00e8re m'a dit que j'avais du mal \u00e0 me concentrer, \u00e0 cadrer et \u00e0 fixer des priorit\u00e9s. Mes enfants sont devenus des adolescents et les travailleurs sociaux m'ont surprise en train de leur offrir trop peu de structure, d'incoh\u00e9rence et de limites. J'ai perdu le contr\u00f4le de ma famille, de ma vie. Mes sautes d'humeur m'ont incit\u00e9 \u00e0 faire un test psychologique et voil\u00e0 : le diagnostic <a title=\"Les diff\u00e9rents types de TDAH\" href=\"https:\/\/www.addkenmerken.net\/fr\/differences-similitudes-add-adhd-hsp\/\" target=\"_blank\" rel=\"nofollow noopener\">TDAH - C, (type combin\u00e9)<\/a>.<\/p>\n<p>Je ne ressens pas le diagnostic comme une maladie, mais il y a beaucoup de quartiers. Depuis la fin de l'ann\u00e9e derni\u00e8re, je prends des m\u00e9dicaments (ritaline). Je me sens plus calme, plus joyeux et mes crises de col\u00e8re se sont att\u00e9nu\u00e9es. Je ne remarque pas (encore) d'effet sur la concentration. La semaine derni\u00e8re, j'ai commenc\u00e9 un cours sur le TDAH pour adultes. Qu'est-ce que cela va m'apporter ? Je n'ai pas l'illusion qu'un jour je pourrai faire face au chaos et je sais aussi que je ne le veux pas du tout. Ce chaos m'appartient, la structure et la routine me font peur. Mais maintenant que j'en sais un peu plus sur le TDAH, je peux au moins faire quelque chose pour rendre la vie des gens qui m'entourent un peu plus \"supportable\".<\/p>\n<p>Alie Anglais<\/p>\n\n\n<div class=\"wp-block-uagb-marketing-button uagb-marketing-btn__outer-wrap uagb-marketing-btn__align-center uagb-marketing-btn__align-text-center uagb-marketing-btn__icon-before\" id=\"uagb-marketing-btn-bc07d9fd-afab-465d-bd82-96e12407b527\"><div class=\"uagb-marketing-btn__wrap\"><a href=\"https:\/\/www.addkenmerken.net\/fr\/categorie\/histoires-de-vie\/\" class=\"uagb-marketing-btn__link\" target=\"\" rel=\"noopener \"><div class=\"uagb-marketing-btn__title-wrap\"><h6 class=\"uagb-marketing-btn__title\">Voir toutes les histoires de vie soumises ici<\/h6><\/div><div class=\"uagb-marketing-btn__prefix-wrap\"><p class=\"uagb-marketing-btn__prefix\"><\/p><\/div><\/a><\/div><\/div>","protected":false},"excerpt":{"rendered":"<p>Le TDAH chez les adultes de plus de 50 ans et sont ensuite diagnostiqu\u00e9s avec le TDAH. Qu'est-ce que \u00e7a vous fait ? Il n'y a pas si longtemps, quelqu'un m'a demand\u00e9...<\/p>","protected":false},"author":34,"featured_media":13269,"comment_status":"open","ping_status":"closed","sticky":false,"template":"","format":"standard","meta":{"_kad_post_transparent":"","_kad_post_title":"","_kad_post_layout":"","_kad_post_sidebar_id":"","_kad_post_content_style":"","_kad_post_vertical_padding":"","_kad_post_feature":"","_kad_post_feature_position":"","_kad_post_header":false,"_kad_post_footer":false,"_kad_post_classname":"","footnotes":""},"categories":[1162,1506,1132,1139,552],"tags":[5,6,1197,1218,469,70,1272,1280,1377,1386,1391,1420,611,1445,1468],"class_list":["post-1306","post","type-post","status-publish","format-standard","has-post-thumbnail","hentry","category-volwassenen-met-add-adhd","category-add-adhd","category-adhd-artikelen","category-gastblog-artikelen","category-levensverhalen","tag-add","tag-adhd","tag-beelddenker","tag-buitenbeentje","tag-chaos","tag-diagnose","tag-fantasie","tag-focussen","tag-opvliegend-karakter","tag-pionier","tag-prioriteiten","tag-routineklusjes","tag-structuur","tag-teruggetrokken","tag-verlegen"],"_links":{"self":[{"href":"https:\/\/www.addkenmerken.net\/fr\/wp-json\/wp\/v2\/posts\/1306","targetHints":{"allow":["GET"]}}],"collection":[{"href":"https:\/\/www.addkenmerken.net\/fr\/wp-json\/wp\/v2\/posts"}],"about":[{"href":"https:\/\/www.addkenmerken.net\/fr\/wp-json\/wp\/v2\/types\/post"}],"author":[{"embeddable":true,"href":"https:\/\/www.addkenmerken.net\/fr\/wp-json\/wp\/v2\/users\/34"}],"replies":[{"embeddable":true,"href":"https:\/\/www.addkenmerken.net\/fr\/wp-json\/wp\/v2\/comments?post=1306"}],"version-history":[{"count":0,"href":"https:\/\/www.addkenmerken.net\/fr\/wp-json\/wp\/v2\/posts\/1306\/revisions"}],"wp:featuredmedia":[{"embeddable":true,"href":"https:\/\/www.addkenmerken.net\/fr\/wp-json\/wp\/v2\/media\/13269"}],"wp:attachment":[{"href":"https:\/\/www.addkenmerken.net\/fr\/wp-json\/wp\/v2\/media?parent=1306"}],"wp:term":[{"taxonomy":"category","embeddable":true,"href":"https:\/\/www.addkenmerken.net\/fr\/wp-json\/wp\/v2\/categories?post=1306"},{"taxonomy":"post_tag","embeddable":true,"href":"https:\/\/www.addkenmerken.net\/fr\/wp-json\/wp\/v2\/tags?post=1306"}],"curies":[{"name":"wp","href":"https:\/\/api.w.org\/{rel}","templated":true}]}}