{"id":1328,"date":"2014-02-23T10:14:11","date_gmt":"2014-02-23T09:14:11","guid":{"rendered":"http:\/\/www.addkenmerken.net\/blog\/?p=1328"},"modified":"2020-09-02T15:44:00","modified_gmt":"2020-09-02T13:44:00","slug":"le-tdah-et-la-toxicomanie-existent-ils","status":"publish","type":"post","link":"https:\/\/www.addkenmerken.net\/fr\/bestaat-adhd-en-add\/","title":{"rendered":"Le TDA et le TDAH existent-ils vraiment ?"},"content":{"rendered":"<aside class=\"mashsb-container mashsb-main mashsb-stretched\"><div class=\"mashsb-box\"><div class=\"mashsb-count mash-large\" style=\"float:left\"><div class=\"counts mashsbcount\">62<\/div><span class=\"mashsb-sharetext\">temps partag\u00e9<\/span><\/div><div class=\"mashsb-buttons\"><a class=\"mashicon-facebook mash-large mash-center mashsb-noshadow\" href=\"https:\/\/www.facebook.com\/sharer.php?u=https%3A%2F%2Fwww.addkenmerken.net%2Ffr%2Fbestaat-adhd-en-add%2F%3Futm_source%3Dsharebuttons%26utm_medium%3Dfacebook%26utm_campaign%3Dmashshare\" target=\"_top\" rel=\"nofollow\"><span class=\"icon\"><\/span><span class=\"text\">Partager<\/span><\/a><a class=\"mashicon-twitter mash-large mash-center mashsb-noshadow\" href=\"https:\/\/twitter.com\/intent\/tweet?text=&amp;url=https:\/\/www.addkenmerken.net\/fr\/?p=1328&amp;via=krachtvanADHD\" target=\"_top\" rel=\"nofollow\"><span class=\"icon\"><\/span><span class=\"text\">Tweet<\/span><\/a><div class=\"onoffswitch2 mash-large mashsb-noshadow\" style=\"display:none\"><\/div><\/div>\n            <\/div>\n                <div style=\"clear:both\"><\/div><\/aside>\n            <!-- Share buttons by mashshare.net - Version: 4.0.47--><h2><strong>Quel est l'int\u00e9r\u00eat de l'\u00e9tiquetage ?<\/strong><\/h2>\n<figure id=\"attachment_15346\" aria-describedby=\"caption-attachment-15346\" style=\"width: 396px\" class=\"wp-caption alignright\"><img loading=\"lazy\" decoding=\"async\" class=\"wp-image-15346\" src=\"https:\/\/www.addkenmerken.net\/wp-content\/uploads\/2014\/02\/ADD-ADHD-label-stempel.jpg\" alt=\"Pourquoi \u00e9tiqueter avec le tampon ADD et ADHD\" width=\"396\" height=\"238\" title=\"\"><figcaption id=\"caption-attachment-15346\" class=\"wp-caption-text\">Pourquoi donner le timbre ADD ou ADHD ?<\/figcaption><\/figure>\n<p>Une question sur laquelle il y a beaucoup \u00e0 d\u00e9battre. Certaines personnes estiment qu'il est n\u00e9cessaire d'\u00e9tiqueter les personnes qui pr\u00e9sentent \"diff\u00e9rents types\" de comportement pour pouvoir les classer ainsi. D'autres personnes disent : \"il fait partie de la cr\u00e9ature elle-m\u00eame\" et il n'y a rien de mal \u00e0 cela ! Mais quel est le but ultime de la <a href=\"https:\/\/www.addkenmerken.net\/fr\/attention-au-diagnostic-dadhd\/\">labels<\/a> Je me demande alors ? On pourrait dire que c'est pour aider les gens \u00e0 remettre leur vie sociale sur les rails.<\/p>\n<p>Je rencontre moi-m\u00eame parfois des personnes qui utilisent le terme <a title=\"AJOUTER\" href=\"https:\/\/www.addkenmerken.net\/fr\/ajouter-des-symptomes\/\" target=\"_blank\" rel=\"nofollow noopener\">AJOUTER<\/a> ou <a title=\"ADHD\" href=\"https:\/\/www.addkenmerken.net\/fr\/caracteristiques-des-troubles-de-lattention\/\" target=\"_blank\" rel=\"nofollow noopener\">ADHD<\/a> comme excuse pour s'excuser dans des situations d'incompr\u00e9hension. Totalement inutile, je dirais ! \u00c0 mon avis, il s'agit plut\u00f4t d'une ignorance de la personne qui la nomme et qui ne peut pas g\u00e9rer ce comportement. Dans une telle situation, l'intention est de mieux se comprendre et d'avancer dans la journ\u00e9e. Mais je suis aussi quelqu'un qui a obtenu le label il y a longtemps et j'ai donc eu (pris) beaucoup de temps pour le placer.<\/p>\n<p>Mais ce qui me d\u00e9range, c'est qu'il faut utiliser un terme pour cela. Une fois que cela se produit, c'est comme nier une partie de soi-m\u00eame, la mettre \u00e0 distance. Et puis vous n'\u00eates que plus loin de chez vous. Alors que c'est pr\u00e9cis\u00e9ment lorsque vous sentez que vous devez vous adapter parce que certains comportements ne sont pas accept\u00e9s, vous ne voulez pas les fuir mais vous voulez y faire face. Mais la petite voix dans votre t\u00eate peut alors monter : \"vous devez vous int\u00e9grer au groupe\", \"vous devez vous faire aimer et comprendre des autres\", \"le succ\u00e8s est important\", etc.<\/p>\n<p>En fin de compte, personne ne sera mieux loti si vous vous rendez. Parce que lorsque vous vous adaptez, vous ne renoncez pas \u00e0 l'\u00e9nergie que vous pouvez donner et la personne pour qui vous le faites n'a rien \u00e0 voir avec vous de cette fa\u00e7on. Maintenant, c'est plus facile \u00e0 dire qu'\u00e0 faire, car si vous ne vous adaptez pas, vous aurez beaucoup de haine et vous devrez \u00eatre fort \u00e0 votre place. Ce n'est qu'\u00e0 la fin de la journ\u00e9e que vous pouvez vous regarder droit dans les yeux et dire : \"J'ai fait de mon mieux\". \u00c0 mon avis, c'est ce qui survivra \u00e0 long terme et non l'approbation des autres, car cela dispara\u00eet aussi vite que le vent et on peut alors tout recommencer.<\/p>\n<p>Donc, pour r\u00e9pondre \u00e0 la question : \"l'AD(H)D existe-t-elle ?<\/p>\n<p>Elle existe tant que vous pensez qu'elle existe (positive ou n\u00e9gative).<\/p>","protected":false},"excerpt":{"rendered":"<p>Quel est l'int\u00e9r\u00eat de l'\u00e9tiquetage ? C'est une question qui est controvers\u00e9e. Certaines personnes pensent qu'il est n\u00e9cessaire que les gens aient ce \"type de comportement diff\u00e9rent\"...<\/p>","protected":false},"author":36,"featured_media":15346,"comment_status":"open","ping_status":"closed","sticky":false,"template":"","format":"standard","meta":{"_kad_post_transparent":"default","_kad_post_title":"default","_kad_post_layout":"default","_kad_post_sidebar_id":"","_kad_post_content_style":"default","_kad_post_vertical_padding":"default","_kad_post_feature":"","_kad_post_feature_position":"","_kad_post_header":false,"_kad_post_footer":false,"_kad_post_classname":"","footnotes":""},"categories":[1506,1131,1132,1139,1162],"tags":[5,6,1203,1204],"class_list":["post-1328","post","type-post","status-publish","format-standard","has-post-thumbnail","hentry","category-add-adhd","category-add","category-adhd-artikelen","category-gastblog-artikelen","category-volwassenen-met-add-adhd","tag-add","tag-adhd","tag-bestaat-add","tag-bestaat-adhd"],"_links":{"self":[{"href":"https:\/\/www.addkenmerken.net\/fr\/wp-json\/wp\/v2\/posts\/1328","targetHints":{"allow":["GET"]}}],"collection":[{"href":"https:\/\/www.addkenmerken.net\/fr\/wp-json\/wp\/v2\/posts"}],"about":[{"href":"https:\/\/www.addkenmerken.net\/fr\/wp-json\/wp\/v2\/types\/post"}],"author":[{"embeddable":true,"href":"https:\/\/www.addkenmerken.net\/fr\/wp-json\/wp\/v2\/users\/36"}],"replies":[{"embeddable":true,"href":"https:\/\/www.addkenmerken.net\/fr\/wp-json\/wp\/v2\/comments?post=1328"}],"version-history":[{"count":0,"href":"https:\/\/www.addkenmerken.net\/fr\/wp-json\/wp\/v2\/posts\/1328\/revisions"}],"wp:featuredmedia":[{"embeddable":true,"href":"https:\/\/www.addkenmerken.net\/fr\/wp-json\/wp\/v2\/media\/15346"}],"wp:attachment":[{"href":"https:\/\/www.addkenmerken.net\/fr\/wp-json\/wp\/v2\/media?parent=1328"}],"wp:term":[{"taxonomy":"category","embeddable":true,"href":"https:\/\/www.addkenmerken.net\/fr\/wp-json\/wp\/v2\/categories?post=1328"},{"taxonomy":"post_tag","embeddable":true,"href":"https:\/\/www.addkenmerken.net\/fr\/wp-json\/wp\/v2\/tags?post=1328"}],"curies":[{"name":"wp","href":"https:\/\/api.w.org\/{rel}","templated":true}]}}