{"id":14943,"date":"2015-02-15T13:34:02","date_gmt":"2015-02-15T12:34:02","guid":{"rendered":"http:\/\/www.addkenmerken.net\/blog\/?p=3424"},"modified":"2019-11-28T22:34:41","modified_gmt":"2019-11-28T21:34:41","slug":"une-journee-de-travail-typique-dun-adhd","status":"publish","type":"post","link":"https:\/\/www.addkenmerken.net\/fr\/een-typische-adhd-werkdag\/","title":{"rendered":"Une journ\u00e9e dans la vie de ADHD'er Karin"},"content":{"rendered":"<aside class=\"mashsb-container mashsb-main mashsb-stretched\"><div class=\"mashsb-box\"><div class=\"mashsb-count mash-large\" style=\"float:left\"><div class=\"counts mashsbcount\">490<\/div><span class=\"mashsb-sharetext\">temps partag\u00e9<\/span><\/div><div class=\"mashsb-buttons\"><a class=\"mashicon-facebook mash-large mash-center mashsb-noshadow\" href=\"https:\/\/www.facebook.com\/sharer.php?u=https%3A%2F%2Fwww.addkenmerken.net%2Ffr%2Feen-typische-adhd-werkdag%2F%3Futm_source%3Dsharebuttons%26utm_medium%3Dfacebook%26utm_campaign%3Dmashshare\" target=\"_top\" rel=\"nofollow\"><span class=\"icon\"><\/span><span class=\"text\">Partager<\/span><\/a><a class=\"mashicon-twitter mash-large mash-center mashsb-noshadow\" href=\"https:\/\/twitter.com\/intent\/tweet?text=&amp;url=https:\/\/www.addkenmerken.net\/fr\/?p=14943&amp;via=krachtvanADHD\" target=\"_top\" rel=\"nofollow\"><span class=\"icon\"><\/span><span class=\"text\">Tweet<\/span><\/a><div class=\"onoffswitch2 mash-large mashsb-noshadow\" style=\"display:none\"><\/div><\/div>\n            <\/div>\n                <div style=\"clear:both\"><\/div><\/aside>\n            <!-- Share buttons by mashshare.net - Version: 4.0.47--><h2>Une journ\u00e9e de travail typique pour un TDAH...<\/h2>\n<figure id=\"attachment_17892\" aria-describedby=\"caption-attachment-17892\" style=\"width: 212px\" class=\"wp-caption alignright\"><img loading=\"lazy\" decoding=\"async\" class=\"wp-image-17892\" src=\"https:\/\/www.addkenmerken.net\/wp-content\/uploads\/2015\/02\/Karin-haar-leven-met-ADHD.jpg\" alt=\"Karin : sa vie avec le TDAH\" width=\"212\" height=\"283\" title=\"\"><figcaption id=\"caption-attachment-17892\" class=\"wp-caption-text\">Je m'amuse dans la voiture<\/figcaption><\/figure>\n<p>Six heures et quart, mon r\u00e9veil se d\u00e9clenche, je fais la sieste et je me l\u00e8ve \u00e0 6h30. Mes enfants sont dans le grand lit avec moi. Un bras sur le visage, un genou dans le dos et trop peu d'espace, voil\u00e0 comment je dormais. Comme souvent, je ne suis pas aussi coh\u00e9rent dans ce domaine. Je fais un peu de balles, tout le monde est r\u00e9veill\u00e9 \u00e0 sept heures et demie et est autour de moi. Bien qu'il soit si important pour moi d'avoir une heure \u00e0 moi avant le d\u00e9but de la journ\u00e9e. Mais dans ce processus, j'ai moi-m\u00eame fait tomber quelques points de suture.<\/p>\n<p>Mon portable de travail est tomb\u00e9 en panne hier soir. Cette chose est dans ma t\u00eate depuis. Pensez aux personnes que je dois appeler, aux e-mails que je veux voir, aux personnes que je dois contacter pour un autre mobile professionnel, \u00e0 la question de savoir si je l'obtiens, \u00e0 la date et \u00e0 la mani\u00e8re dont je peux combiner l'obtention de ce mobile avec un voyage vers ou depuis le travail. Entre-temps, je prends mon <a title=\"lto3 \" href=\"https:\/\/www.addkenmerken.net\/fr\/lto3\/\" target=\"_blank\" rel=\"noopener\">LTO3<\/a> et prendre une tasse de caf\u00e9 noir. Je dis \u00e0 mon partenaire que je dois partir plus t\u00f4t dans la journ\u00e9e et qu'il emm\u00e8nera les enfants \u00e0 l'\u00e9cole.<\/p>\n<p>C'est vrai, la formation d'aujourd'hui dans laquelle je fonctionne aussi comme super-utilisateur. Je devrais donc en savoir plus que les autres. J'aurais aim\u00e9 me pr\u00e9parer un peu, charger correctement ma tablette, regarder un peu autour de l'ordinateur, etc. Ce n'est pas arriv\u00e9, mais c'est bien que mon travail soit mobile. Je pourrais peut-\u00eatre \u00e9changer les cartes SIM, de sorte que mon portable priv\u00e9 devienne mon portable professionnel pendant un certain temps. Je dois d'abord m'habiller et me maquiller. Merde, il est huit heures moins le quart, alors d\u00e9p\u00eachez-vous ! Je fais des v\u00eatements pour les enfants, je pr\u00e9pare des affaires pour mon travail.<\/p>\n<p>\u00c0 huit heures cinq, je suis dans la voiture et je me tape dans le dos, je suis \u00e0 l'heure... J'allume la musique et je m'arrache. Pendant le trajet, je regarde dehors et je chante fort au son de la musique. J'\u00e9coute la m\u00eame chanson encore une fois et je conduis fort. Pendant ce temps, j'appr\u00e9cie les nuages, l'eau et les moutons.<\/p>\n<p>\u00c0 9 heures, j'arrive au travail, o\u00f9 le super, super-utilisateur est d\u00e9j\u00e0 pr\u00eat. L'autre super-utilisateur est \u00e9galement pr\u00eat, a imprim\u00e9 des choses et est vraiment bien pr\u00e9par\u00e9. Je jette mes sacs, je dis que mon t\u00e9l\u00e9phone est cass\u00e9 et je vais m'en occuper. Je dois d'abord essayer avec ces cartes SIM. Oh merde, maintenant mon portable priv\u00e9 ne fait plus rien. Ne bougez pas dans l'image. Je vais appeler le service d'assistance et expliquer la situation. Je peux venir cet apr\u00e8s-midi, mais le conseil est de le mettre sur le chargeur. D'accord, trouvez une prise, pendant ce temps, il y a beaucoup de choses sur le bureau. D'abord mon travail mobile vers un ordinateur, ne va pas, \u00e0 la recherche d'une prise trouv\u00e9e. Une coll\u00e8gue de l'ordinateur m'indique qu'elle a maintenant une erreur due \u00e0 mon action sur l'USB, regardons, clic r\u00e9solu. Private mobile ne fait toujours rien, j'ai un tournevis en haut, je viendrai plus tard. Prenez une tablette, il y a une \u00e9norme fissure dedans, ah voil\u00e0 notre coll\u00e8gue des TIC, allez voir ce qu'il peut faire. Revenons au super-userclub, il est 9h40 et nous avons pr\u00e9par\u00e9 le sujet pendant 40 minutes. Le super super utilisateur le montre, je l'ai tout de suite. Les programmes informatiques sont g\u00e9n\u00e9ralement des croix o\u00f9 il faut appuyer, sauvegarder, ajouter, etc.<\/p>\n<p>La consultation, les gens posent tous des questions, certains soupirent et opposent une r\u00e9sistance, les gens arrivent trop tard. Je m'agite, ma jambe commence \u00e0 trembler. D'autres questions et je pense que c'est si simple et sinon \u00e7a ira. Je travaille tr\u00e8s bien sur les images et dans ce syst\u00e8me, certains mots cl\u00e9s et le reste des symboles sont clairement dispos\u00e9s. Avec mon sympathique coll\u00e8gue fou <a href=\"https:\/\/www.addkenmerken.net\/fr\/caracteristiques-des-troubles-de-lattention\/\">ADHD<\/a>Nous sentons l'agitation grandir en nous. Nous devons faire attention \u00e0 ne pas parler d'autres choses. L'entra\u00eenement est termin\u00e9 et je suis ruin\u00e9.<\/p>\n<p>Mais d'abord manger, merde j'ai oubli\u00e9 mon yaourt. Heureusement, il me restait du yaourt de la semaine derni\u00e8re. Je prends vraiment le temps de manger tranquillement. Derri\u00e8re l'ordinateur, je cherche des choses et je les comprends. Des courriers qui arrivent entre les deux, quelques coups de t\u00e9l\u00e9phone suppl\u00e9mentaires et maintenant je suis en route. En bas, je prends un dossier, j'ai oubli\u00e9 de noter l'adresse, alors je demande \u00e0 l'administration. Dans la voiture et \u00e0 mi-chemin je crois, j'ai laiss\u00e9 le dossier...<\/p>\n<p>Quand je rentrerai chez moi, j'appellerai un ami et mon p\u00e8re. Prenez d'autres photos de moi et amusez-vous bien. Pensez \u00e0 la journ\u00e9e pass\u00e9e et au fait que je dois vraiment l'organiser un peu mieux la prochaine fois. Je ris de moi-m\u00eame, mais je me donne aussi sur la t\u00eate... Quand l'apprendras-tu Karin...<\/p>\n<p><em>Vous voulez commenter l'histoire de Karin ? Alors n'oubliez pas de nous le faire savoir dans les commentaires ci-dessous !<\/em><\/p>\n<p><\/p>","protected":false},"excerpt":{"rendered":"<p>Une journ\u00e9e de travail typique pour un TDAH... six heures et quart, mon r\u00e9veil sonne, je fais la sieste et je me l\u00e8ve \u00e0 6h30. Mes enfants sont avec moi dans...<\/p>","protected":false},"author":46,"featured_media":17894,"comment_status":"open","ping_status":"closed","sticky":false,"template":"","format":"standard","meta":{"_kad_post_transparent":"","_kad_post_title":"","_kad_post_layout":"","_kad_post_sidebar_id":"","_kad_post_content_style":"","_kad_post_vertical_padding":"","_kad_post_feature":"","_kad_post_feature_position":"","_kad_post_header":false,"_kad_post_footer":false,"_kad_post_classname":"","footnotes":""},"categories":[1162,1506,1132,1139],"tags":[6,1505,469],"class_list":["post-14943","post","type-post","status-publish","format-standard","has-post-thumbnail","hentry","category-volwassenen-met-add-adhd","category-add-adhd","category-adhd-artikelen","category-gastblog-artikelen","tag-adhd","tag-adhd-op-het-werk","tag-chaos"],"_links":{"self":[{"href":"https:\/\/www.addkenmerken.net\/fr\/wp-json\/wp\/v2\/posts\/14943","targetHints":{"allow":["GET"]}}],"collection":[{"href":"https:\/\/www.addkenmerken.net\/fr\/wp-json\/wp\/v2\/posts"}],"about":[{"href":"https:\/\/www.addkenmerken.net\/fr\/wp-json\/wp\/v2\/types\/post"}],"author":[{"embeddable":true,"href":"https:\/\/www.addkenmerken.net\/fr\/wp-json\/wp\/v2\/users\/46"}],"replies":[{"embeddable":true,"href":"https:\/\/www.addkenmerken.net\/fr\/wp-json\/wp\/v2\/comments?post=14943"}],"version-history":[{"count":0,"href":"https:\/\/www.addkenmerken.net\/fr\/wp-json\/wp\/v2\/posts\/14943\/revisions"}],"wp:featuredmedia":[{"embeddable":true,"href":"https:\/\/www.addkenmerken.net\/fr\/wp-json\/wp\/v2\/media\/17894"}],"wp:attachment":[{"href":"https:\/\/www.addkenmerken.net\/fr\/wp-json\/wp\/v2\/media?parent=14943"}],"wp:term":[{"taxonomy":"category","embeddable":true,"href":"https:\/\/www.addkenmerken.net\/fr\/wp-json\/wp\/v2\/categories?post=14943"},{"taxonomy":"post_tag","embeddable":true,"href":"https:\/\/www.addkenmerken.net\/fr\/wp-json\/wp\/v2\/tags?post=14943"}],"curies":[{"name":"wp","href":"https:\/\/api.w.org\/{rel}","templated":true}]}}