{"id":16406,"date":"2019-09-18T17:25:46","date_gmt":"2019-09-18T15:25:46","guid":{"rendered":"https:\/\/www.addkenmerken.net\/?p=16406"},"modified":"2020-09-01T11:37:09","modified_gmt":"2020-09-01T09:37:09","slug":"du-desordre-a-la-superpuissance","status":"publish","type":"post","link":"https:\/\/www.addkenmerken.net\/fr\/van-stoornis-naar-superkracht\/","title":{"rendered":"Ma vie avec le TDA... Du d\u00e9sordre \u00e0 la force"},"content":{"rendered":"<aside class=\"mashsb-container mashsb-main mashsb-stretched\"><div class=\"mashsb-box\"><div class=\"mashsb-count mash-large\" style=\"float:left\"><div class=\"counts mashsbcount\">262<\/div><span class=\"mashsb-sharetext\">temps partag\u00e9<\/span><\/div><div class=\"mashsb-buttons\"><a class=\"mashicon-facebook mash-large mash-center mashsb-noshadow\" href=\"https:\/\/www.facebook.com\/sharer.php?u=https%3A%2F%2Fwww.addkenmerken.net%2Ffr%2Fvan-stoornis-naar-superkracht%2F%3Futm_source%3Dsharebuttons%26utm_medium%3Dfacebook%26utm_campaign%3Dmashshare\" target=\"_top\" rel=\"nofollow\"><span class=\"icon\"><\/span><span class=\"text\">Partager<\/span><\/a><a class=\"mashicon-twitter mash-large mash-center mashsb-noshadow\" href=\"https:\/\/twitter.com\/intent\/tweet?text=&amp;url=https:\/\/www.addkenmerken.net\/fr\/?p=16406&amp;via=krachtvanADHD\" target=\"_top\" rel=\"nofollow\"><span class=\"icon\"><\/span><span class=\"text\">Tweet<\/span><\/a><div class=\"onoffswitch2 mash-large mashsb-noshadow\" style=\"display:none\"><\/div><\/div>\n            <\/div>\n                <div style=\"clear:both\"><\/div><\/aside>\n            <!-- Share buttons by mashshare.net - Version: 4.0.47-->\n\n<figure><img loading=\"lazy\" decoding=\"async\" class=\"alignright\" src=\"https:\/\/www.addkenmerken.net\/wp-content\/uploads\/2019\/08\/DSCF6322-1-768x576.jpg\" sizes=\"auto, (max-width: 768px) 100vw, 768px\" srcset=\"https:\/\/www.addkenmerken.net\/wp-content\/uploads\/2019\/08\/DSCF6322-1-768x576.jpg 768w, https:\/\/www.addkenmerken.net\/wp-content\/uploads\/2019\/08\/DSCF6322-1-300x225.jpg 300w, https:\/\/www.addkenmerken.net\/wp-content\/uploads\/2019\/08\/DSCF6322-1-1024x768.jpg 1024w\" alt=\"Ma vie avec ADD - Thiska van den Heuvel\" width=\"340\" height=\"255\" title=\"\"><\/figure>\n<h2>Moi et mon label ADD<\/h2>\n<p><b>En 2011, une nouvelle phase de ma vie a commenc\u00e9. Pendant ma derni\u00e8re ann\u00e9e d'\u00e9tudes, j'\u00e9tais \u00e0 l'acad\u00e9mie des beaux-arts (de la mode) et on m'a diagnostiqu\u00e9 un TDA. Le label ADD m'a beaucoup aid\u00e9 et expliqu\u00e9, mais je l'ai aussi laiss\u00e9 me rendre encore plus vuln\u00e9rable. Je pr\u00e9voyais une s\u00e9rie de revers parce que ce que j'avais toujours trouv\u00e9 difficile \u00e0 mon sujet, ne dispara\u00eetrait apparemment jamais.<\/b><\/p>\n<p>Apr\u00e8s mon dipl\u00f4me, bien s\u00fbr, la \"vraie\" vie devrait commencer. J'ai gard\u00e9 mon calme mais je n'avais aucune id\u00e9e de ce que je voulais, je n'ai pas os\u00e9 postuler o\u00f9 que ce soit de peur de \"passer entre les mailles du filet\". Je n'\u00e9tais pas assez sp\u00e9cialis\u00e9 (je pensais) et j'avais peur qu'une fois engag\u00e9 quelque part, je sois trop vite d\u00e9motiv\u00e9 ou que je fasse des erreurs (peur d'\u00eatre rejet\u00e9 partout). J'ai donc continu\u00e9 \u00e0 travailler au pub comme base et, pensant que de cette fa\u00e7on je pouvais \u00e9viter le rejet, je me suis inscrit comme ZZP'er. C'est une \u00e9tape logique si vous ne savez pas ce que vous voulez, n'est-ce pas ?<\/p>\n<h3>&nbsp;<\/h3>\n<h3>Travail et voyages<\/h3>\n<p>Heureusement, lorsque j'ai r\u00e9alis\u00e9 que je ne pouvais pas obtenir de missions de cette fa\u00e7on, le mannequinat est venu \u00e0 ma rencontre. Je me suis rendu dans les grandes villes europ\u00e9ennes pour travailler. Absolument pas de gros pot et parfois assez stressant mais j'avais un toit, de la nourriture, des amis, je pouvais sortir dans des clubs sans d\u00e9penser d'argent et j'adorais me promener dans ces villes, visiter des mus\u00e9es et dessiner sur des bancs dans le parc et observer les gens. De plus, ce lien avec le monde de la mode (le r\u00e9seau !) est rest\u00e9 et pour les gens \u00e0 la maison, il semblait que j'avais le gras pour les autres. Mod\u00e8le de voyage, cool non ? ;)<\/p>\n<p>Pendant ce temps, \u00e7a me rongeait encore que je devais faire quelque chose de cette \u00e9tude, je disais encore aux gens qu'un jour je serais vraiment un cr\u00e9ateur de mode. M\u00eame si je savais que je ne voulais pas vraiment l'\u00eatre.<\/p>\n<h3>&nbsp;<\/h3>\n<h3>Suivre mon c\u0153ur<\/h3>\n<p>En 2013, mon p\u00e8re s'est av\u00e9r\u00e9 \u00eatre en phase terminale et cela m'a fait d\u00e9cider de ne plus voyager pour le travail. Je suis retourn\u00e9 travailler aux Pays-Bas. Comme serveuse, serveuse de bar, donnant des cours de couture, et occasionnellement comme mannequin. Il fut un temps o\u00f9 je n'arrivais pas \u00e0 joindre les deux bouts, o\u00f9 je ne pouvais pas payer le loyer et o\u00f9 je suis all\u00e9 vivre avec ma m\u00e8re. C'est plut\u00f4t nul, mais \u00e7a m'a donn\u00e9 l'espace pour r\u00e9fl\u00e9chir \u00e0 ce qu'il faut faire ensuite. Je n'ai jamais vraiment fait de projets et je savais que \"suivre son c\u0153ur\" \u00e9tait la voie \u00e0 suivre, mais je me suis rendu compte que je n'avais pas suivi ce c\u0153ur ces derni\u00e8res ann\u00e9es et que j'avais surtout \u00e9cout\u00e9 les autres.<\/p>\n<p>Soudain, quelque chose s'est mis \u00e0 rouler. Un de mes amis m'a redonn\u00e9 un logement dans une grande ville. Son employeur est all\u00e9 vivre dans un b\u00e2timent de l'entreprise de lutte contre le squatting et j'ai pu y acc\u00e9der. Cela ne me co\u00fbtait presque rien, j'avais assez d'espace pour moi et j'\u00e9tais tellement plus \u00e0 l'aise avec le travail que j'avais de temps en temps. Puis, croyez-le ou non, je suis tomb\u00e9e amoureuse de ma colocataire. Nous avons eu une relation, j'ai trouv\u00e9 un bon emploi dans un magasin de v\u00eatements et nous avons achet\u00e9 un chat. Oui, bam, la stabilit\u00e9 !<\/p>\n<p><\/p>\n<blockquote>\n<p><strong>Je ne dirais pas qu'\u00e0 partir de cette premi\u00e8re session, ma vie a compl\u00e8tement chang\u00e9. Mais quand je me suis \u00e9loign\u00e9 d'elle, c'est la prise de conscience qui a pr\u00e9valu : \"Tout va bien ! Comment se fait-il que je n'ai jamais vu \u00e0 quel point tout va bien avant ?<\/strong><\/p>\n<\/blockquote>\n<h2>&nbsp;<\/h2>\n<h2>Le tournant dans ma vie par Access Bars<\/h2>\n<p>C'est \u00e9galement \u00e0 cette \u00e9poque que j'ai eu ma premi\u00e8re session d'Access Bars. Un traitement d\u00e9velopp\u00e9 par Gary Douglas de Access Consciousness\u2122. Une bonne amie \u00e0 moi venait de commencer et apr\u00e8s ses histoires sur tous les effets possibles que cela pouvait avoir sur une personne, j'\u00e9tais curieux.<\/p>\n<p>Cela signifiait que je devais juste m'allonger et qu'elle me touchait doucement la t\u00eate du bout des doigts. Quatre-vingt-dix minutes. Cette touche me permettrait de me lib\u00e9rer des sch\u00e9mas limitants en moi. Pas d'un seul coup, mais \u00e0 chaque s\u00e9ance, je serais \"plus l\u00e9ger\". J'avais un sac \u00e0 dos assez grand qui pouvait \u00eatre un peu plus l\u00e9ger, un cerveau qui faisait des heures suppl\u00e9mentaires et ma premi\u00e8re s\u00e9ance avec elle \u00e9tait libre, donc le choix a \u00e9t\u00e9 fait rapidement.<\/p>\n<h3>&nbsp;<\/h3>\n<h3>Tout va bien.<\/h3>\n<p>Je ne dirais pas qu'\u00e0 partir de cette premi\u00e8re session, ma vie a compl\u00e8tement chang\u00e9. Mais quand je me suis \u00e9loign\u00e9 d'elle apr\u00e8s la s\u00e9ance du Bars, le sentiment qui dominait \u00e9tait : \"Tout va bien ! Comment se fait-il que je n'ai jamais vu \u00e0 quel point tout va bien avant ? J'ai connu tellement de paix, de calme et d'espace dans ma t\u00eate, que rien de n\u00e9gatif n'a pu m'atteindre. Cette nuit-l\u00e0, j'ai dormi profond\u00e9ment et longtemps et je me suis r\u00e9veill\u00e9 en souriant. Je ne me souviens pas combien de temps ce sentiment a dur\u00e9 cette semaine-l\u00e0. Mais maintenant, apr\u00e8s d'innombrables autres s\u00e9ances, je peux dire que ce sentiment est un choix. C'\u00e9tait toujours un choix, mais avant, je n'en \u00e9tais pas conscient. C'est ce que les Bars et les outils de Access\u2122 m'aident \u00e0 faire ; me sensibiliser. La conscience de qui je suis et de qui je peux \u00eatre, de ce que je veux vraiment et des choix disponibles pour y parvenir.<\/p>\n<p>L'id\u00e9e que je devais d'abord \u00eatre ou avoir quelque chose pour gagner quelque chose n'est tout simplement plus ma r\u00e9alit\u00e9. Je me pr\u00e9occupe de moins en moins de savoir qui je dois \u00eatre en fonction des r\u00e9alit\u00e9s des autres. Je peux tout faire tant que je me r\u00e9signe \u00e0 savoir qu'il y a toujours un choix. Que chaque choix cr\u00e9e et que je ne suis pas ma\u00eetre des \u00e9v\u00e9nements, mais de ce que je choisis. Mes pens\u00e9es, mes actions, mes r\u00e9actions, dans tous les domaines ; le choix. Pour moi, cette science englobe le vrai sens de la Richesse.<\/p>\n<p><\/p>\n<blockquote>\n<p><strong>Que la plupart des gens ne comprennent toujours pas comment s'occuper de \"nous\" pour que tout devienne plus facile et meilleur, ce n'est qu'une question de temps.<\/strong><\/p>\n<\/blockquote>\n<h3>&nbsp;<\/h3>\n<h3>Le potentiel de mon cerveau TDA<\/h3>\n<p>Aujourd'hui, je dis rarement aux gens que je suis <a href=\"https:\/\/www.addkenmerken.net\/fr\/ajouter-des-symptomes\/\">AJOUTER<\/a> ont. Ce n'est plus aussi pertinent. Eh bien, ne vous m\u00e9prenez pas, j'aime \u00e7a parce que j'ai vu ce dont je suis capable gr\u00e2ce \u00e0 ce cerveau TDA. AJOUTER, <a style=\"font-size: 16px; background-color: #ffffff;\" href=\"https:\/\/www.addkenmerken.net\/fr\/caracteristiques-des-troubles-de-lattention\/\">ADHD<\/a>, <a style=\"font-size: 16px; background-color: #ffffff;\" href=\"https:\/\/www.addkenmerken.net\/fr\/personne-tres-sensible-hsp\/\">HSP<\/a> et tout ce qui se trouve sur le spectre autistique que je consid\u00e8re comme des super-pouvoirs. Et nous sommes de plus en plus nombreux ! Que la plupart d'entre eux ne comprennent toujours pas comment s'occuper de \"nous\" pour que tout devienne plus facile et plus rapide, ce n'est qu'une question de temps. Le fait est que j'utilisais ce terme pour expliquer pourquoi je n'avais pas bien compris quelque chose ou que j'avais fait une erreur. Je me suis cach\u00e9 derri\u00e8re l'ADD, alors je me suis trop concentr\u00e9 sur ce qui ne marchait pas et je me suis arrang\u00e9. Cela ne me d\u00e9range plus et n'est donc plus pertinent pour moi. Il y a maintenant de la place pour mon potentiel et je suis de plus en plus dispos\u00e9 \u00e0 faire\/conna\u00eetre des erreurs, \u00e0 me tromper et \u00e0 reconna\u00eetre que quelque chose ne fonctionne pas. Bonjour les possibilit\u00e9s infinies !<\/p>\n<p><\/p>\n<h3>Praticien des Access Bars<\/h3>\n<p><img loading=\"lazy\" decoding=\"async\" class=\"alignright\" src=\"https:\/\/www.addkenmerken.net\/wp-content\/uploads\/2019\/08\/b3c7414c-bf91-4bc2-8b20-580efc757eb9.jpg\" alt=\"Praticien des Access Bars - Thiska van den Heuvel\" width=\"230\" height=\"222\" title=\"\">Je suis moi-m\u00eame praticien des Access Bars depuis 5 ans maintenant et je donne \u00e9galement toutes sortes d'autres traitements et outils \u00e9nerg\u00e9tiques pour le corps depuis Access Consciousness\u2122. C'est la derni\u00e8re chose \u00e0 laquelle j'aurais pu penser pour gagner ma vie lorsque j'ai obtenu mon dipl\u00f4me en 2011. Cependant, c'est le plus grand cadeau que je me sois jamais fait. Je n'ai plus peur de ce que l'avenir me r\u00e9serve. Juste de la curiosit\u00e9 et de l'excitation, comme juste avant que les nouvelles montagnes russes sur lesquelles vous vous trouvez ne se mettent en marche. Woohoo ! Qu'est-ce qui est possible d'autre ?<\/p>\n<p><\/p>\n<h3>D'accord, Acc\u00e8s Bars\u2122... Un peu plus d'explications peut-\u00eatre ?<\/h3>\n<p><img loading=\"lazy\" decoding=\"async\" class=\"alignleft\" src=\"https:\/\/www.addkenmerken.net\/wp-content\/uploads\/2019\/08\/atom-structure.jpg\" alt=\"Mol\u00e9cule d&#039;\u00e9nergie\" width=\"323\" height=\"206\" title=\"\">Je devrais peut-\u00eatre commencer par expliquer ce que nous entendons par le concept d'\u00e9nergie, car c'est l'aspect essentiel du traitement. La science nous dit que tout est \u00e9nergie. Ce qui est vivant mais aussi ce qui ne semble pas \u00eatre vivant et l'espace vide entre les deux (qui n'est donc pas vraiment vide). Tout est constitu\u00e9 de mol\u00e9cules qui, \u00e0 leur tour, sont compos\u00e9es d'atomes &gt; d'\u00e9lectrons &gt; de neutrons &gt; de protons. Nous pouvons percevoir ces mol\u00e9cules comme des vibrations. L'\u00e9nergie est essentiellement tout ce qui a une vibration\/fr\u00e9quence. Et c'est donc bien \u00e7a, TOUT.<\/p>\n<p>Nous influen\u00e7ons cette \u00e9nergie en permanence par ce que nous mangeons, respirons, touchons, entendons et voyons, mais aussi par ce que nous pensons et sentons et par le sens que nous donnons \u00e0 certaines choses. Entre-temps, cette question a \u00e9t\u00e9 mise en \u00e9vidence par plusieurs \u00e9tudes et recherches. Nous commen\u00e7ons \u00e0 le comprendre, scientifiquement parlant. Vous avez d\u00e9j\u00e0 entendu parler du projet \"Bully a Plant\" ? Elle a montr\u00e9 l'effet de l'intimidation. Deux m\u00eames plantes, la m\u00eame quantit\u00e9 d'eau et de soleil et la m\u00eame atmosph\u00e8re. La plante A re\u00e7oit 30 jours de mots d'amour, la plante B re\u00e7oit ces 30 jours de mots m\u00e9chants et blessants. La plante A fleurit abondamment, la plante B d\u00e9p\u00e9rit et se d\u00e9compose. L'\u00e9nergie des mots a influenc\u00e9 les cellules et les mol\u00e9cules de la plante.<\/p>\n<p><\/p>\n<h3>Cr\u00e9ez votre propre r\u00e9alit\u00e9<\/h3>\n<p>L'op\u00e9ration de Placebo est une histoire similaire. Tant que la croyance est suffisamment forte ou r\u00e9p\u00e9t\u00e9e r\u00e9guli\u00e8rement, les cellules et les mol\u00e9cules r\u00e9agissent \u00e0 ce que le cerveau\/corps \u00e9met et mettent en route quelque chose qui confirmera cette croyance. Le placebo est un moyen de subsistance, mais sans jugement. Ni bien ni mal. En fait, ce que le haricot \u00e9met est ce que le haricot attire. Nous pouvons dire que nos points de vue et nos pens\u00e9es cr\u00e9ent notre r\u00e9alit\u00e9, nous pouvons donc simplement faire d'autres choix pour cr\u00e9er une r\u00e9alit\u00e9 plus d\u00e9sir\u00e9e. C'est exact. Cependant, il arrive que nous nous fixions de telle mani\u00e8re que nous ne remarquons pas les choix ou que nous avons peur de les faire. C'est l\u00e0 qu'intervient le site Bars\u2122 :).<\/p>\n<p><img loading=\"lazy\" decoding=\"async\" class=\"alignright\" src=\"https:\/\/www.addkenmerken.net\/wp-content\/uploads\/2019\/08\/Schermafbeelding-2018-09-03-om-17.04.21.png\" alt=\"Points de bar\" width=\"332\" height=\"230\" title=\"\">Le site Access Bars\u2122, d\u00e9velopp\u00e9 par <a href=\"https:\/\/garymdouglas.com\/about\/\" target=\"_blank\" rel=\"noopener\">Gary Douglas<\/a>sont 32 points sur la t\u00eate dans lesquels est stock\u00e9e toute la charge \u00e9lectrique polaire de toutes les attitudes, pens\u00e9es et \u00e9motions concernant tous les aspects et sujets d'une vie humaine. En touchant ces points du bout des doigts (par le praticien), un flux d'\u00e9nergie se produit. Vous pouvez comparer cela au fait de toucher les p\u00f4les d'une batterie. La charge de toutes les pens\u00e9es, postures et \u00e9motions qui vous limitent peut alors commencer \u00e0 l\u00e2cher prise.<\/p>\n<p>Changer ou abandonner cette charge est une partie essentielle de la gu\u00e9rison, car vous pouvez litt\u00e9ralement vous croire malade, d\u00e9prim\u00e9 et anxieux. D\u00e8s que nous apprenons et que nous sommes capables de voir et de choisir d'autres possibilit\u00e9s, la gu\u00e9rison ou la vie plus fine, si vous voulez, peut commencer. Une vie dans laquelle le mot \"normal\" n'a pas de sens, on d\u00e9passe les \u00e9tiquettes et on ne vit que dans des possibilit\u00e9s infinies.<\/p>\n<p>Si vous voulez en savoir plus, vous pouvez cliquer sur <a href=\"http:\/\/www.access-alleswisselt.com\" target=\"_blank\" rel=\"noopener\">cliquez sur ce lien.<\/a><\/p>\n<p>:)<\/p>\n<p>L'amour !<\/p>\n<p>Thiska van den Heuvel<\/p>\n<p>Vous souhaitez r\u00e9aliser l'article de Thiska ? Faites d\u00e9filer vers le bas pour laisser un commentaire...<\/p>\n<p><\/p>\n\n\n<div class=\"wp-block-uagb-marketing-button uagb-marketing-btn__outer-wrap uagb-marketing-btn__align-center uagb-marketing-btn__align-text-center uagb-marketing-btn__icon-before\" id=\"uagb-marketing-btn-bc07d9fd-afab-465d-bd82-96e12407b527\"><div class=\"uagb-marketing-btn__wrap\"><a href=\"https:\/\/www.addkenmerken.net\/fr\/categorie\/histoires-de-vie\/\" class=\"uagb-marketing-btn__link\" target=\"\" rel=\"noopener \"><div class=\"uagb-marketing-btn__title-wrap\"><h6 class=\"uagb-marketing-btn__title\">Voir toutes les histoires de vie soumises ici<\/h6><\/div><div class=\"uagb-marketing-btn__prefix-wrap\"><p class=\"uagb-marketing-btn__prefix\"><\/p><\/div><\/a><\/div><\/div>\n\n\n\n\n<p><\/p>","protected":false},"excerpt":{"rendered":"<p>Moi et mon label ADD Une nouvelle phase de ma vie a commenc\u00e9 en 2011. Pendant ma derni\u00e8re ann\u00e9e d'\u00e9tudes, j'\u00e9tais \u00e0 l'acad\u00e9mie des arts (de la mode) et...<\/p>","protected":false},"author":52,"featured_media":18092,"comment_status":"open","ping_status":"closed","sticky":false,"template":"","format":"standard","meta":{"_kad_post_transparent":"","_kad_post_title":"","_kad_post_layout":"","_kad_post_sidebar_id":"","_kad_post_content_style":"","_kad_post_vertical_padding":"","_kad_post_feature":"","_kad_post_feature_position":"","_kad_post_header":false,"_kad_post_footer":false,"_kad_post_classname":"","footnotes":""},"categories":[1157,1506,1139,552,1162],"tags":[1571,1573,1572],"class_list":["post-16406","post","type-post","status-publish","format-standard","has-post-thumbnail","hentry","category-natuurlijke-behandeling-adhd-add","category-add-adhd","category-gastblog-artikelen","category-levensverhalen","category-volwassenen-met-add-adhd","tag-accessbars","tag-accessconsciousness","tag-behandeling"],"_links":{"self":[{"href":"https:\/\/www.addkenmerken.net\/fr\/wp-json\/wp\/v2\/posts\/16406","targetHints":{"allow":["GET"]}}],"collection":[{"href":"https:\/\/www.addkenmerken.net\/fr\/wp-json\/wp\/v2\/posts"}],"about":[{"href":"https:\/\/www.addkenmerken.net\/fr\/wp-json\/wp\/v2\/types\/post"}],"author":[{"embeddable":true,"href":"https:\/\/www.addkenmerken.net\/fr\/wp-json\/wp\/v2\/users\/52"}],"replies":[{"embeddable":true,"href":"https:\/\/www.addkenmerken.net\/fr\/wp-json\/wp\/v2\/comments?post=16406"}],"version-history":[{"count":0,"href":"https:\/\/www.addkenmerken.net\/fr\/wp-json\/wp\/v2\/posts\/16406\/revisions"}],"wp:featuredmedia":[{"embeddable":true,"href":"https:\/\/www.addkenmerken.net\/fr\/wp-json\/wp\/v2\/media\/18092"}],"wp:attachment":[{"href":"https:\/\/www.addkenmerken.net\/fr\/wp-json\/wp\/v2\/media?parent=16406"}],"wp:term":[{"taxonomy":"category","embeddable":true,"href":"https:\/\/www.addkenmerken.net\/fr\/wp-json\/wp\/v2\/categories?post=16406"},{"taxonomy":"post_tag","embeddable":true,"href":"https:\/\/www.addkenmerken.net\/fr\/wp-json\/wp\/v2\/tags?post=16406"}],"curies":[{"name":"wp","href":"https:\/\/api.w.org\/{rel}","templated":true}]}}