{"id":1764,"date":"2014-02-25T15:48:32","date_gmt":"2014-02-25T14:48:32","guid":{"rendered":"http:\/\/www.addkenmerken.net\/blog\/?p=1764"},"modified":"2020-09-01T11:57:20","modified_gmt":"2020-09-01T09:57:20","slug":"penser-penser-penser-penser-toujours-penser","status":"publish","type":"post","link":"https:\/\/www.addkenmerken.net\/fr\/denken-denken-altijd-maar-denken\/","title":{"rendered":"Penser, penser, toujours penser..."},"content":{"rendered":"<aside class=\"mashsb-container mashsb-main mashsb-stretched\"><div class=\"mashsb-box\"><div class=\"mashsb-count mash-large\" style=\"float:left\"><div class=\"counts mashsbcount\">185<\/div><span class=\"mashsb-sharetext\">temps partag\u00e9<\/span><\/div><div class=\"mashsb-buttons\"><a class=\"mashicon-facebook mash-large mash-center mashsb-noshadow\" href=\"https:\/\/www.facebook.com\/sharer.php?u=https%3A%2F%2Fwww.addkenmerken.net%2Ffr%2Fdenken-denken-altijd-maar-denken%2F%3Futm_source%3Dsharebuttons%26utm_medium%3Dfacebook%26utm_campaign%3Dmashshare\" target=\"_top\" rel=\"nofollow\"><span class=\"icon\"><\/span><span class=\"text\">Partager<\/span><\/a><a class=\"mashicon-twitter mash-large mash-center mashsb-noshadow\" href=\"https:\/\/twitter.com\/intent\/tweet?text=&amp;url=https:\/\/www.addkenmerken.net\/fr\/?p=1764&amp;via=krachtvanADHD\" target=\"_top\" rel=\"nofollow\"><span class=\"icon\"><\/span><span class=\"text\">Tweet<\/span><\/a><div class=\"onoffswitch2 mash-large mashsb-noshadow\" style=\"display:none\"><\/div><\/div>\n            <\/div>\n                <div style=\"clear:both\"><\/div><\/aside>\n            <!-- Share buttons by mashshare.net - Version: 4.0.47--><h2><strong>\"Moi\" et mon fatiguant cerveau TDA<\/strong><\/h2>\n<figure id=\"attachment_2010\" aria-describedby=\"caption-attachment-2010\" style=\"width: 267px\" class=\"wp-caption alignright\"><img loading=\"lazy\" decoding=\"async\" class=\"wp-image-2010\" src=\"https:\/\/www.addkenmerken.net\/wp-content\/uploads\/2014\/02\/ADD-en-overprikkelin-van-de-hersenen-222x300.jpg\" alt=\"AJOUTER et surstimuler par trop d&#039;informations\" width=\"267\" height=\"361\" title=\"\" srcset=\"https:\/\/www.addkenmerken.net\/wp-content\/uploads\/2014\/02\/ADD-en-overprikkelin-van-de-hersenen-222x300.jpg 222w, https:\/\/www.addkenmerken.net\/wp-content\/uploads\/2014\/02\/ADD-en-overprikkelin-van-de-hersenen.jpg 357w\" sizes=\"auto, (max-width: 267px) 100vw, 267px\"><figcaption id=\"caption-attachment-2010\" class=\"wp-caption-text\">AJOUTER et surexciter<\/figcaption><\/figure>\n<p>\u00c0 un certain moment, \u00e7a ne marche plus, c'est comme si j'avais la t\u00eate pleine. De nouvelles informations, des mots, des phrases, ils semblent rebondir sur mon cortex c\u00e9r\u00e9bral, parfois je semble le ressentir physiquement. Mon cerveau ne traite plus rien, il semble y avoir une sorte de vide. Un hurlement qui domine le silence. Non, ce n'est pas une paix int\u00e9rieure, c'est un effondrement int\u00e9rieur. Fuir semble \u00eatre la seule solution pour moi.<\/p>\n<p>Reconnaissable ? La sur-stimulation de mon cerveau n'est pas celle sur laquelle j'ai le moins de contr\u00f4le. Parfois, je peux penser comme un avion de chasse, qu'est-ce que je dis, je peux penser \u00e0 la vitesse intergalactique o\u00f9 \"l'Enterprise\" tombe en panne. \u00c0 d'autres moments, un bovin, qui en est \u00e0 sa cinqui\u00e8me session de ruminant de la journ\u00e9e, peut traiter des informations encore plus rapidement que moi. <a href=\"https:\/\/www.addkenmerken.net\/fr\/categorie\/le-cerveau\/\">cerveau<\/a>. Cette chose dans ma bo\u00eete cr\u00e2nienne, mon cerveau, ne semble jamais atteindre un \u00e9tat stable.<\/p>\n<p>Je ne sais pas comment cela fonctionne pour les autres, mais je suis un penseur. Un analyste sans th\u00e8se, un philosophe sans probl\u00e8me clair, un scientifique sans domaine d'\u00e9tude. Je pense \u00e0 tout, parfois en m\u00eame temps, d'autres fois sans cesse. Rien n'est isol\u00e9 et tout est connect\u00e9. Particuli\u00e8rement fascinant, complexe, stimulant et souvent fatalement \u00e9puisant, si je peux me permettre de le dire. Fatiguant parce que parfois il semble ne pas s'arr\u00eater et parce qu'il est aussi tr\u00e8s \u00e9gocentrique. Mon \"moi\" est un sujet beaucoup trop fr\u00e9quent dans mes s\u00e9ances de r\u00e9flexion. Le doute et l'incertitude sont profond\u00e9ment ancr\u00e9s en moi, ce qui entra\u00eene des humeurs tristes et d\u00e9prim\u00e9es. C'est peut-\u00eatre en moi, mais il est plus probable que ce soit aussi parce que cela a compl\u00e8tement mal tourn\u00e9, juste un peu trop souvent. L'\u00e9chec s'installe dans les os au bout d'un certain temps et il est difficile de l'en sortir.<\/p>\n<p>Mais toute cette folle r\u00e9flexion m'apporte aussi beaucoup de bien. Elle nourrit ma cr\u00e9ativit\u00e9, ma capacit\u00e9 \u00e0 <a href=\"https:\/\/www.addkenmerken.net\/fr\/10-avantages-de-la-toxicomanie-et-du-trouble-deficitaire-de-lattention\/\">trouver des solutions<\/a> et des r\u00e9ponses. Je ne me fixe aucune limite. Je fantasme et je r\u00eave de vies et de mondes que j'aimerais voir ou cr\u00e9er. Je vois aussi toujours de l'humour partout. En quelques secondes, je peux passer des id\u00e9es s\u00e9rieuses \u00e0 un faible bavardage. Vous pouvez toujours avoir une conversation avec moi, je parle de tout, j'ai pens\u00e9 \u00e0 tout. Je commence seulement \u00e0 appr\u00e9cier ces pr\u00e9cieuses qualit\u00e9s.<\/p>\n<p>Oui, je suis trop grosse, j'ai g\u00e2ch\u00e9 mon \u00e9ducation, j'ai abandonn\u00e9 l'id\u00e9e d'obtenir un permis de conduire, j'ai des addictions qui semblent incurables et j'erre de pi\u00e8ce en pi\u00e8ce parce que je ne peux pas me permettre d'avoir un appartement. Et non, je n'ai pas accept\u00e9 tout cela, loin de l\u00e0. C'est dur et \u00e7a craint, parce que j'emm\u00e8ne ce satan\u00e9 sac \u00e0 dos partout. Mais j'ai trouv\u00e9 ma voie, une profession que j'aime, dans laquelle je suis dou\u00e9, o\u00f9 je peux entrer dans mon hyperfocus en un claquement de doigts. Je suis patient, pr\u00e9cis, voire perfectionniste. Cela me rend heureux, cela me donne de l'espoir et un avenir. Le <a href=\"https:\/\/www.addkenmerken.net\/fr\/adhd-add-et-societe\/\">route sociale<\/a> n'a pas \u00e9t\u00e9 \u00e9tabli pour tout le monde. Cependant, il y a toujours un moyen, je continue \u00e0 le croire, toujours, pour toujours et \u00e0 jamais !<\/p>\n\n\n\n\n<div class=\"wp-block-uagb-marketing-button uagb-marketing-btn__outer-wrap uagb-marketing-btn__align-center uagb-marketing-btn__align-text-center uagb-marketing-btn__icon-before\" id=\"uagb-marketing-btn-bc07d9fd-afab-465d-bd82-96e12407b527\"><div class=\"uagb-marketing-btn__wrap\"><a href=\"https:\/\/www.addkenmerken.net\/fr\/categorie\/histoires-de-vie\/\" class=\"uagb-marketing-btn__link\" target=\"\" rel=\"noopener \"><div class=\"uagb-marketing-btn__title-wrap\"><h6 class=\"uagb-marketing-btn__title\">Voir toutes les histoires de vie soumises ici<\/h6><\/div><div class=\"uagb-marketing-btn__prefix-wrap\"><p class=\"uagb-marketing-btn__prefix\"><\/p><\/div><\/a><\/div><\/div>\n\n\n\n<p><\/p>","protected":false},"excerpt":{"rendered":"<p>\"Moi\" et mon cerveau TDA fatigu\u00e9 \u00c0 un certain moment, \u00e7a ne fonctionne plus, c'est comme si ma t\u00eate \u00e9tait pleine. Nouvelles informations...<\/p>","protected":false},"author":39,"featured_media":2004,"comment_status":"open","ping_status":"closed","sticky":false,"template":"","format":"standard","meta":{"_kad_post_transparent":"","_kad_post_title":"","_kad_post_layout":"","_kad_post_sidebar_id":"","_kad_post_content_style":"","_kad_post_vertical_padding":"","_kad_post_feature":"","_kad_post_feature_position":"","_kad_post_header":false,"_kad_post_footer":false,"_kad_post_classname":"","footnotes":""},"categories":[1162,1131,1506,1139,552],"tags":[5,23,204,1247,1248,1277,211,43,1301,260,1381,1469,1471,1486,1499],"class_list":["post-1764","post","type-post","status-publish","format-standard","has-post-thumbnail","hentry","category-volwassenen-met-add-adhd","category-add","category-add-adhd","category-gastblog-artikelen","category-levensverhalen","tag-add","tag-brein","tag-creativiteit","tag-denken","tag-denker","tag-filosoof","tag-gedachten","tag-hersenen","tag-hyperfocus","tag-overprikkeling","tag-perfectionistisch","tag-vermoeiend","tag-verslavingen","tag-wetenschapper","tag-zwerven"],"_links":{"self":[{"href":"https:\/\/www.addkenmerken.net\/fr\/wp-json\/wp\/v2\/posts\/1764","targetHints":{"allow":["GET"]}}],"collection":[{"href":"https:\/\/www.addkenmerken.net\/fr\/wp-json\/wp\/v2\/posts"}],"about":[{"href":"https:\/\/www.addkenmerken.net\/fr\/wp-json\/wp\/v2\/types\/post"}],"author":[{"embeddable":true,"href":"https:\/\/www.addkenmerken.net\/fr\/wp-json\/wp\/v2\/users\/39"}],"replies":[{"embeddable":true,"href":"https:\/\/www.addkenmerken.net\/fr\/wp-json\/wp\/v2\/comments?post=1764"}],"version-history":[{"count":0,"href":"https:\/\/www.addkenmerken.net\/fr\/wp-json\/wp\/v2\/posts\/1764\/revisions"}],"wp:featuredmedia":[{"embeddable":true,"href":"https:\/\/www.addkenmerken.net\/fr\/wp-json\/wp\/v2\/media\/2004"}],"wp:attachment":[{"href":"https:\/\/www.addkenmerken.net\/fr\/wp-json\/wp\/v2\/media?parent=1764"}],"wp:term":[{"taxonomy":"category","embeddable":true,"href":"https:\/\/www.addkenmerken.net\/fr\/wp-json\/wp\/v2\/categories?post=1764"},{"taxonomy":"post_tag","embeddable":true,"href":"https:\/\/www.addkenmerken.net\/fr\/wp-json\/wp\/v2\/tags?post=1764"}],"curies":[{"name":"wp","href":"https:\/\/api.w.org\/{rel}","templated":true}]}}