{"id":17762,"date":"2019-10-10T11:50:30","date_gmt":"2019-10-10T09:50:30","guid":{"rendered":"https:\/\/www.addkenmerken.net\/?p=17762"},"modified":"2019-10-14T12:49:46","modified_gmt":"2019-10-14T10:49:46","slug":"vivre-ou-etre-vecu","status":"publish","type":"post","link":"https:\/\/www.addkenmerken.net\/fr\/leven-of-geleefd-worden\/","title":{"rendered":"Vivre ou \u00eatre v\u00e9cu... Que faites-vous ?"},"content":{"rendered":"<aside class=\"mashsb-container mashsb-main mashsb-stretched\"><div class=\"mashsb-box\"><div class=\"mashsb-count mash-large\" style=\"float:left\"><div class=\"counts mashsbcount\">166<\/div><span class=\"mashsb-sharetext\">temps partag\u00e9<\/span><\/div><div class=\"mashsb-buttons\"><a class=\"mashicon-facebook mash-large mash-center mashsb-noshadow\" href=\"https:\/\/www.facebook.com\/sharer.php?u=https%3A%2F%2Fwww.addkenmerken.net%2Ffr%2Fleven-of-geleefd-worden%2F%3Futm_source%3Dsharebuttons%26utm_medium%3Dfacebook%26utm_campaign%3Dmashshare\" target=\"_top\" rel=\"nofollow\"><span class=\"icon\"><\/span><span class=\"text\">Partager<\/span><\/a><a class=\"mashicon-twitter mash-large mash-center mashsb-noshadow\" href=\"https:\/\/twitter.com\/intent\/tweet?text=&amp;url=https:\/\/www.addkenmerken.net\/fr\/?p=17762&amp;via=krachtvanADHD\" target=\"_top\" rel=\"nofollow\"><span class=\"icon\"><\/span><span class=\"text\">Tweet<\/span><\/a><div class=\"onoffswitch2 mash-large mashsb-noshadow\" style=\"display:none\"><\/div><\/div>\n            <\/div>\n                <div style=\"clear:both\"><\/div><\/aside>\n            <!-- Share buttons by mashshare.net - Version: 4.0.47-->\n<h2 class=\"wp-block-heading\">Ce que le monde pense de vous est-il vraiment si important ?<\/h2>\n\n\n\n<p>Un de mes amis m'a envoy\u00e9 cette vid\u00e9o. C'est vrai, parce que ce message est tr\u00e8s percutant. Je ne pense pas qu'un homme sur terre serait d'accord avec cela.<\/p>\n\n\n\n<p>C'est un bon reflet de notre vuln\u00e9rabilit\u00e9 \u00e0 tous. La facilit\u00e9 avec laquelle nous pouvons \u00eatre influenc\u00e9s. Nous voulons tellement \u00eatre aim\u00e9s et faire le bien aux yeux des autres. Mais qu'est-ce que cela vous apporte vraiment au bout du compte ? Peut-\u00eatre le contraire de ce que vous voulez vraiment.<\/p>\n\n\n\n<p>Vivez votre vie et faites ce qui vous semble bon pour vous. Surtout, ne vous contentez pas de faire ce que les gens attendent de vous et n'essayez pas d'\u00eatre aim\u00e9 de tous. C'est une bataille sans fin que vous ne pourrez jamais gagner. <\/p>\n\n\n\n<p>Dites-vous ceci... Sur quoi aimeriez-vous revenir pour votre dernier jour ? Une vie que les autres voulaient que vous viviez ou que vous vouliez vivre ?<\/p>\n\n\n\n\n\n<figure class=\"wp-block-embed-youtube wp-block-embed is-type-video is-provider-youtube wp-embed-aspect-16-9 wp-has-aspect-ratio\"><div class=\"wp-block-embed__wrapper\">\n<iframe loading=\"lazy\" title=\"La derni\u00e8re pens\u00e9e que vous&#039;aurez jamais\" width=\"720\" height=\"405\" src=\"https:\/\/www.youtube.com\/embed\/CEpFVz5vVVM?feature=oembed\" frameborder=\"0\" allow=\"accelerometer; autoplay; encrypted-media; gyroscope; picture-in-picture\" allowfullscreen><\/iframe>\n<\/div><\/figure>\n\n\n\n\n\n<p>Vous souhaitez commenter la vid\u00e9o ? Alors faites-nous part de vos commentaires dans les commentaires ci-dessous...<\/p>","protected":false},"excerpt":{"rendered":"<p>Ce que le monde pense de vous est-il vraiment si important ? Un de mes amis m'a envoy\u00e9 cette vid\u00e9o. Il vient d'arriver...<\/p>","protected":false},"author":1,"featured_media":17885,"comment_status":"open","ping_status":"closed","sticky":false,"template":"","format":"standard","meta":{"_kad_post_transparent":"","_kad_post_title":"","_kad_post_layout":"","_kad_post_sidebar_id":"","_kad_post_content_style":"","_kad_post_vertical_padding":"","_kad_post_feature":"","_kad_post_feature_position":"","_kad_post_header":false,"_kad_post_footer":false,"_kad_post_classname":"","footnotes":""},"categories":[1143,562,545],"tags":[211,1592,1590,1591],"class_list":["post-17762","post","type-post","status-publish","format-standard","has-post-thumbnail","hentry","category-inspirerende-filmpjes","category-het-brein","category-inspiratie","tag-gedachten","tag-kwetsbaar","tag-leven","tag-verlangen"],"_links":{"self":[{"href":"https:\/\/www.addkenmerken.net\/fr\/wp-json\/wp\/v2\/posts\/17762","targetHints":{"allow":["GET"]}}],"collection":[{"href":"https:\/\/www.addkenmerken.net\/fr\/wp-json\/wp\/v2\/posts"}],"about":[{"href":"https:\/\/www.addkenmerken.net\/fr\/wp-json\/wp\/v2\/types\/post"}],"author":[{"embeddable":true,"href":"https:\/\/www.addkenmerken.net\/fr\/wp-json\/wp\/v2\/users\/1"}],"replies":[{"embeddable":true,"href":"https:\/\/www.addkenmerken.net\/fr\/wp-json\/wp\/v2\/comments?post=17762"}],"version-history":[{"count":0,"href":"https:\/\/www.addkenmerken.net\/fr\/wp-json\/wp\/v2\/posts\/17762\/revisions"}],"wp:featuredmedia":[{"embeddable":true,"href":"https:\/\/www.addkenmerken.net\/fr\/wp-json\/wp\/v2\/media\/17885"}],"wp:attachment":[{"href":"https:\/\/www.addkenmerken.net\/fr\/wp-json\/wp\/v2\/media?parent=17762"}],"wp:term":[{"taxonomy":"category","embeddable":true,"href":"https:\/\/www.addkenmerken.net\/fr\/wp-json\/wp\/v2\/categories?post=17762"},{"taxonomy":"post_tag","embeddable":true,"href":"https:\/\/www.addkenmerken.net\/fr\/wp-json\/wp\/v2\/tags?post=17762"}],"curies":[{"name":"wp","href":"https:\/\/api.w.org\/{rel}","templated":true}]}}