{"id":210,"date":"2011-11-26T12:42:40","date_gmt":"2011-11-26T11:42:40","guid":{"rendered":"http:\/\/addkenmerken.net\/?p=210"},"modified":"2020-09-01T12:31:31","modified_gmt":"2020-09-01T10:31:31","slug":"problemes-de-sante-mentale-add-add-add-add","status":"publish","type":"post","link":"https:\/\/www.addkenmerken.net\/fr\/psychische-klachten-add-adhd\/","title":{"rendered":"Plaintes secondaires ADD et ADHD"},"content":{"rendered":"<aside class=\"mashsb-container mashsb-main mashsb-stretched\"><div class=\"mashsb-box\"><div class=\"mashsb-count mash-large\" style=\"float:left\"><div class=\"counts mashsbcount\">221<\/div><span class=\"mashsb-sharetext\">temps partag\u00e9<\/span><\/div><div class=\"mashsb-buttons\"><a class=\"mashicon-facebook mash-large mash-center mashsb-noshadow\" href=\"https:\/\/www.facebook.com\/sharer.php?u=https%3A%2F%2Fwww.addkenmerken.net%2Ffr%2Fpsychische-klachten-add-adhd%2F%3Futm_source%3Dsharebuttons%26utm_medium%3Dfacebook%26utm_campaign%3Dmashshare\" target=\"_top\" rel=\"nofollow\"><span class=\"icon\"><\/span><span class=\"text\">Partager<\/span><\/a><a class=\"mashicon-twitter mash-large mash-center mashsb-noshadow\" href=\"https:\/\/twitter.com\/intent\/tweet?text=&amp;url=https:\/\/www.addkenmerken.net\/fr\/?p=210&amp;via=krachtvanADHD\" target=\"_top\" rel=\"nofollow\"><span class=\"icon\"><\/span><span class=\"text\">Tweet<\/span><\/a><div class=\"onoffswitch2 mash-large mashsb-noshadow\" style=\"display:none\"><\/div><\/div>\n            <\/div>\n                <div style=\"clear:both\"><\/div><\/aside>\n            <!-- Share buttons by mashshare.net - Version: 4.0.47--><h2><span style=\"color: #000000;\"><strong>TDA, TDAH et le risque de probl\u00e8mes psychologiques suppl\u00e9mentaires<\/strong><\/span><\/h2>\n<p>\u00c0 mon avis, la plupart des plaintes que les gens ont plus tard dans la vie ne sont souvent pas caus\u00e9es par le TDAH ou le TDA en tant que tel. Ce sont surtout les probl\u00e8mes psychologiques que l'on a d\u00e9velopp\u00e9s au fil des ans qui peuvent rendre la vie beaucoup plus difficile. Si vous vous adaptez avec force chaque jour, vous ne vous donnez pas la possibilit\u00e9 de vous d\u00e9velopper. C'est en soi un facteur qui peut gravement affecter tout notre bien-\u00eatre mental. Il s'av\u00e8re que 70% des personnes chez qui on diagnostique un TDA ou un TDAH plus tard dans la vie ont d\u00e9velopp\u00e9 un trouble secondaire. Il s'agit par exemple d'un trouble anxieux, d'une d\u00e9pression, d'un burn-out, d'un trouble de la personnalit\u00e9, d'un TOC, etc.<\/p>\n<p><img loading=\"lazy\" decoding=\"async\" class=\"alignright wp-image-13409\" src=\"https:\/\/www.addkenmerken.net\/wp-content\/uploads\/2012\/06\/a_little_stressed_now-ADHD.jpg\" alt=\"Repos\u00e9 par ADHD\" width=\"300\" height=\"218\" title=\"\" srcset=\"https:\/\/www.addkenmerken.net\/wp-content\/uploads\/2012\/06\/a_little_stressed_now-ADHD.jpg 412w, https:\/\/www.addkenmerken.net\/wp-content\/uploads\/2012\/06\/a_little_stressed_now-ADHD-300x218.jpg 300w\" sizes=\"auto, (max-width: 300px) 100vw, 300px\">Des probl\u00e8mes tels que l'ins\u00e9curit\u00e9, la faible estime de soi, la d\u00e9pression, la fatigue, le stress, l'anxi\u00e9t\u00e9 dominent souvent bien plus que le TDAH ou le TDA lui-m\u00eame. Dans de nombreux cas, de nombreuses personnes atteintes de AD(H)D d\u00e9veloppent t\u00f4t ou tard un burn-out ou d'autres troubles psychologiques. Heureusement, notre cerveau est flexible jusqu'\u00e0 notre mort. C'est ce qu'on appelle aussi \"la<strong><a title=\"Neuroplasticit\u00e9\" href=\"https:\/\/www.addkenmerken.net\/fr\/neuroplasticite-et-pensees\/\" target=\"_blank\" rel=\"noopener\">Neuroplasticit\u00e9<\/a><\/strong>\u2018. Cela signifie que tout au long de notre vie, nous sommes capables de nous remettre en grande partie de toutes nos plaintes secondaires secondaires qui font que notre cerveau fonctionne sans assistance. Vous pouvez en savoir plus \u00e0 ce sujet en cliquant sur le lien ci-dessous :<\/p>\n<p><strong><a title=\"Helen par le biais du PNL\" href=\"https:\/\/www.addkenmerken.net\/fr\/neuroplasticite-et-pensees\/\" target=\"_blank\" rel=\"noopener\">&gt; Toutes vos propres plaintes avec la PNL<\/a><\/strong><\/p>\n<p>Je souffre moi-m\u00eame du SVC\/ME depuis 2 ans. (Le syndrome de fatigue chronique), qui est \u00e0 mon avis une appellation erron\u00e9e car la fatigue est caus\u00e9e par une r\u00e9ponse continue au stress de l'amygdale du cerveau. Il est entr\u00e9 en \u00e9tat de traumatisme. En d'autres termes, la fatigue est un probl\u00e8me secondaire. C'est un processus inconscient qui vous br\u00fble litt\u00e9ralement.<\/p>\n<p>Heureusement, gr\u00e2ce \u00e0 toutes les connaissances que j'ai acquises et aux visites des bons th\u00e9rapeutes, j'ai trouv\u00e9 des moyens de m'en remettre. Ce combat a \u00e9t\u00e9 difficile jusqu'\u00e0 ce jour, mais heureusement, j'avance \u00e0 pas de g\u00e9ant. J'ai connu une \u00e9poque o\u00f9 j'\u00e9tais au lit pendant une semaine apr\u00e8s une demi-heure de v\u00e9lo. En attendant, je fais beaucoup de choses chaque jour. Je peux dire que je suis gu\u00e9ri pour le 75%.<\/p>\n<p>Le SVC\/ME s'est d\u00e9velopp\u00e9 avec moi en raison des facteurs susmentionn\u00e9s. Des tentatives d'adaptation forc\u00e9es qui ont entra\u00een\u00e9 un d\u00e9s\u00e9quilibre physique et mental, qui \u00e0 son tour a provoqu\u00e9 une sur-stimulation et une d\u00e9pression suppl\u00e9mentaires. Quand j'ai eu Pfeiffer et quelques mois plus tard une grave intoxication alimentaire au Maroc, le CFS\/ME avait commenc\u00e9. J'avais 23 ans \u00e0 l'\u00e9poque. L'amygdale a \u00e9t\u00e9 d\u00e9clench\u00e9e pour rester coinc\u00e9e en position de traumatisme. Comme si cela ne suffisait pas, j'ai d\u00fb subir 3 op\u00e9rations sur ma cuisse cass\u00e9e. Ce sont tous des facteurs qui peuvent d\u00e9clencher le SFC\/ME (chirurgie, infection virale, stress ; dans mon cas, une combinaison de tout) mais dans tous les cas, la cause profonde r\u00e9side dans le d\u00e9s\u00e9quilibre mental\/physique entre le corps et l'esprit. Heureusement, nous pouvons faire beaucoup avec notre propre capacit\u00e9 d'auto-gu\u00e9rison et nous n'avons pas besoin de pilules pour tout. (Plus d'informations \u00e0 ce sujet plus tard \u00e9galement)<\/p>\n<p>&nbsp;<\/p>\n<h3><span style=\"color: #000000;\">Les troubles mentaux secondaires dans le TDAH et le TDA<\/span><\/h3>\n<p>Dans 70% des cas, les personnes atteintes de TDAH et de TDA d\u00e9veloppent des troubles mentaux qui peuvent \u00e0 leur tour \u00eatre \u00e9tiquet\u00e9s comme un trouble de la personnalit\u00e9, un trouble anxieux, une d\u00e9pendance ou un trouble obsessionnel compulsif ou une d\u00e9pression, etc. C'est pr\u00e9cis\u00e9ment ces probl\u00e8mes suppl\u00e9mentaires qui, \u00e0 leur tour, cr\u00e9ent une <span style=\"text-decoration: underline;\">suppl\u00e9mentaire<\/span> une mauvaise concentration et le sentiment de ne pas \u00eatre pr\u00e9sent ou de ne pas \u00eatre clair. La faible estime de soi, la peur et le stress y contribuent aussi \u00e9norm\u00e9ment. Cela entra\u00eene \u00e9galement une surstimulation et une agitation suppl\u00e9mentaires.<\/p>\n<p>De tels probl\u00e8mes augmentent consid\u00e9rablement les sympt\u00f4mes du TDAH et du TDA. En fait, toutes ces plaintes sont l'expression d'un traumatisme c\u00e9r\u00e9bral.  Ce ph\u00e9nom\u00e8ne est r\u00e9versible gr\u00e2ce \u00e0 la flexibilit\u00e9 de notre cerveau et \u00e0 sa capacit\u00e9 d'auto-gu\u00e9rison. Notre cerveau et notre ADN peuvent \u00eatre modifi\u00e9s jusqu'\u00e0 notre mort.<br \/>\nPour en savoir plus, consultez la rubrique \"<strong><a title=\"La neuroplasticit\u00e9 par le pouvoir de la pens\u00e9e\" href=\"https:\/\/www.addkenmerken.net\/fr\/neuroplasticite-et-pensees\/\" target=\"_blank\" rel=\"noopener\">Neuroplasticit\u00e9<\/a><\/strong>&#8221;<br \/>\n<span style=\"color: #ffffff;\">.<\/span><\/p>\n<p style=\"text-align: center;\">","protected":false},"excerpt":{"rendered":"<p>TDA, TDAH et le risque de probl\u00e8mes psychologiques suppl\u00e9mentaires La plupart des plaintes que les gens ont plus tard dans la vie ne sont, \u00e0 mon avis, souvent pas caus\u00e9es par...<\/p>","protected":false},"author":1,"featured_media":0,"comment_status":"open","ping_status":"closed","sticky":false,"template":"","format":"standard","meta":{"_kad_post_transparent":"default","_kad_post_title":"default","_kad_post_layout":"default","_kad_post_sidebar_id":"","_kad_post_content_style":"default","_kad_post_vertical_padding":"default","_kad_post_feature":"","_kad_post_feature_position":"","_kad_post_header":false,"_kad_post_footer":false,"_kad_post_classname":"","footnotes":""},"categories":[1131,1506,1132],"tags":[112,5,6,117,113,115,33,269,267,25,118,262,266,119,26,116,265,261,225],"class_list":["post-210","post","type-post","status-publish","format-standard","hentry","category-add","category-add-adhd","category-adhd-artikelen","tag-aandoeningen","tag-add","tag-adhd","tag-amygdala","tag-cvs","tag-cvsme","tag-depressie","tag-disbalans","tag-fietsen","tag-klachten","tag-onbehulpzaam","tag-onzekerheid","tag-operatie","tag-pillen","tag-psychische","tag-stressrespons","tag-triggeren","tag-vermoeidheid","tag-zelfbeeld"],"_links":{"self":[{"href":"https:\/\/www.addkenmerken.net\/fr\/wp-json\/wp\/v2\/posts\/210","targetHints":{"allow":["GET"]}}],"collection":[{"href":"https:\/\/www.addkenmerken.net\/fr\/wp-json\/wp\/v2\/posts"}],"about":[{"href":"https:\/\/www.addkenmerken.net\/fr\/wp-json\/wp\/v2\/types\/post"}],"author":[{"embeddable":true,"href":"https:\/\/www.addkenmerken.net\/fr\/wp-json\/wp\/v2\/users\/1"}],"replies":[{"embeddable":true,"href":"https:\/\/www.addkenmerken.net\/fr\/wp-json\/wp\/v2\/comments?post=210"}],"version-history":[{"count":0,"href":"https:\/\/www.addkenmerken.net\/fr\/wp-json\/wp\/v2\/posts\/210\/revisions"}],"wp:attachment":[{"href":"https:\/\/www.addkenmerken.net\/fr\/wp-json\/wp\/v2\/media?parent=210"}],"wp:term":[{"taxonomy":"category","embeddable":true,"href":"https:\/\/www.addkenmerken.net\/fr\/wp-json\/wp\/v2\/categories?post=210"},{"taxonomy":"post_tag","embeddable":true,"href":"https:\/\/www.addkenmerken.net\/fr\/wp-json\/wp\/v2\/tags?post=210"}],"curies":[{"name":"wp","href":"https:\/\/api.w.org\/{rel}","templated":true}]}}