{"id":31,"date":"2011-12-11T14:14:01","date_gmt":"2011-12-11T13:14:01","guid":{"rendered":"http:\/\/addkenmerken.net\/blog\/?p=31"},"modified":"2020-08-29T14:04:08","modified_gmt":"2020-08-29T12:04:08","slug":"le-manifeste-des-wayseers","status":"publish","type":"post","link":"https:\/\/www.addkenmerken.net\/fr\/the-wayseer-manifesto\/","title":{"rendered":"La m\u00e9thode Davinci"},"content":{"rendered":"<aside class=\"mashsb-container mashsb-main mashsb-stretched\"><div class=\"mashsb-box\"><div class=\"mashsb-buttons\"><a class=\"mashicon-facebook mash-large mash-center mashsb-noshadow\" href=\"https:\/\/www.facebook.com\/sharer.php?u=https%3A%2F%2Fwww.addkenmerken.net%2Ffr%2Fthe-wayseer-manifesto%2F%3Futm_source%3Dsharebuttons%26utm_medium%3Dfacebook%26utm_campaign%3Dmashshare\" target=\"_top\" rel=\"nofollow\"><span class=\"icon\"><\/span><span class=\"text\">Partager<\/span><\/a><a class=\"mashicon-twitter mash-large mash-center mashsb-noshadow\" href=\"https:\/\/twitter.com\/intent\/tweet?text=&amp;url=https:\/\/www.addkenmerken.net\/fr\/?p=31&amp;via=krachtvanADHD\" target=\"_top\" rel=\"nofollow\"><span class=\"icon\"><\/span><span class=\"text\">Tweet<\/span><\/a><div class=\"onoffswitch2 mash-large mashsb-noshadow\" style=\"display:none\"><\/div><\/div>\n            <\/div>\n                <div style=\"clear:both\"><\/div><\/aside>\n            <!-- Share buttons by mashshare.net - Version: 4.0.47--><h2><span style=\"color: #000000;\">La m\u00e9thode Davinci\" Une perspective diff\u00e9rente sur les caract\u00e9ristiques du TDA et du TDAH<\/span><\/h2>\n<p><img loading=\"lazy\" decoding=\"async\" class=\"alignright wp-image-675 size-full\" title=\"La m\u00e9thodologie davinci en couverture\" src=\"https:\/\/www.addkenmerken.net\/wp-content\/uploads\/2011\/12\/The-davinci-method-front-cover.jpg\" alt=\"Le livre de la m\u00e9thode Davinci\" width=\"176\" height=\"283\" srcset=\"https:\/\/www.addkenmerken.net\/wp-content\/uploads\/2011\/12\/The-davinci-method-front-cover.jpg 176w, https:\/\/www.addkenmerken.net\/wp-content\/uploads\/2011\/12\/The-davinci-method-front-cover-92x148.jpg 92w, https:\/\/www.addkenmerken.net\/wp-content\/uploads\/2011\/12\/The-davinci-method-front-cover-19x31.jpg 19w, https:\/\/www.addkenmerken.net\/wp-content\/uploads\/2011\/12\/The-davinci-method-front-cover-23x38.jpg 23w, https:\/\/www.addkenmerken.net\/wp-content\/uploads\/2011\/12\/The-davinci-method-front-cover-133x215.jpg 133w\" sizes=\"auto, (max-width: 176px) 100vw, 176px\">Comme la plupart d'entre vous l'ont lu, j'aimerais partager sur le site web toutes les connaissances que j'ai acquises ces derni\u00e8res ann\u00e9es dans le domaine du d\u00e9veloppement personnel et, bien s\u00fbr, tout ce qui concerne les TDA, les TDAH et les HSP.<\/p>\n<p>John Loporto est une grande source d'inspiration pour moi. Cet homme est le fondateur de \"The Wayseer Manifesto\" et a \u00e9crit le livre tr\u00e8s inspirant \"The Wayseer Manifesto\".<strong>La m\u00e9thode Davinci<\/strong>\"\u00e9crit.<\/p>\n<p>Un livre tr\u00e8s int\u00e9ressant et utile pour les personnes souffrant de TDA et de TDAH. Toutes nos caract\u00e9ristiques sont abord\u00e9es et expliqu\u00e9es d'un point de vue positif et vous apprenez \u00e0 transformer ces caract\u00e9ristiques en positif. Une v\u00e9ritable <em>doit lire<\/em> pour toute personne pr\u00e9sentant des caract\u00e9ristiques de TDA et de TDAH.<\/p>\n<p>&nbsp;<\/p>\n<h3><span style=\"color: #000000;\">Le Manifeste des Wayseers, sous-titres NL<\/span><\/h3>\n<p>Dans la vid\u00e9o super inspirante ci-dessous, vous pouvez voir John Loporto, dans laquelle il partage bri\u00e8vement et puissamment sa vision. Dans son livre \"La m\u00e9thode Davinci\", il va beaucoup plus loin et plus profond\u00e9ment dans ce domaine.<\/p>\n<p style=\"text-align: left;\"><iframe loading=\"lazy\" src=\"\/\/www.youtube.com\/embed\/YdpuVjN-7-A?rel=0&amp;hd=1\" width=\"640\" height=\"360\" frameborder=\"0\"><\/iframe><\/p>\n<p>&nbsp;<\/p>","protected":false},"excerpt":{"rendered":"<p>La m\u00e9thode Davinci' Une perspective diff\u00e9rente sur les caract\u00e9ristiques des TDA et TDAH Comme la plupart d'entre vous l'ont lu, je veux mettre toutes les connaissances...<\/p>","protected":false},"author":1,"featured_media":2583,"comment_status":"open","ping_status":"closed","sticky":false,"template":"","format":"standard","meta":{"_kad_post_transparent":"default","_kad_post_title":"default","_kad_post_layout":"default","_kad_post_sidebar_id":"","_kad_post_content_style":"default","_kad_post_vertical_padding":"default","_kad_post_feature":"","_kad_post_feature_position":"","_kad_post_header":false,"_kad_post_footer":false,"_kad_post_classname":"","footnotes":""},"categories":[544,1131,1506,1132,1137,545,1143],"tags":[5,6,88,33,226,1276,312,7,318,26,309,305],"class_list":["post-31","post","type-post","status-publish","format-standard","has-post-thumbnail","hentry","category-john-loporto","category-add","category-add-adhd","category-adhd-artikelen","category-boeken-tips","category-inspiratie","category-inspirerende-filmpjes","tag-add","tag-adhd","tag-angststoornis","tag-depressie","tag-dyslexie","tag-filmpje","tag-indigo","tag-label","tag-nieuwetijdskinderen","tag-psychische","tag-wayseer","tag-wayseers"],"_links":{"self":[{"href":"https:\/\/www.addkenmerken.net\/fr\/wp-json\/wp\/v2\/posts\/31","targetHints":{"allow":["GET"]}}],"collection":[{"href":"https:\/\/www.addkenmerken.net\/fr\/wp-json\/wp\/v2\/posts"}],"about":[{"href":"https:\/\/www.addkenmerken.net\/fr\/wp-json\/wp\/v2\/types\/post"}],"author":[{"embeddable":true,"href":"https:\/\/www.addkenmerken.net\/fr\/wp-json\/wp\/v2\/users\/1"}],"replies":[{"embeddable":true,"href":"https:\/\/www.addkenmerken.net\/fr\/wp-json\/wp\/v2\/comments?post=31"}],"version-history":[{"count":0,"href":"https:\/\/www.addkenmerken.net\/fr\/wp-json\/wp\/v2\/posts\/31\/revisions"}],"wp:featuredmedia":[{"embeddable":true,"href":"https:\/\/www.addkenmerken.net\/fr\/wp-json\/wp\/v2\/media\/2583"}],"wp:attachment":[{"href":"https:\/\/www.addkenmerken.net\/fr\/wp-json\/wp\/v2\/media?parent=31"}],"wp:term":[{"taxonomy":"category","embeddable":true,"href":"https:\/\/www.addkenmerken.net\/fr\/wp-json\/wp\/v2\/categories?post=31"},{"taxonomy":"post_tag","embeddable":true,"href":"https:\/\/www.addkenmerken.net\/fr\/wp-json\/wp\/v2\/tags?post=31"}],"curies":[{"name":"wp","href":"https:\/\/api.w.org\/{rel}","templated":true}]}}