{"id":3437,"date":"2015-03-05T16:03:51","date_gmt":"2015-03-05T15:03:51","guid":{"rendered":"http:\/\/www.addkenmerken.net\/blog\/?p=3437"},"modified":"2020-09-01T11:34:38","modified_gmt":"2020-09-01T09:34:38","slug":"adhd-evolution-race-humaine","status":"publish","type":"post","link":"https:\/\/www.addkenmerken.net\/fr\/adhd-evolutie-menselijk-ras\/","title":{"rendered":"Le TDAH, une \u00e9volution de la race humaine ?"},"content":{"rendered":"<aside class=\"mashsb-container mashsb-main mashsb-stretched\"><div class=\"mashsb-box\"><div class=\"mashsb-count mash-large\" style=\"float:left\"><div class=\"counts mashsbcount\">62<\/div><span class=\"mashsb-sharetext\">temps partag\u00e9<\/span><\/div><div class=\"mashsb-buttons\"><a class=\"mashicon-facebook mash-large mash-center mashsb-noshadow\" href=\"https:\/\/www.facebook.com\/sharer.php?u=https%3A%2F%2Fwww.addkenmerken.net%2Ffr%2Fadhd-evolutie-menselijk-ras%2F%3Futm_source%3Dsharebuttons%26utm_medium%3Dfacebook%26utm_campaign%3Dmashshare\" target=\"_top\" rel=\"nofollow\"><span class=\"icon\"><\/span><span class=\"text\">Partager<\/span><\/a><a class=\"mashicon-twitter mash-large mash-center mashsb-noshadow\" href=\"https:\/\/twitter.com\/intent\/tweet?text=&amp;url=https:\/\/www.addkenmerken.net\/fr\/?p=3437&amp;via=krachtvanADHD\" target=\"_top\" rel=\"nofollow\"><span class=\"icon\"><\/span><span class=\"text\">Tweet<\/span><\/a><div class=\"onoffswitch2 mash-large mashsb-noshadow\" style=\"display:none\"><\/div><\/div>\n            <\/div>\n                <div style=\"clear:both\"><\/div><\/aside>\n            <!-- Share buttons by mashshare.net - Version: 4.0.47--><h2>L'\u00e9volution vers le TDAH...<\/h2>\n<p><img loading=\"lazy\" decoding=\"async\" class=\"alignright wp-image-3438\" src=\"https:\/\/www.addkenmerken.net\/wp-content\/uploads\/2015\/03\/ADHD-evolutie.jpg\" alt=\"\u00c9volution du TDAH\" width=\"207\" height=\"270\" title=\"\" srcset=\"https:\/\/www.addkenmerken.net\/wp-content\/uploads\/2015\/03\/ADHD-evolutie.jpg 346w, https:\/\/www.addkenmerken.net\/wp-content\/uploads\/2015\/03\/ADHD-evolutie-230x300.jpg 230w, https:\/\/www.addkenmerken.net\/wp-content\/uploads\/2015\/03\/ADHD-evolutie-300x392.jpg 300w\" sizes=\"auto, (max-width: 207px) 100vw, 207px\">Autrefois et encore aujourd'hui, les enfants de la premi\u00e8re ann\u00e9e apprennent la th\u00e9orie de l'\u00e9volution. Outre la croyance qu'il existe un dieu qui contr\u00f4le et d\u00e9termine tout et nous a cr\u00e9\u00e9s, nous pouvons en effet descendre des singes... qui sait... Ils apprennent qu'un poisson peut devenir un l\u00e9zard, sur des milliers ou des millions d'ann\u00e9es, ils ont des pattes au lieu de nageoires, et leur apparence enti\u00e8re a souvent chang\u00e9.<\/p>\n<p>Il n'a jamais \u00e9t\u00e9 question de changer l'int\u00e9rieur. Car si un poisson va se transformer en l\u00e9zard par exemple... son cerveau ne devrait-il pas lui aussi \u00e9voluer... ? Un l\u00e9zard ne chasse pas un poisson... un l\u00e9zard vit g\u00e9n\u00e9ralement sur terre, et un poisson vit sous l'eau... Donc le cerveau et tout l'instinct devront aussi changer.<\/p>\n<p>&nbsp;<\/p>\n<h3>Faible sensibilisation \u00e0 \"l'ordre \u00e9tabli<\/h3>\n<p>Ce que j'ai remarqu\u00e9 dans ma vie jusqu'\u00e0 pr\u00e9sent, c'est que le TDAH est un avantage. Que la <a title=\"Le TDA\/H dans la soci\u00e9t\u00e9 et le syst\u00e8me scolaire actuel\" href=\"https:\/\/www.addkenmerken.net\/fr\/adhd-add-et-societe\/\" target=\"_blank\" rel=\"noopener\">soci\u00e9t\u00e9<\/a> ne peut pas faire face \u00e0 cela, et nous trouver tous malades et d\u00e9viants est un probl\u00e8me de notre temps. Malheureusement, l'ordre \u00e9tabli fonctionne encore dans un \u00e9tat de conscience tr\u00e8s bas et ne peut pas le \"voir\". Dans cette soci\u00e9t\u00e9, tout est toujours sens dessus dessous, il suffit de regarder les nouvelles pendant une semaine, les malades et les malades mentaux ont le pouvoir et maintenant ils vont droguer des g\u00e9n\u00e9rations enti\u00e8res, et Dieu sait quels d\u00e9g\u00e2ts, avec tous ces m\u00e9dicaments durs dans leurs m\u00e9dicaments.<\/p>\n<p>&nbsp;<\/p>\n<h3>Timbres et m\u00e9dicaments<\/h3>\n<p>J'ai 45 ans maintenant, et j'ai toujours <a title=\"Caract\u00e9ristiques du TDAH\" href=\"https:\/\/www.addkenmerken.net\/fr\/caracteristiques-des-troubles-de-lattention\/\" target=\"_blank\" rel=\"noopener\">Hyperactivit\u00e9 du TDAH<\/a> avait, suis-je encore <a title=\"Qu&#039;est-ce que le HSP et quelles sont ses caract\u00e9ristiques ?\" href=\"https:\/\/www.addkenmerken.net\/fr\/personne-tres-sensible-hsp\/\" target=\"_blank\" rel=\"noopener\">haute sensibilit\u00e9<\/a>et autodidacte, de jolis timbres, et je n'ai jamais pris de m\u00e9dicaments avant, il suffit de fumer une cigarette de cannabis le soir, et la tension s'envole, et mon esprit se remet au calme, apr\u00e8s une journ\u00e9e de travail bien remplie.<\/p>\n<p>Huit ans que j'ai travaill\u00e9 comme concierge dans une grande \u00e9cole primaire, c'est triste de voir combien d'enfants j'ai vu la destruction que j'ai vu subir \u00e0 cause de ces drogues...oui ils vont \u00eatre des petits agneaux dans la classe, bien s\u00fbr les professeurs pensent que c'est g\u00e9nial... Mais toute leur joie de vivre disparaissait g\u00e9n\u00e9ralement...et j'ai vu la tristesse dans leurs yeux...<\/p>\n<p>&nbsp;<\/p>\n<h3>Les personnes atteintes de TDAH, un nouveau type d'\u00eatre humain...<\/h3>\n<p>L'adh\u00e9r est dans mon monde, un nouveau type d'\u00eatre humain... un \u00eatre humain, qui pense d'une mani\u00e8re diff\u00e9rente... travaille... et vit... d'une conscience diff\u00e9rente... ou plut\u00f4t... \"regardant\" sous un angle diff\u00e9rent, pour ainsi dire, et donc voit et entend des choses que les autres ne voient ou n'entendent pas, parce qu'ils le voient sous un angle diff\u00e9rent...<\/p>\n<p>Mes probl\u00e8mes d'autrefois \u00e9taient dus \u00e0 ce soi-disant d\u00e9sordre :<\/p>\n<ul>\n<li>J'ai fini mes \u00e9tudes trop t\u00f4t (mais je devais r\u00e9ussir les examens).<\/li>\n<li>Il est pr\u00e9f\u00e9rable de jouer dehors plut\u00f4t que de faire ses devoirs (quel enfant n'a pas cela ?).<\/li>\n<li>Trop d'imagination \/ de fantaisie (je ne dirai rien)<\/li>\n<li>Trop occup\u00e9, trop joueur (les autres ne le supportent pas, ils ont donc un d\u00e9sordre)<\/li>\n<li>Entreprenant, curieux, ouvert et direct.<\/li>\n<\/ul>\n<p>Pour moi, tout cela \u00e9tait bien... mais \"ils\" l'\u00e9tiquettent comme un d\u00e9sordre et un probl\u00e8me...<\/p>\n<p>Ce que je \"sais\" de mon <a title=\"haute sensibilit\u00e9 hsp\" href=\"https:\/\/www.addkenmerken.net\/fr\/personne-tres-sensible-hsp\/\" target=\"_blank\" rel=\"noopener\">sensibilit\u00e9<\/a>...c'est qu'il s'agit d'une \"adaptation\" de l'\u00eatre humain, de sorte que l'\u00eatre humain puisse \u00e9voluer davantage, vers ce qu'il est vraiment, c'est-\u00e0-dire la conscience... pour avoir un regard diff\u00e9rent, certains fils devront \u00eatre reli\u00e9s diff\u00e9remment.<\/p>\n<p>Cela a tout \u00e0 voir avec certaines vibrations et fr\u00e9quences qui sont partout en nous et autour de nous...plus la vibration est \u00e9lev\u00e9e...plus \"nous\" dans notre fr\u00e9quence \"coule\" pour ainsi dire...et quand cela arrive...la paix et le silence total viennent en vous...alors vous \u00eates l\u00e0.<\/p>\n<p>&nbsp;<\/p>\n<h3>Dessinez votre propre plan...<\/h3>\n<p>Malheureusement, il y a tellement de pauvret\u00e9 et de mis\u00e8re de guerre autour de nous, que tout est maintenu dans une tr\u00e8s lourde \u00e9nergie n\u00e9gative, et plus la mis\u00e8re est grande... plus ces gens ont ou ont de la difficult\u00e9.<\/p>\n<p>Une fa\u00e7on de s'\u00e9chapper de ce gang... c'est de cesser d'en faire partie... et d'\u00e9laborer son propre plan... c'est la chose la plus difficile, parce que votre entourage, et les gens qui vous aiment, ne peuvent g\u00e9n\u00e9ralement pas comprendre cela.<\/p>\n<p>Maarten<\/p>\n<p><em>Note de Jochem : <\/em><\/p>\n<p><em>Merci pour votre article inspirant Maarten ! <\/em><\/p>\n<p><em>D'ailleurs, votre vision est assez similaire \u00e0 celle de <a title=\"Source d&#039;inspiration de John Loporto\" href=\"https:\/\/www.addkenmerken.net\/fr\/methodologie-john-loporto-davinci\/\" target=\"_blank\" rel=\"noopener\">John Loporto<\/a>. Apr\u00e8s avoir lu le livre de Loporto \"La m\u00e9thode Davinci\", j'ai \u00e9t\u00e9 tr\u00e8s touch\u00e9 par son explication super cool et innovante de ces \u00e9tiquettes et des caract\u00e9ristiques du TDA et du TDAH. Chaque ADD'er\/ADHD'er doit avoir lu son livre ! C'est si touchant ! Jetez au moins un coup d'\u0153il \u00e0 sa vid\u00e9o inspirante ci-dessous. Et <a href=\"https:\/\/www.addkenmerken.net\/fr\/methodologie-john-loporto-davinci\/\" target=\"_blank\" rel=\"noopener\">ici<\/a> J'ai d\u00e9crit une tr\u00e8s belle pi\u00e8ce de son livre. Croyez-moi, cela vaut vraiment la peine que vous y consacriez du temps ! ;)<\/em><\/p>\n<div class=\"entry-content-asset videofit\"><iframe loading=\"lazy\" title=\"Le Manifeste de la route (THE WAYSEER MANIFESTO) FR sous-titres\" width=\"720\" height=\"405\" src=\"https:\/\/www.youtube.com\/embed\/YdpuVjN-7-A?feature=oembed\" frameborder=\"0\" allow=\"accelerometer; autoplay; encrypted-media; gyroscope; picture-in-picture\" allowfullscreen><\/iframe><\/div>\n<p>&nbsp;<\/p>","protected":false},"excerpt":{"rendered":"<p>L'\u00e9volution vers le TDAH... Dans le pass\u00e9 et encore aujourd'hui, les enfants de la premi\u00e8re ann\u00e9e apprennent la th\u00e9orie de l'\u00e9volution. En plus de croire qu'il y a un dieu.<\/p>","protected":false},"author":48,"featured_media":3438,"comment_status":"open","ping_status":"closed","sticky":false,"template":"","format":"standard","meta":{"_kad_post_transparent":"default","_kad_post_title":"default","_kad_post_layout":"default","_kad_post_sidebar_id":"","_kad_post_content_style":"default","_kad_post_vertical_padding":"default","_kad_post_feature":"","_kad_post_feature_position":"","_kad_post_header":false,"_kad_post_footer":false,"_kad_post_classname":"","footnotes":""},"categories":[1162,1506,1132,1139,1141],"tags":[6,1206,530,478],"class_list":["post-3437","post","type-post","status-publish","format-standard","has-post-thumbnail","hentry","category-volwassenen-met-add-adhd","category-add-adhd","category-adhd-artikelen","category-gastblog-artikelen","category-hsp-hooggevoeligheid","tag-adhd","tag-bewustzijn","tag-hooggevoeligheid","tag-medicijnen"],"_links":{"self":[{"href":"https:\/\/www.addkenmerken.net\/fr\/wp-json\/wp\/v2\/posts\/3437","targetHints":{"allow":["GET"]}}],"collection":[{"href":"https:\/\/www.addkenmerken.net\/fr\/wp-json\/wp\/v2\/posts"}],"about":[{"href":"https:\/\/www.addkenmerken.net\/fr\/wp-json\/wp\/v2\/types\/post"}],"author":[{"embeddable":true,"href":"https:\/\/www.addkenmerken.net\/fr\/wp-json\/wp\/v2\/users\/48"}],"replies":[{"embeddable":true,"href":"https:\/\/www.addkenmerken.net\/fr\/wp-json\/wp\/v2\/comments?post=3437"}],"version-history":[{"count":0,"href":"https:\/\/www.addkenmerken.net\/fr\/wp-json\/wp\/v2\/posts\/3437\/revisions"}],"wp:featuredmedia":[{"embeddable":true,"href":"https:\/\/www.addkenmerken.net\/fr\/wp-json\/wp\/v2\/media\/3438"}],"wp:attachment":[{"href":"https:\/\/www.addkenmerken.net\/fr\/wp-json\/wp\/v2\/media?parent=3437"}],"wp:term":[{"taxonomy":"category","embeddable":true,"href":"https:\/\/www.addkenmerken.net\/fr\/wp-json\/wp\/v2\/categories?post=3437"},{"taxonomy":"post_tag","embeddable":true,"href":"https:\/\/www.addkenmerken.net\/fr\/wp-json\/wp\/v2\/tags?post=3437"}],"curies":[{"name":"wp","href":"https:\/\/api.w.org\/{rel}","templated":true}]}}