{"id":3814,"date":"2012-09-27T17:03:12","date_gmt":"2012-09-27T15:03:12","guid":{"rendered":"http:\/\/www.addkenmerken.net\/?p=3814"},"modified":"2020-08-31T21:04:11","modified_gmt":"2020-08-31T19:04:11","slug":"videos-pouvoir-de-notre-cerveau","status":"publish","type":"post","link":"https:\/\/www.addkenmerken.net\/fr\/filmpjes-kracht-van-ons-brein\/","title":{"rendered":"Des vid\u00e9os inspirantes sur le pouvoir de nos cerveaux"},"content":{"rendered":"<aside class=\"mashsb-container mashsb-main mashsb-stretched\"><div class=\"mashsb-box\"><div class=\"mashsb-count mash-large\" style=\"float:left\"><div class=\"counts mashsbcount\">424<\/div><span class=\"mashsb-sharetext\">temps partag\u00e9<\/span><\/div><div class=\"mashsb-buttons\"><a class=\"mashicon-facebook mash-large mash-center mashsb-noshadow\" href=\"https:\/\/www.facebook.com\/sharer.php?u=https%3A%2F%2Fwww.addkenmerken.net%2Ffr%2Ffilmpjes-kracht-van-ons-brein%2F%3Futm_source%3Dsharebuttons%26utm_medium%3Dfacebook%26utm_campaign%3Dmashshare\" target=\"_top\" rel=\"nofollow\"><span class=\"icon\"><\/span><span class=\"text\">Partager<\/span><\/a><a class=\"mashicon-twitter mash-large mash-center mashsb-noshadow\" href=\"https:\/\/twitter.com\/intent\/tweet?text=&amp;url=https:\/\/www.addkenmerken.net\/fr\/?p=3814&amp;via=krachtvanADHD\" target=\"_top\" rel=\"nofollow\"><span class=\"icon\"><\/span><span class=\"text\">Tweet<\/span><\/a><div class=\"onoffswitch2 mash-large mashsb-noshadow\" style=\"display:none\"><\/div><\/div>\n            <\/div>\n                <div style=\"clear:both\"><\/div><\/aside>\n            <!-- Share buttons by mashshare.net - Version: 4.0.47-->\n<h2 class=\"wp-block-heading\"><span style=\"color: #000000;\">La puissance de nos cerveaux<\/span><\/h2>\n\n\n\n<p>Regardez les vid\u00e9os ci-dessous sur la puissance de notre cerveau. Ce sont des vid\u00e9os tr\u00e8s inspirantes sur le pouvoir de nos propres pens\u00e9es et le cerveau neuroplastique. Ils offrent \u00e9galement le pouvoir des croyances et des intentions et vous verrez des exemples particuliers de personnes qui se sont gu\u00e9ries gr\u00e2ce \u00e0 la neuroplasticit\u00e9 de notre cerveau.<\/p>\n\n\n\n\n\n<h3 class=\"wp-block-heading\"><span style=\"color: #000000;\">Vos pens\u00e9es et vos croyances cr\u00e9ent votre monde<\/span><\/h3>\n\n\n\n<div class=\"wp-block-image\"><figure class=\"alignright is-resized\"><a href=\"https:\/\/www.addkenmerken.net\/wp-content\/uploads\/2012\/09\/Kracht-van-ons-brein.jpg\" rel=\"nofollow\"><img loading=\"lazy\" decoding=\"async\" src=\"https:\/\/www.addkenmerken.net\/wp-content\/uploads\/2012\/09\/Kracht-van-ons-brein.jpg\" alt=\"La puissance de notre cerveau\" class=\"wp-image-3926\" width=\"311\" height=\"222\" title=\"La puissance de notre cerveau\"><\/a><\/figure><\/div>\n\n\n\n<p>Vous pouvez voir ci-dessous la vid\u00e9o d'une interview de Bruce Lipton. Il explique tr\u00e8s bien l'\u00e9norme impact que nos pens\u00e9es ont sur notre bien-\u00eatre. Il peut modifier votre composition biologique compl\u00e8te. Il peut m\u00eame modifier notre ADN en adoptant des pens\u00e9es et des croyances diff\u00e9rentes. Dans de nombreux cas, les gens peuvent s'am\u00e9liorer de n'importe quoi sans avoir recours \u00e0 des m\u00e9dicaments.<\/p>\n\n\n\n<p>Souvent, les gens pensent qu'ils sont victimes de leurs g\u00e8nes, ce qui s'est av\u00e9r\u00e9 faux. Les recherches ont montr\u00e9 que les g\u00e8nes ne sont pas le principal facteur d\u00e9terminant de qui vous \u00eates ! Le principal facteur d\u00e9terminant de qui vous \u00eates est enregistr\u00e9 dans les 6 premi\u00e8res ann\u00e9es de la vie et dans tout ce que vous vivez dans votre vie. Le cerveau absorbe ensuite tout parce qu'il fonctionne sous de tr\u00e8s basses fr\u00e9quences. Tout ce qu'un enfant voit dans son environnement est inconsciemment stock\u00e9 et des connexions neurologiques en sont faites. Ce processus se poursuit tout au long de la vie mais est donc fort dans les 6 premi\u00e8res ann\u00e9es de la vie.<\/p>\n\n\n\n<p>95% pour cent de nos actions quotidiennes proviennent de notre inconscient. Vous pouvez maintenant comprendre que notre identit\u00e9 est largement d\u00e9termin\u00e9e par ces connexions neurologiques inconscientes et non par les g\u00e8nes. Vous pouvez en lire plus \u00e0 ce sujet dans la rubrique <strong><a title=\"La neuroplasticit\u00e9 et le pouvoir de nos pens\u00e9es\" href=\"https:\/\/www.addkenmerken.net\/fr\/neuroplasticite\/neuroplasticite-et-pensees\/\">neuroplasticit\u00e9<\/a><\/strong>Je vous recommande absolument la lecture.<\/p>\n\n\n\n<p>Dans le film ci-dessous, Bruce Lipton explique tout cela. C'est tr\u00e8s int\u00e9ressant \u00e0 regarder et un compl\u00e9ment pour la vie de chacun.<\/p>\n\n\n\n\n\n<h3 class=\"wp-block-heading\"><span style=\"color: #000000;\">Bruce Lipton sur le cerveau inconscient<\/span><\/h3>\n\n\n\n<figure class=\"wp-block-embed-youtube wp-block-embed is-type-video is-provider-youtube wp-embed-aspect-4-3 wp-has-aspect-ratio\"><div class=\"wp-block-embed__wrapper\">\n<iframe loading=\"lazy\" title=\"Bruce Lipton - &#039;The Power of Consciousness&amp;#039 ; - Interview par Iain McNay\" width=\"720\" height=\"540\" src=\"https:\/\/www.youtube.com\/embed\/VYYXq1Ox4sk?feature=oembed\" frameborder=\"0\" allow=\"accelerometer; autoplay; encrypted-media; gyroscope; picture-in-picture\" allowfullscreen><\/iframe>\n<\/div><\/figure>\n\n\n\n<p>Ce qui est expliqu\u00e9 ici rel\u00e8ve de la programmation neuro-linguistique (PNL).<\/p>\n\n\n\n\n\n<h3 class=\"wp-block-heading\"><span style=\"color: #000000;\">Le N\u00e9erlandais Wim Hof - alias L'homme de glace<\/span><\/h3>\n\n\n\n<p>Gr\u00e2ce \u00e0 l'utilisation efficace de son propre cerveau, Wim Hof peut faire des choses impossibles pour d'autres personnes.<\/p>\n\n\n\n<p><iframe loading=\"lazy\" src=\"\/\/www.youtube.com\/embed\/XUQwFZ_xFdM\" width=\"516\" height=\"294\" frameborder=\"0\"><\/iframe><\/p>\n\n\n\n<p><\/p>\n\n\n\n\n\n<h3 class=\"wp-block-heading\"><span style=\"color: #000000;\">Interview vid\u00e9o de Joe Dispenza sur la neuroplasticit\u00e9<\/span><\/h3>\n\n\n\n<p><span style=\"color: #000000;\"><br><\/span>Dans l'interview vid\u00e9o ci-dessous, Joe Dispenza, connu du film, explique <strong>Que diable savons-nous ?<\/strong>de la fa\u00e7on dont nous sommes capables de \"rebrancher\" notre cerveau (PNL, programmation neuro-linguistique), en adoptant de nouvelles croyances et id\u00e9es. Avec votre propre force int\u00e9rieure, vous avez une incroyable capacit\u00e9 \u00e0 changer et \u00e0 vous gu\u00e9rir, ce qui vous rend beaucoup plus \u00e0 l'aise. C'est plus facile et peut \u00eatre fait plus rapidement que vous ne le pensez. J'en dirai plus \u00e0 ce sujet en haut de la page.<\/p>\n\n\n\n<p class=\"has-text-align-left\"><iframe loading=\"lazy\" src=\"\/\/www.youtube.com\/embed\/QE8yP5PPdHU?rel=0\" width=\"510\" height=\"510\" frameborder=\"0\"><\/iframe><\/p>\n\n\n\n<p class=\"has-text-align-left\"><span style=\"color: #ffffff;\">&nbsp;<\/span><\/p>\n\n\n\n<h2 class=\"wp-block-heading\"><span style=\"color: #000000;\">De quoi notre cerveau est-il capable en raison de la neuroplasticit\u00e9 ?<\/span><\/h2>\n\n\n\n<p>Vous trouverez ci-dessous trois vid\u00e9os qui montrent ce dont notre cerveau est capable.<\/p>\n\n\n\n<h3 class=\"wp-block-heading\"><span style=\"color: #000000;\">Neuroplasticit\u00e9 et \u00e9motions<\/span><\/h3>\n\n\n\n<p><iframe loading=\"lazy\" src=\"\/\/www.youtube.com\/embed\/ky-HPB6UNi4?rel=0\" width=\"507\" height=\"380\" frameborder=\"0\"><\/iframe><\/p>\n\n\n\n<h3 class=\"wp-block-heading\"><span style=\"color: #000000;\">Neuroplasticit\u00e9<\/span><\/h3>\n\n\n\n<p><iframe loading=\"lazy\" src=\"\/\/www.youtube.com\/embed\/iAzmyB9PFt4?rel=0&amp;hd=1\" width=\"509\" height=\"289\" frameborder=\"0\"><\/iframe><\/p>\n\n\n\n<h3 class=\"wp-block-heading\"><span style=\"color: #000000;\">Le ph\u00e9nom\u00e8ne de la neuroplasticit\u00e9<\/span><\/h3>\n\n\n\n<p>Voyez ci-dessous la vid\u00e9o tr\u00e8s inspirante d'une jeune fille \u00e0 qui on a retir\u00e9 la moiti\u00e9 du cerveau. L'autre c\u00f4t\u00e9 du cerveau a repris la neurologie perdue pour qu'elle puisse tout faire comme une autre personne.<\/p>\n\n\n\n<h2 class=\"wp-block-heading\"><iframe loading=\"lazy\" src=\"\/\/www.youtube.com\/embed\/rDTiZpPyqRk?rel=0\" width=\"511\" height=\"384\" frameborder=\"0\"><\/iframe><\/h2>\n\n\n\n\n\n<h2 class=\"wp-block-heading\"><span style=\"color: #000000;\">Will Smith<\/span><\/h2>\n\n\n\n<p>Dans la vid\u00e9o ci-dessous, Will Smith, qui a lui-m\u00eame re\u00e7u un diagnostic de TDAH, parle d'une interview inspirante pour tout le monde, que vous soyez ou non atteint d'un TDAH ou d'un <strong><a title=\"Personne hautement sensible (HSP)\" href=\"https:\/\/www.addkenmerken.net\/fr\/personne-tres-sensible-hsp\/\">personne tr\u00e8s sensible<\/a><\/strong> sont.<\/p>\n\n\n\n<p>Will Smith parle de la puissance de nos pens\u00e9es et de notre langage et de l'importance de leur influence sur notre bien-\u00eatre mental et physique ! Vous pouvez en savoir plus \u00e0 ce sujet sur la page \".<strong><a title=\"Possibilit\u00e9s dues \u00e0 la neuroplasticit\u00e9\" href=\"https:\/\/www.addkenmerken.net\/fr\/neuroplasticite-et-pensees\/\" target=\"_blank\" rel=\"noopener\">Neuroplasticit\u00e9<\/a><\/strong>&#8220;.<\/p>\n\n\n\n<p>Ce sont les sch\u00e9mas que vous avez inconsciemment cr\u00e9\u00e9s dans votre cerveau au cours de votre vie. Ces sch\u00e9mas inutiles peuvent assez facilement se d\u00e9velopper n\u00e9gativement chez les personnes tr\u00e8s sensibles (HSP) et les personnes atteintes d'un TDA ou d'un TDAH c\u00e9r\u00e9bral. C'est parce que nous sommes si peu nombreux et que nous sommes donc rapidement perdants. De plus, nous avons peut-\u00eatre re\u00e7u beaucoup de critiques et nous nous sommes souvent sentis d\u00e9viants de la \"normale\".<\/p>\n\n\n\n<p>C'est dommage parce que vous \u00eates capable de tant de choses. Il s'agit de vous laisser souffrir par une neurologie positive, qui vous permet de d\u00e9velopper votre TDA, TDAH et HSP comme une force. Vous avez le choix. Choisissez de reprendre votre force entre vos mains.<\/p>\n\n\n\n<p>Tout ce qui est d\u00e9crit ci-dessus a trait \u00e0 la neuroplasticit\u00e9. Il est tr\u00e8s int\u00e9ressant de lire plus d'informations \u00e0 ce sujet.<\/p>\n\n\n\n<p><\/p>\n\n\n\n<h4 class=\"wp-block-heading\"><span style=\"color: #000000;\">Will Smith - Vos mots et vos pens\u00e9es ont un pouvoir physique<\/span><\/h4>\n\n\n\n<p><iframe loading=\"lazy\" src=\"\/\/www.youtube.com\/embed\/pfWGoLj1JCM?rel=0\" width=\"588\" height=\"441\" frameborder=\"0\"><\/iframe><\/p>\n\n\n\n\n\n<h2 class=\"wp-block-heading\"><span style=\"color: #000000;\">Vid\u00e9os inspirantes de Jim Carry<\/span><\/h2>\n\n\n\n<h4 class=\"wp-block-heading\" id=\"watch-headline-title\"><span style=\"color: #000000;\">Jim Carrey sur le pouvoir de l'intention<\/span><\/h4>\n\n\n\n<p><iframe loading=\"lazy\" src=\"\/\/www.youtube.com\/embed\/8qSTHPABoHc?rel=0\" width=\"588\" height=\"332\" frameborder=\"0\"><\/iframe><\/p>\n\n\n\n<h4 class=\"wp-block-heading\" id=\"watch-headline-title\"><span style=\"color: #000000;\">Jim Carrey dans \"Awakening\" (en anglais)<\/span><\/h4>\n\n\n\n<p><iframe loading=\"lazy\" src=\"\/\/www.youtube.com\/embed\/uIaY0l5qV0c?rel=0\" width=\"591\" height=\"336\" frameborder=\"0\"><\/p>\n\n\n\n\n\n<h2 class=\"wp-block-heading\"><span style=\"color: #000000;\">La matrice vivante<\/span><\/h2>\n\n\n\n<p>Vous trouverez ci-dessous la bande-annonce du film : \"The living Matrix\", ce film ne traite pas sp\u00e9cifiquement du TDA, du TDAH ou du HSP. Il traite de la fa\u00e7on dont vos pens\u00e9es d\u00e9terminent ce que vous vivez et comment vous voyez le monde. il est important de r\u00e9aliser que lorsque vous pensez que votre TDA, TDAH, HSP est un trouble ou un handicap, cela devient \u00e9galement une r\u00e9alit\u00e9. cela fonctionne avec tout, nos pens\u00e9es ont un \u00e9norme impact sur nous ! ce que vous pensez devient une v\u00e9rit\u00e9. pensez simplement \u00e0 ce dont Will Smith et Jim Carrey parlent dans les films ci-dessus.<\/p>\n\n\n\n<p>Lorsque tu r\u00e9aliseras que le TDA, le TDAH, le PIH est ta force, tu remarqueras que tout d'un coup des choses tr\u00e8s diff\u00e9rentes vont se produire. Tu pourras alors augmenter ta v\u00e9ritable force. Tes sympt\u00f4mes dispara\u00eetront plus t\u00f4t que tu ne les abordes comme n\u00e9gatifs. Tes qualit\u00e9s deviendront des qualit\u00e9s puissantes qui inspireront les autres.<\/p>\n\n\n\n<p>Jetez un coup d'oeil \u00e0 la bande annonce ci-dessous :<\/p>\n\n\n\n<h4 class=\"wp-block-heading\"><span style=\"color: #000000;\">Bande-annonce du film - La matrice vivante<\/span><\/h4>\n\n\n\n<p><iframe loading=\"lazy\" src=\"\/\/www.youtube.com\/embed\/xi9M5W2kA94?rel=0&amp;hd=1\" width=\"593\" height=\"342\" frameborder=\"0\"><\/iframe><\/p>\n\n\n\n<p>Sous la rubrique \"vid\u00e9os d'inspiration ADD, ADHD, HSP\", vous trouverez de nombreuses autres vid\u00e9os tr\u00e8s int\u00e9ressantes sur les avantages et les c\u00f4t\u00e9s positifs de l'ADD, de l'ADHD et du HSP, cliquez sur le lien ci-dessous :<\/p>\n\n\n\n<p><strong><a title=\"Vid\u00e9os inspirantes ADD, ADHD, HSP\" href=\"https:\/\/www.addkenmerken.net\/fr\/add-adhd\/videos-inspirantes-ajouter-adhd\/\">&gt; Des films avec un regard positif sur le TDA, le TDAH et le HSP !<\/a><\/strong><\/p>","protected":false},"excerpt":{"rendered":"<p>Le pouvoir de notre cerveau Regardez les vid\u00e9os ci-dessous sur le pouvoir de notre cerveau. Ce sont des vid\u00e9os tr\u00e8s inspirantes sur le pouvoir de notre...<\/p>","protected":false},"author":1,"featured_media":3926,"comment_status":"open","ping_status":"closed","sticky":false,"template":"","format":"standard","meta":{"_kad_post_transparent":"default","_kad_post_title":"default","_kad_post_layout":"default","_kad_post_sidebar_id":"","_kad_post_content_style":"default","_kad_post_vertical_padding":"default","_kad_post_feature":"","_kad_post_feature_position":"","_kad_post_header":false,"_kad_post_footer":false,"_kad_post_classname":"","footnotes":""},"categories":[381,562,545,1143,94],"tags":[23,548,211,502,496,495,135,501],"class_list":["post-3814","post","type-post","status-publish","format-standard","has-post-thumbnail","hentry","category-kracht-van-gedachten","category-het-brein","category-inspiratie","category-inspirerende-filmpjes","category-neuroplasticiteit","tag-brein","tag-bruce-lipton","tag-gedachten","tag-ice-man","tag-neuro-linguistisch-programmeren","tag-nlp","tag-overtuigingen","tag-wim-hof"],"_links":{"self":[{"href":"https:\/\/www.addkenmerken.net\/fr\/wp-json\/wp\/v2\/posts\/3814","targetHints":{"allow":["GET"]}}],"collection":[{"href":"https:\/\/www.addkenmerken.net\/fr\/wp-json\/wp\/v2\/posts"}],"about":[{"href":"https:\/\/www.addkenmerken.net\/fr\/wp-json\/wp\/v2\/types\/post"}],"author":[{"embeddable":true,"href":"https:\/\/www.addkenmerken.net\/fr\/wp-json\/wp\/v2\/users\/1"}],"replies":[{"embeddable":true,"href":"https:\/\/www.addkenmerken.net\/fr\/wp-json\/wp\/v2\/comments?post=3814"}],"version-history":[{"count":0,"href":"https:\/\/www.addkenmerken.net\/fr\/wp-json\/wp\/v2\/posts\/3814\/revisions"}],"wp:featuredmedia":[{"embeddable":true,"href":"https:\/\/www.addkenmerken.net\/fr\/wp-json\/wp\/v2\/media\/3926"}],"wp:attachment":[{"href":"https:\/\/www.addkenmerken.net\/fr\/wp-json\/wp\/v2\/media?parent=3814"}],"wp:term":[{"taxonomy":"category","embeddable":true,"href":"https:\/\/www.addkenmerken.net\/fr\/wp-json\/wp\/v2\/categories?post=3814"},{"taxonomy":"post_tag","embeddable":true,"href":"https:\/\/www.addkenmerken.net\/fr\/wp-json\/wp\/v2\/tags?post=3814"}],"curies":[{"name":"wp","href":"https:\/\/api.w.org\/{rel}","templated":true}]}}