{"id":451,"date":"2011-11-30T14:55:35","date_gmt":"2011-11-30T14:55:35","guid":{"rendered":"http:\/\/addkenmerken.net\/?p=451"},"modified":"2022-12-07T11:43:57","modified_gmt":"2022-12-07T10:43:57","slug":"laigle-mal-place","status":"publish","type":"post","link":"https:\/\/www.addkenmerken.net\/fr\/the-misplaced-eagle\/","title":{"rendered":"The misplaced Eagle (anglais)"},"content":{"rendered":"<aside class=\"mashsb-container mashsb-main mashsb-stretched\"><div class=\"mashsb-box\"><div class=\"mashsb-count mash-large\" style=\"float:left\"><div class=\"counts mashsbcount\">58<\/div><span class=\"mashsb-sharetext\">temps partag\u00e9<\/span><\/div><div class=\"mashsb-buttons\"><a class=\"mashicon-facebook mash-large mash-center mashsb-noshadow\" href=\"https:\/\/www.facebook.com\/sharer.php?u=https%3A%2F%2Fwww.addkenmerken.net%2Ffr%2Fthe-misplaced-eagle%2F%3Futm_source%3Dsharebuttons%26utm_medium%3Dfacebook%26utm_campaign%3Dmashshare\" target=\"_top\" rel=\"nofollow\"><span class=\"icon\"><\/span><span class=\"text\">Partager<\/span><\/a><a class=\"mashicon-twitter mash-large mash-center mashsb-noshadow\" href=\"https:\/\/twitter.com\/intent\/tweet?text=&amp;url=https:\/\/www.addkenmerken.net\/fr\/?p=451&amp;via=krachtvanADHD\" target=\"_top\" rel=\"nofollow\"><span class=\"icon\"><\/span><span class=\"text\">Tweet<\/span><\/a><div class=\"onoffswitch2 mash-large mashsb-noshadow\" style=\"display:none\"><\/div><\/div>\n            <\/div>\n                <div style=\"clear:both\"><\/div><\/aside>\n            <!-- Share buttons by mashshare.net - Version: 4.0.47--><h2>L'histoire inspirante \"L'aigle mal plac\u00e9\" tir\u00e9e du livre de John Loporto \"La m\u00e9thode Davinci\".<\/h2>\n<p>La traduction n\u00e9erlandaise est la suivante <strong><a title=\"John Loporto - La m\u00e9thode Davinci\" href=\"https:\/\/www.addkenmerken.net\/fr\/methodologie-john-loporto-davinci\/\">ici<\/a><\/strong>&nbsp;\u00e0 trouver.<\/p>\n<p>&nbsp;<\/p>\n<h2><span style=\"color: #000000;\"><strong>L'aigle mal plac\u00e9<\/strong><\/span><\/h2>\n<p>...Il \u00e9tait une fois un \u0153uf d'aigle trouv\u00e9 par un fermier et pris pour un \u0153uf de poule. L'\u0153uf \u00e9tait plac\u00e9 avec les autres \u0153ufs dans l'incubateur du poulailler...<\/p>\n<p>...Quelques semaines plus tard, l'\u0153uf a \u00e9clos. Le b\u00e9b\u00e9 aigle a \u00e9t\u00e9 \u00e9lev\u00e9 comme une poule avec les autres poussins. Avec ses camarades poulets, on lui a appris \u00e0 picorer et \u00e0 gratter. On l'a fait courir sur le sol comme les autres poulets. Il a \u00e9t\u00e9 s\u00e9v\u00e8rement mis en garde contre le vol, car les poulets ne volent pas vraiment, ils volent et tombent...<\/p>\n<p><img loading=\"lazy\" decoding=\"async\" class=\"alignleft wp-image-263 size-full\" title=\"voler avec l&#039;aigle ou gratter avec les poulets\" src=\"https:\/\/www.addkenmerken.net\/wp-content\/uploads\/2011\/11\/fly-with-the-eagle-or-scratch-with-the-chickens.jpg\" alt=\",\" width=\"320\" height=\"240\" srcset=\"https:\/\/www.addkenmerken.net\/wp-content\/uploads\/2011\/11\/fly-with-the-eagle-or-scratch-with-the-chickens.jpg 320w, https:\/\/www.addkenmerken.net\/wp-content\/uploads\/2011\/11\/fly-with-the-eagle-or-scratch-with-the-chickens-300x225.jpg 300w\" sizes=\"auto, (max-width: 320px) 100vw, 320px\">...Cet aigle a fait un mis\u00e9rable poulet. Il n'a pas bien picor\u00e9. Il d\u00e9testait courir parce qu'il se sentait toujours maladroit et qu'il tombait. Il \u00e9tait constamment affam\u00e9 et irritable, car la nourriture des poulets ne semblait pas pouvoir le satisfaire. Les autres poulets l'ont trouv\u00e9 perturbateur et bizarre...<\/p>\n<p>...Apr\u00e8s des ann\u00e9es de lutte pour \u00eatre un poulet normal, l'estime de soi de ce pauvre aigle \u00e9tait assez basse. Il se d\u00e9testait. \"Pourquoi suis-je si grand, si g\u00eanant et si diff\u00e9rent ?\" il se demandait souvent : \"Pourquoi ne puis-je pas \u00eatre heureux comme tous les autres poulets ici ?\"...<\/p>\n<p>... \"Est-ce tout ce qu'il y a \u00e0 la vie ?\" s'exclama-t-il, \"O\u00f9 est le frisson ? O\u00f9 est le flux ?\"...<\/p>\n<p>...Il a commenc\u00e9 \u00e0 faire de plus en plus de choses perturbatrices juste pour avoir un peu d'excitation. Il \u00e9tait affam\u00e9 d'action et d'aventure - il avait d\u00e9sesp\u00e9r\u00e9ment envie dans son coeur de ce sentiment d'envol - seulement il ne savait m\u00eame pas ce que c'\u00e9tait - alors il a essay\u00e9 de compenser en faisant ses propres frissons autour du poulailler, provoquant drame et troubles. D'autres poulets l'ont qualifi\u00e9 d'\u00e9go\u00efste, de d\u00e9sordonn\u00e9 et de fauteur de troubles. Le pauvre aigle a pris tout cela \u00e0 coeur, les a crus et est devenu d\u00e9pressif...<\/p>\n<p><img loading=\"lazy\" decoding=\"async\" class=\"alignright wp-image-267\" title=\"soaring_eagle_golden-sky\" src=\"\/\/addkenmerken.net\/wp-content\/uploads\/2011\/11\/soaring_eagle_golden-sky-300x298.jpg\" alt=\",\" width=\"228\" height=\"228\" srcset=\"https:\/\/www.addkenmerken.net\/wp-content\/uploads\/2011\/11\/soaring_eagle_golden-sky-150x150.jpg 150w, https:\/\/www.addkenmerken.net\/wp-content\/uploads\/2011\/11\/soaring_eagle_golden-sky-225x225.jpg 225w, https:\/\/www.addkenmerken.net\/wp-content\/uploads\/2011\/11\/soaring_eagle_golden-sky-300x300.jpg 300w, https:\/\/www.addkenmerken.net\/wp-content\/uploads\/2011\/11\/soaring_eagle_golden-sky.jpg 892w\" sizes=\"auto, (max-width: 228px) 100vw, 228px\">...Un jour, au-dessus de ses t\u00eates, le jeune aigle a vu un autre aigle s'envoler dans le ciel. Cela lui a coup\u00e9 le souffle. Pendant un moment, il a ressenti un \u00e9lan de reconnaissance. Il a senti quelque chose en lui s'agiter. Il se sentait plus vivant qu'il ne l'avait jamais \u00e9t\u00e9 auparavant...<\/p>\n<p>...Dans son excitation, il a racont\u00e9 \u00e0 sa famille de poulets ce qu'il avait vu et comment il voulait voler comme \u00e7a aussi. Ils se sont moqu\u00e9s de lui. \"Vous \u00eates fou ?!\" \"Vous r\u00eavez.\" \"Soyez r\u00e9aliste. Les poulets ne volent pas\". \"Vous \u00eates totalement impraticable.\" \"Vous ne pouvez m\u00eame pas glousser et gratter - et maintenant vous pensez que vous pourrez voler un jour !?\", ont r\u00e9pliqu\u00e9 les poulets. \"Quand vas-tu grandir et rejoindre la hi\u00e9rarchie de ce poulailler ? Pourquoi ne pouvez-vous pas \u00eatre plus comme vos pairs ? Qu'est-ce qui ne va pas chez vous ? !\"...<\/p>\n<p>...Le jeune aigle \u00e9tait honteux et d\u00e9courag\u00e9. Il se sentait d\u00e9sesp\u00e9r\u00e9 et seul quand il s'est endormi la nuit...<\/p>\n<p>...Quelques jours plus tard, \u00e0 sa grande joie, il aper\u00e7ut l'oiseau en plein vol et cette fois-ci, il poussa le cri d'un aigle. Au moment o\u00f9 le jeune aigle \u00e9lev\u00e9 par les poulets a entendu ce cri, quelque chose d'inattendu s'est produit. Son corps s'agite de fa\u00e7on incontr\u00f4lable - tout son \u00eatre r\u00e9pond automatiquement au cri majestueux de cet aigle par un cri d'aigle puissant. Il a \u00e9t\u00e9 \u00e9tonn\u00e9. \"Qu'est-ce qui vient de se passer ? ... Ce son glorieux vient-il de moi ? Les poulets ne font pas ce bruit ! Seuls les aigles font... Attendez... Seuls les aigles font !\"... <img loading=\"lazy\" decoding=\"async\" class=\"alignleft wp-image-331 size-medium\" title=\"Aigle volant\" src=\"https:\/\/www.addkenmerken.net\/wp-content\/uploads\/2011\/11\/Flying-Eagle-300x225.jpg\" alt=\",\" width=\"300\" height=\"225\" srcset=\"https:\/\/www.addkenmerken.net\/wp-content\/uploads\/2011\/11\/Flying-Eagle-300x225.jpg 300w, https:\/\/www.addkenmerken.net\/wp-content\/uploads\/2011\/11\/Flying-Eagle-1024x768.jpg 1024w, https:\/\/www.addkenmerken.net\/wp-content\/uploads\/2011\/11\/Flying-Eagle.jpg 1440w\" sizes=\"auto, (max-width: 300px) 100vw, 300px\"><\/p>\n<p>...Le jeune aigle, enfin conscient de ce qu'il \u00e9tait vraiment, a pour la premi\u00e8re fois d\u00e9ploy\u00e9 ses ailes et s'est envol\u00e9. Avant qu'il ne s'en rende compte, il s'est envol\u00e9. Il n'\u00e9tait plus emprisonn\u00e9 par le poulailler, car il n'\u00e9tait plus emprisonn\u00e9 par l'id\u00e9e qu'il devait \u00eatre un poulet. Rien ne pouvait plus le contenir...<\/p>\n<p>...Un poulailler ne peut qu'h\u00e9berger des poulets ; il ne peut pas emp\u00eacher un aigle de s'envoler - surtout lorsqu'il entend son appel...<\/p>\n<p><strong>Vous pouvez en savoir plus sur le livre super inspirant de John Loporto, dont l'histoire ci-dessus est tir\u00e9e, en cliquant sur le lien ci-dessous :<\/strong><\/p>\n<p><strong><a title=\"John Loporto - La m\u00e9thode Davinci\" href=\"https:\/\/www.addkenmerken.net\/fr\/methodologie-john-loporto-davinci\/\">&gt; La \"m\u00e9thode Davinci\" de John Loporto - Une r\u00e9v\u00e9lation pour les personnes souffrant de TDA et de TDAH !<\/a><\/strong><\/p>","protected":false},"excerpt":{"rendered":"<p>Histoire inspirante \"L'aigle \u00e9gar\u00e9\" tir\u00e9e du livre de John Loporto \"La m\u00e9thode Davinci\" La traduction n\u00e9erlandaise se trouve ici.   L'aigle \u00e9gar\u00e9 ...Il \u00e9tait une fois...<\/p>","protected":false},"author":1,"featured_media":263,"comment_status":"open","ping_status":"closed","sticky":false,"template":"","format":"standard","meta":{"_kad_post_transparent":"default","_kad_post_title":"default","_kad_post_layout":"default","_kad_post_sidebar_id":"","_kad_post_content_style":"default","_kad_post_vertical_padding":"default","_kad_post_feature":"","_kad_post_feature_position":"","_kad_post_header":false,"_kad_post_footer":false,"_kad_post_classname":"","footnotes":""},"categories":[544,545],"tags":[5,1045,6,1065,277,1446,1006,1005,145,279],"class_list":["post-451","post","type-post","status-publish","format-standard","has-post-thumbnail","hentry","category-john-loporto","category-inspiratie","tag-add","tag-adelaar","tag-adhd","tag-john-loporto","tag-self-esteem","tag-the-davinci-method","tag-the-misplaced-eagle","tag-the-wayseers","tag-thrills","tag-troublemaker"],"_links":{"self":[{"href":"https:\/\/www.addkenmerken.net\/fr\/wp-json\/wp\/v2\/posts\/451","targetHints":{"allow":["GET"]}}],"collection":[{"href":"https:\/\/www.addkenmerken.net\/fr\/wp-json\/wp\/v2\/posts"}],"about":[{"href":"https:\/\/www.addkenmerken.net\/fr\/wp-json\/wp\/v2\/types\/post"}],"author":[{"embeddable":true,"href":"https:\/\/www.addkenmerken.net\/fr\/wp-json\/wp\/v2\/users\/1"}],"replies":[{"embeddable":true,"href":"https:\/\/www.addkenmerken.net\/fr\/wp-json\/wp\/v2\/comments?post=451"}],"version-history":[{"count":1,"href":"https:\/\/www.addkenmerken.net\/fr\/wp-json\/wp\/v2\/posts\/451\/revisions"}],"predecessor-version":[{"id":20002,"href":"https:\/\/www.addkenmerken.net\/fr\/wp-json\/wp\/v2\/posts\/451\/revisions\/20002"}],"wp:featuredmedia":[{"embeddable":true,"href":"https:\/\/www.addkenmerken.net\/fr\/wp-json\/wp\/v2\/media\/263"}],"wp:attachment":[{"href":"https:\/\/www.addkenmerken.net\/fr\/wp-json\/wp\/v2\/media?parent=451"}],"wp:term":[{"taxonomy":"category","embeddable":true,"href":"https:\/\/www.addkenmerken.net\/fr\/wp-json\/wp\/v2\/categories?post=451"},{"taxonomy":"post_tag","embeddable":true,"href":"https:\/\/www.addkenmerken.net\/fr\/wp-json\/wp\/v2\/tags?post=451"}],"curies":[{"name":"wp","href":"https:\/\/api.w.org\/{rel}","templated":true}]}}