{"id":55,"date":"2011-11-22T11:50:11","date_gmt":"2011-11-22T10:50:11","guid":{"rendered":"http:\/\/addkenmerken.net\/?p=55"},"modified":"2019-10-02T22:59:09","modified_gmt":"2019-10-02T20:59:09","slug":"histoire-de-ladhd-et-de-ladd","status":"publish","type":"post","link":"https:\/\/www.addkenmerken.net\/fr\/geschiedenis-adhd-en-add\/","title":{"rendered":"Le d\u00e9veloppement du label ADD et ADHD"},"content":{"rendered":"<aside class=\"mashsb-container mashsb-main mashsb-stretched\"><div class=\"mashsb-box\"><div class=\"mashsb-count mash-large\" style=\"float:left\"><div class=\"counts mashsbcount\">56<\/div><span class=\"mashsb-sharetext\">temps partag\u00e9<\/span><\/div><div class=\"mashsb-buttons\"><a class=\"mashicon-facebook mash-large mash-center mashsb-noshadow\" href=\"https:\/\/www.facebook.com\/sharer.php?u=https%3A%2F%2Fwww.addkenmerken.net%2Ffr%2Fgeschiedenis-adhd-en-add%2F%3Futm_source%3Dsharebuttons%26utm_medium%3Dfacebook%26utm_campaign%3Dmashshare\" target=\"_top\" rel=\"nofollow\"><span class=\"icon\"><\/span><span class=\"text\">Partager<\/span><\/a><a class=\"mashicon-twitter mash-large mash-center mashsb-noshadow\" href=\"https:\/\/twitter.com\/intent\/tweet?text=&amp;url=https:\/\/www.addkenmerken.net\/fr\/?p=55&amp;via=krachtvanADHD\" target=\"_top\" rel=\"nofollow\"><span class=\"icon\"><\/span><span class=\"text\">Tweet<\/span><\/a><div class=\"onoffswitch2 mash-large mashsb-noshadow\" style=\"display:none\"><\/div><\/div>\n            <\/div>\n                <div style=\"clear:both\"><\/div><\/aside>\n            <!-- Share buttons by mashshare.net - Version: 4.0.47--><h2><span style=\"color: #000000;\">Histoire de la d\u00e9couverte TDAH \/ ADD<\/span><\/h2>\n<p>La reconnaissance du TDAH est intervenue dans les ann\u00e9es 1930. Le docteur Charles Bradley (1902 - 1979) a alors travaill\u00e9 dans une institution pour enfants difficiles \u00e0 traiter ayant des probl\u00e8mes de comportement. On a toujours pens\u00e9 que ce groupe d'enfants devait \u00eatre trait\u00e9 avec s\u00e9v\u00e9rit\u00e9. Des punitions s\u00e9v\u00e8res et s\u00e9v\u00e8res \u00e9taient appliqu\u00e9es jusqu'alors. On ne pensait pas \u00e0 un cerveau fonctionnant peut-\u00eatre diff\u00e9remment.<\/p>\n<p>&nbsp;<\/p>\n<h3><span style=\"color: #000000;\">Les ann\u00e9es 1930, la d\u00e9couverte de Charles Bradley<\/span><\/h3>\n<figure id=\"attachment_13404\" aria-describedby=\"caption-attachment-13404\" style=\"width: 146px\" class=\"wp-caption alignright\"><img loading=\"lazy\" decoding=\"async\" class=\"wp-image-13404\" src=\"https:\/\/www.addkenmerken.net\/wp-content\/uploads\/2011\/11\/Charles_bradley_engraving-1.jpg\" alt=\"Charles Bradley TDAH TDAH\" width=\"146\" height=\"153\" title=\"\"><figcaption id=\"caption-attachment-13404\" class=\"wp-caption-text\">Charles Bradley<\/figcaption><\/figure>\n<p>Charles Bradley pensait que les stimulants pouvaient avoir un effet calmant sur les enfants ayant une pression inappropri\u00e9e ou un comportement inattentif. Le nom de TDAH (trouble d\u00e9ficitaire de l'attention avec hyperactivit\u00e9) n'\u00e9tait pas utilis\u00e9 \u00e0 l'\u00e9poque. Bradley a longtemps \u00e9t\u00e9 d\u00e9clar\u00e9 fou parce que d'autres m\u00e9decins pensaient que cela ne ferait qu'aggraver le probl\u00e8me. Ils pensaient que cela rendrait les enfants encore plus occup\u00e9s.<\/p>\n<p>Bradley pensait diff\u00e9remment, il donnait aux gros qui voulaient perdre du poids, \u00e0 savoir des stimulants avant, et il s'est av\u00e9r\u00e9 par hasard que les enfants gros au comportement occup\u00e9 inappropri\u00e9 calmaient leur comportement occup\u00e9.<\/p>\n<p>Lorsque Bradley a finalement commenc\u00e9 \u00e0 exp\u00e9rimenter des stimulants dans son groupe d'enfants au comportement occup\u00e9, le r\u00e9sultat a \u00e9t\u00e9 \u00e0 la hauteur de ses attentes. Les enfants se sont calm\u00e9s et se sont r\u00e9v\u00e9l\u00e9s beaucoup moins chaotiques. Ils ont \u00e9galement pu maintenir leur attention sur les t\u00e2ches plus longtemps et leur concentration s'est am\u00e9lior\u00e9e.<\/p>\n<p>C'\u00e9tait une tr\u00e8s belle d\u00e9couverte \u00e0 l'\u00e9poque, mais il a fallu beaucoup de temps avant que le comportement ne soit r\u00e9ellement reconnu de mani\u00e8re \u00e0 pouvoir obtenir un label.<\/p>\n<p>&nbsp;<\/p>\n<h3><span style=\"color: #000000;\">Les ann\u00e9es 40 \/ 50, Recherche sur le TDAH<\/span><\/h3>\n<p>Progressivement, de plus en plus d'enqu\u00eates ont \u00e9t\u00e9 ouvertes sur la <a href=\"https:\/\/www.addkenmerken.net\/fr\/cerveau-normal-vs-cerveau-add-adhd\/\" target=\"_blank\" rel=\"noopener \">un fonctionnement diff\u00e9rent du cerveau<\/a>Il est devenu de plus en plus connu et un probl\u00e8me a \u00e9t\u00e9 reconnu qui a \u00e9t\u00e9 plus tard appel\u00e9 TDAH. En fait, vous mettez les gens dans un pigeonnier pour clarifier ce qui se passe. Cela ne signifie pas que nous pouvons r\u00e9ellement parler d'un trouble biologique du cerveau ou d'un dysfonctionnement.<\/p>\n<p>&nbsp;<\/p>\n<h3><span style=\"color: #000000;\">Les ann\u00e9es 1960, La d\u00e9couverte du TDA aux c\u00f4t\u00e9s du TDAH<\/span><\/h3>\n<p><a href=\"https:\/\/www.addkenmerken.net\/wp-content\/uploads\/2011\/11\/ADD.jpg\" rel=\"nofollow\"><img loading=\"lazy\" decoding=\"async\" class=\"wp-image-90 alignright\" title=\"AJOUTER\" src=\"https:\/\/www.addkenmerken.net\/wp-content\/uploads\/2011\/11\/ADD.jpg\" alt=\"AJOUTER\" width=\"250\" height=\"337\" srcset=\"https:\/\/www.addkenmerken.net\/wp-content\/uploads\/2011\/11\/ADD.jpg 357w, https:\/\/www.addkenmerken.net\/wp-content\/uploads\/2011\/11\/ADD-222x300.jpg 222w\" sizes=\"auto, (max-width: 250px) 100vw, 250px\"><\/a>Depuis le d\u00e9but des \u00e9tudes, un type diff\u00e9rent de TDAH a \u00e9t\u00e9 progressivement d\u00e9couvert. Il semble que le cerveau de certaines personnes fonctionne de la m\u00eame mani\u00e8re que dans le cas du TDAH (trouble d\u00e9ficitaire de l'attention avec hyperactivit\u00e9). La seule diff\u00e9rence est qu'il n'y a pas d'hyperactivit\u00e9 chez ces personnes. Ces personnes semblent souffrir principalement de probl\u00e8mes de d\u00e9ficit de l'attention et de concentration, et ce sont donc <a href=\"https:\/\/www.addkenmerken.net\/fr\/ajouter-des-symptomes\/\" target=\"_blank\" rel=\"noopener \">Sympt\u00f4mes de l'ADD<\/a> ADD signifie Attention Deficit Disorder (Trouble de d\u00e9ficit de l'attention). Tout comme pour le TDAH, ils souffraient \u00e9galement de sur-stimulation, d'oubli et de difficult\u00e9 \u00e0 traiter trop d'informations. Dans la forme TDAH, l'impulsivit\u00e9 et surtout l'hyperactivit\u00e9 ont \u00e9galement \u00e9t\u00e9 constat\u00e9es \u00e0 un degr\u00e9 plus extr\u00eame.<\/p>\n<p>&nbsp;<\/p>\n<h3><span style=\"color: #000000;\">Les ann\u00e9es 70, le TDAH et le TDA ne semblent pas dispara\u00eetre \u00e0 l'\u00e2ge adulte<\/span><\/h3>\n<p><strong><img loading=\"lazy\" decoding=\"async\" class=\"alignright wp-image-13401\" title=\"AD(H)D chez les adultes\" src=\"https:\/\/www.addkenmerken.net\/wp-content\/uploads\/2011\/11\/add-adhd-bij-volwassenen-1.jpg\" alt=\"ajouter l&#039;adhd chez les adultes\" width=\"189\" height=\"285\" srcset=\"https:\/\/www.addkenmerken.net\/wp-content\/uploads\/2011\/11\/add-adhd-bij-volwassenen-1.jpg 425w, https:\/\/www.addkenmerken.net\/wp-content\/uploads\/2011\/11\/add-adhd-bij-volwassenen-1-199x300.jpg 199w\" sizes=\"auto, (max-width: 189px) 100vw, 189px\"><\/strong>Dans les ann\u00e9es 1970, il a \u00e9t\u00e9 conclu que le TDAH ne passe pas \u00e0 l'\u00e2ge adulte dans la plupart des cas. Le TDAH chez les adultes et <span style=\"text-decoration: underline;\">AJOUTER<\/span> \u00e0 l'\u00e2ge adulte ont eu lieu. Les personnes ayant le <a title=\"Diagnostic du TDAH\" href=\"https:\/\/www.addkenmerken.net\/fr\/attention-au-diagnostic-dadhd\/\" target=\"_blank\" rel=\"noopener \">Diagnostic du TDAH<\/a> ont continu\u00e9 \u00e0 pr\u00e9senter des sympt\u00f4mes plus tard dans la vie. Les adultes atteints de TDAH ou de TDA font souvent beaucoup pour s'adapter, ce qui a un effet n\u00e9gatif plut\u00f4t que positif. Cela entra\u00eene souvent des probl\u00e8mes suppl\u00e9mentaires \u00e0 long terme.\u00a0<a href=\"https:\/\/www.addkenmerken.net\/fr\/problemes-de-sante-mentale-add-add-add-add\/\" target=\"_blank\" rel=\"noopener \">les probl\u00e8mes psychologiques secondaires<\/a>.<\/p>\n<p>Des recherches ont montr\u00e9 que 70% des personnes diagnostiqu\u00e9es \u00e0 l'\u00e2ge adulte avaient d\u00e9velopp\u00e9 un autre trouble mental tel qu'un trouble anxieux, un trouble de la personnalit\u00e9, une d\u00e9pression, un trouble obsessionnel compulsif ou autre. En outre, l'\u00e9puisement professionnel et la fatigue chronique sont fr\u00e9quents.<\/p>\n<p>&nbsp;<\/p>\n<h3><span style=\"color: #000000;\">Les ann\u00e9es 1990, une perc\u00e9e dans la recherche sur le TDAH et le TDA<\/span><\/h3>\n<p>Dans les ann\u00e9es 1990, la recherche sur le TDAH et les troubles de l'attention a fait une perc\u00e9e majeure. Des scanners TEP ont \u00e9t\u00e9 r\u00e9alis\u00e9s et ont montr\u00e9 que l'activit\u00e9 c\u00e9r\u00e9brale des personnes chez qui on avait diagnostiqu\u00e9 un TDAH s'\u00e9cartait du groupe de personnes \"normales\". Plus tard, ces conclusions ont \u00e9t\u00e9 confirm\u00e9es par de nombreux scanners IRM.<\/p>\n<p>&nbsp;<\/p>\n<h4><span style=\"color: #000000;\">La cr\u00e9ation d'un lien de masse entre les labels ADHD et ADD<\/span><\/h4>\n<p>Les scanners ont \u00e9t\u00e9 le grand d\u00e9but d'une image n\u00e9gative sur le TDAH et le TDA. Il semblait y avoir une autre <a href=\"https:\/\/www.addkenmerken.net\/fr\/cerveau-normal-vs-cerveau-add-adhd\/\" target=\"_blank\" rel=\"noopener \">autres activit\u00e9s c\u00e9r\u00e9brales<\/a> Les recherches sur le TDAH et le TDA ont fait que nous parlons d\u00e9sormais de trouble biologique. <img loading=\"lazy\" decoding=\"async\" class=\"alignright wp-image-99\" title=\"cerveau - adhd - add - m\u00e9dicaments\" src=\"https:\/\/www.addkenmerken.net\/wp-content\/uploads\/2011\/11\/hersenen-adhd-add-medicatie.jpg\" alt=\",\" width=\"215\" height=\"134\">Il y a une autre absorption de dopamine dans le cerveau et une autre activit\u00e9 c\u00e9r\u00e9brale. Il y a des preuves et il s'av\u00e8re que <a title=\"Le but de ce projet de recherche est d&#039;\u00e9tudier le r\u00f4le du chercheur dans le d\u00e9veloppement d&#039;une nouvelle m\u00e9thode pour l&#039;\u00e9tude des effets du TDAH sur la sant\u00e9 des jeunes.\" href=\"https:\/\/www.addkenmerken.net\/fr\/les-medicaments-contre-les-troubles-de-lattention-ont-menace-la-jeune-generation\/\" target=\"_blank\" rel=\"noopener \">les m\u00e9dicaments stimulants<\/a> Les sympt\u00f4mes que nous ressentons sont att\u00e9nu\u00e9s ou, en d'autres termes, nous avons affaire \u00e0 une affection que nous pouvons traiter. Est-ce la v\u00e9rit\u00e9 ? Peut-\u00eatre pas, mais c'est le d\u00e9but de l'\u00e9tiquetage massif des TDA et des TDAH et de la vente et du d\u00e9veloppement massifs de nouveaux m\u00e9dicaments. Une industrie autour des TDA et des TDAH qui a rapport\u00e9 des milliards.<\/p>\n<p>Vous souhaitez en savoir plus sur le <a title=\"Diff\u00e9rences entre les 3 types de TDAH\" href=\"https:\/\/www.addkenmerken.net\/fr\/differences-similitudes-add-adhd-hsp\/\" target=\"_blank\" rel=\"noopener \">les diff\u00e9rents types de TDAH<\/a>Regardez \u00e7a. <a title=\"Diff\u00e9rences entre les 3 types de TDAH\" href=\"https:\/\/www.addkenmerken.net\/fr\/differences-similitudes-add-adhd-hsp\/\" target=\"_blank\" rel=\"noopener \">ici<\/a>.<\/p>","protected":false},"excerpt":{"rendered":"<p>Histoire de la d\u00e9couverte TDAH \/ ADD La reconnaissance du TDAH est apparue dans les ann\u00e9es 1930. Le docteur Charles Bradley (1902 - 1979)...<\/p>","protected":false},"author":1,"featured_media":13404,"comment_status":"open","ping_status":"closed","sticky":false,"template":"","format":"standard","meta":{"_kad_post_transparent":"","_kad_post_title":"","_kad_post_layout":"","_kad_post_sidebar_id":"","_kad_post_content_style":"","_kad_post_vertical_padding":"","_kad_post_feature":"","_kad_post_feature_position":"","_kad_post_header":false,"_kad_post_footer":false,"_kad_post_classname":"","footnotes":""},"categories":[1506,1131,1132],"tags":[5,6,88,33,70,59,71,9,1042,72,46,68,17,66,60,69,12,22,64,61,16,29,77],"class_list":["post-55","post","type-post","status-publish","format-standard","has-post-thumbnail","hentry","category-add-adhd","category-add","category-adhd-artikelen","tag-add","tag-adhd","tag-angststoornis","tag-depressie","tag-diagnose","tag-disfunctioneren","tag-dopamine","tag-herkenning","tag-hersenactiviteit","tag-kalmerend","tag-medicatie","tag-mensen","tag-middelen","tag-normale","tag-onderzoek","tag-onderzoekers","tag-ontdekking","tag-ontwikkeling","tag-persoonlijkheidsstoornis","tag-pet-scan","tag-stimulerende","tag-stoornis","tag-volwassenen"],"_links":{"self":[{"href":"https:\/\/www.addkenmerken.net\/fr\/wp-json\/wp\/v2\/posts\/55","targetHints":{"allow":["GET"]}}],"collection":[{"href":"https:\/\/www.addkenmerken.net\/fr\/wp-json\/wp\/v2\/posts"}],"about":[{"href":"https:\/\/www.addkenmerken.net\/fr\/wp-json\/wp\/v2\/types\/post"}],"author":[{"embeddable":true,"href":"https:\/\/www.addkenmerken.net\/fr\/wp-json\/wp\/v2\/users\/1"}],"replies":[{"embeddable":true,"href":"https:\/\/www.addkenmerken.net\/fr\/wp-json\/wp\/v2\/comments?post=55"}],"version-history":[{"count":0,"href":"https:\/\/www.addkenmerken.net\/fr\/wp-json\/wp\/v2\/posts\/55\/revisions"}],"wp:featuredmedia":[{"embeddable":true,"href":"https:\/\/www.addkenmerken.net\/fr\/wp-json\/wp\/v2\/media\/13404"}],"wp:attachment":[{"href":"https:\/\/www.addkenmerken.net\/fr\/wp-json\/wp\/v2\/media?parent=55"}],"wp:term":[{"taxonomy":"category","embeddable":true,"href":"https:\/\/www.addkenmerken.net\/fr\/wp-json\/wp\/v2\/categories?post=55"},{"taxonomy":"post_tag","embeddable":true,"href":"https:\/\/www.addkenmerken.net\/fr\/wp-json\/wp\/v2\/tags?post=55"}],"curies":[{"name":"wp","href":"https:\/\/api.w.org\/{rel}","templated":true}]}}