{"id":5742,"date":"2013-03-05T18:00:07","date_gmt":"2013-03-05T17:00:07","guid":{"rendered":"http:\/\/www.addkenmerken.net\/?p=5742"},"modified":"2019-10-03T09:39:09","modified_gmt":"2019-10-03T07:39:09","slug":"cerveau-normal-vs-cerveau-add-adhd","status":"publish","type":"post","link":"https:\/\/www.addkenmerken.net\/fr\/normale-brein-vs-add-adhd-brein\/","title":{"rendered":"Le cerveau \"normal\" face au cerveau des personnes atteintes de TDA et de TDAH"},"content":{"rendered":"<aside class=\"mashsb-container mashsb-main mashsb-stretched\"><div class=\"mashsb-box\"><div class=\"mashsb-count mash-large\" style=\"float:left\"><div class=\"counts mashsbcount\">385<\/div><span class=\"mashsb-sharetext\">temps partag\u00e9<\/span><\/div><div class=\"mashsb-buttons\"><a class=\"mashicon-facebook mash-large mash-center mashsb-noshadow\" href=\"https:\/\/www.facebook.com\/sharer.php?u=https%3A%2F%2Fwww.addkenmerken.net%2Ffr%2Fnormale-brein-vs-add-adhd-brein%2F%3Futm_source%3Dsharebuttons%26utm_medium%3Dfacebook%26utm_campaign%3Dmashshare\" target=\"_top\" rel=\"nofollow\"><span class=\"icon\"><\/span><span class=\"text\">Partager<\/span><\/a><a class=\"mashicon-twitter mash-large mash-center mashsb-noshadow\" href=\"https:\/\/twitter.com\/intent\/tweet?text=&amp;url=https:\/\/www.addkenmerken.net\/fr\/?p=5742&amp;via=krachtvanADHD\" target=\"_top\" rel=\"nofollow\"><span class=\"icon\"><\/span><span class=\"text\">Tweet<\/span><\/a><div class=\"onoffswitch2 mash-large mashsb-noshadow\" style=\"display:none\"><\/div><\/div>\n            <\/div>\n                <div style=\"clear:both\"><\/div><\/aside>\n            <!-- Share buttons by mashshare.net - Version: 4.0.47--><h2><span style=\"color: #000000;\">Diagnostic du TDA et du TDAH<\/span><\/h2>\n<p><img loading=\"lazy\" decoding=\"async\" class=\"alignright wp-image-9342\" src=\"https:\/\/www.addkenmerken.net\/wp-content\/uploads\/2013\/03\/ADD-veel-informatie-verwerken-300x279.jpg\" alt=\"TDA et TDAH et un esprit occup\u00e9 avec beaucoup de pens\u00e9es\" width=\"240\" height=\"223\" title=\"\" srcset=\"https:\/\/www.addkenmerken.net\/wp-content\/uploads\/2013\/03\/ADD-veel-informatie-verwerken-300x279.jpg 300w, https:\/\/www.addkenmerken.net\/wp-content\/uploads\/2013\/03\/ADD-veel-informatie-verwerken.jpg 398w\" sizes=\"auto, (max-width: 240px) 100vw, 240px\">Le TDA et le TDAH ne peuvent toujours pas \u00eatre diagnostiqu\u00e9s au moyen d'une mesure telle que celle qui est possible avec une maladie r\u00e9elle comme le diab\u00e8te. Bien s\u00fbr, le TDA et le TDAH ne sont pas des maladies, mais on suppose qu'il existe un trouble du d\u00e9veloppement dans le cerveau. Ce diagnostic ne peut en fait \u00eatre \u00e9tabli que sur la base des sympt\u00f4mes. Par exemple, des sympt\u00f4mes tels que le manque de concentration, l'impulsivit\u00e9, l'hyperactivit\u00e9, la r\u00eaverie, la pression dans la t\u00eate, etc. Il examine \u00e9galement votre comportement dans le pass\u00e9. Cela s'accompagne souvent de la consultation des bulletins scolaires et de conversations avec les parents et\/ou des connaissances. En plus, on peut examiner l'activit\u00e9 c\u00e9r\u00e9brale, ce qui se fait au moyen d'un EEG. Il est principalement utilis\u00e9 dans la th\u00e9rapie de Neurofeedback. Lorsque vous rencontrez enfin les sympt\u00f4mes d\u00e9crits dans le DSM-V, vous pouvez \u00eatre diagnostiqu\u00e9 comme ayant un TDA ou un TDAH.<\/p>\n<p>&nbsp;<\/p>\n<h2><span style=\"color: #000000;\">CEE<\/span><\/h2>\n<p>Comme je l'ai \u00e9crit pr\u00e9c\u00e9demment, un <a title=\"L&#039;activit\u00e9 c\u00e9r\u00e9brale, l&#039;EEG et les diff\u00e9rentes ondes c\u00e9r\u00e9brales\" href=\"https:\/\/www.addkenmerken.net\/fr\/brainwaves\/\" target=\"_blank\" rel=\"noopener \">CEE<\/a> en cartographiant l'activit\u00e9 du cerveau. Il a \u00e9t\u00e9 d\u00e9montr\u00e9 que toutes les personnes \"normales\" pr\u00e9sentent \u00e0 peu pr\u00e8s la m\u00eame activit\u00e9 c\u00e9r\u00e9brale. Bien s\u00fbr, vous ne devez pas comparer une personne \u00e9veill\u00e9e avec une personne endormie, mais si vous comparez deux personnes \"en bonne sant\u00e9\" en \u00e9tat de veille, vous constaterez de nombreuses similitudes dans l'activit\u00e9 c\u00e9r\u00e9brale. Une base de donn\u00e9es a \u00e9t\u00e9 constitu\u00e9e \u00e0 cet effet et une moyenne a \u00e9t\u00e9 d\u00e9termin\u00e9e de ce qui est consid\u00e9r\u00e9 comme une activit\u00e9 c\u00e9r\u00e9brale \"normale\".<\/p>\n<p>&nbsp;<\/p>\n<h2><span style=\"color: #000000;\">Activit\u00e9 c\u00e9r\u00e9brale anormale<br \/>\n<\/span><\/h2>\n<p>Lorsque nous examinons maintenant le cerveau d'une personne souffrant d'un TDA ou d'un TDAH via un EEG, nous constatons g\u00e9n\u00e9ralement une activit\u00e9 c\u00e9r\u00e9brale anormale. Cela n'est pas suffisant pour diagnostiquer un TDA ou un TDAH, car les moyennes sont obtenues \u00e0 partir de mesures effectu\u00e9es sur un groupe entier de personnes. L'activit\u00e9 c\u00e9r\u00e9brale est en moyenne diff\u00e9rente dans l'ensemble du groupe, mais si vous retirez une personne du groupe, il se peut que les ondes c\u00e9r\u00e9brales soient beaucoup moins anormales.  Les personnes souffrant de d\u00e9pression, de troubles anxieux, d'autisme, d'asperger, d'OCS, etc. pr\u00e9sentent \u00e9galement des ondes c\u00e9r\u00e9brales anormales. M\u00eame les personnes qui ne ressentent aucun sympt\u00f4me dans la vie quotidienne peuvent parfois pr\u00e9senter une activit\u00e9 c\u00e9r\u00e9brale anormale.<\/p>\n<p>Cependant, nous pouvons affirmer que nous constatons g\u00e9n\u00e9ralement les m\u00eames diff\u00e9rences d'activit\u00e9 c\u00e9r\u00e9brale entre les personnes diagnostiqu\u00e9es avec un TDA ou un TDAH et celles qui ne le sont pas. Si l'on compare ces groupes, il appara\u00eet que les personnes souffrant de TDA ou de TDAH ont un cerveau sous-actif.<\/p>\n<p>&nbsp;<\/p>\n<h2><span style=\"color: #000000;\">Le cerveau \"normal\" et le cerveau TDA\/TDAH<br \/>\n<\/span><\/h2>\n<p>En g\u00e9n\u00e9ral, quelles sont les diff\u00e9rences d'activit\u00e9 c\u00e9r\u00e9brale entre un \"cerveau normal\" et un cerveau atteint de TDA ou de TDAH ? Vous pouvez en savoir plus \u00e0 ce sujet ci-dessous. Les diff\u00e9rences les plus nettes dans l'activit\u00e9 c\u00e9r\u00e9brale se trouvent dans <strong><a title=\"Th\u00eata, b\u00eata et toutes les autres ondes c\u00e9r\u00e9brales dans le cerveau\" href=\"https:\/\/www.addkenmerken.net\/fr\/brainwaves\/\" target=\"_blank\" rel=\"noopener \">Ondes c\u00e9r\u00e9brales th\u00eata et b\u00eata<\/a><\/strong>.<\/p>\n<p>&nbsp;<\/p>\n<h3><span style=\"color: #000000;\">Les ondes c\u00e9r\u00e9brales th\u00eata dans le TDA et le TDAH<b><br \/>\n<\/b><\/span><\/h3>\n<p><a href=\"https:\/\/www.addkenmerken.net\/wp-content\/uploads\/2013\/03\/Hersenactiviteit-bij-ADD.jpg\"><img loading=\"lazy\" decoding=\"async\" class=\"alignright wp-image-9346\" src=\"https:\/\/www.addkenmerken.net\/wp-content\/uploads\/2013\/03\/Hersenactiviteit-bij-ADD-300x287.jpg\" alt=\"Activit\u00e9 c\u00e9r\u00e9brale dans le TDA\" width=\"240\" height=\"230\" title=\"\"><\/a><\/p>\n<p>Dans un groupe de TDA\/TDAH, on observe principalement une quantit\u00e9 d'ondes c\u00e9r\u00e9brales th\u00eata sup\u00e9rieure \u00e0 la moyenne (Hermens et al., 2004 ; Mann et al., 1992 ; Chabot et Serfontein, 1996 ; Clarke et al., 1998, 2001 ; Lazzaro et al., 1998, 1999) Cette activit\u00e9 th\u00eata excessive est, comme vous l'avez d\u00e9j\u00e0 lu, accompagn\u00e9e de r\u00eaves (de jour). Vous \u00eates alors incapable de vous concentrer sur les t\u00e2ches. Vous ne pouvez donc pas maintenir votre attention sur quelque chose pendant longtemps et vous souffrez de probl\u00e8mes de concentration. Ce sont donc les probl\u00e8mes de d\u00e9ficit d'attention qu'une personne souffrant de TDA ou de TDAH \u00e9prouve.<\/p>\n<p>S'il s'agit d'un trouble dont on peut discuter. Une telle personne conna\u00eetra toutes sortes de plaintes dans la vie quotidienne, mais seulement avec certaines attentes. Lorsqu'on attend de vous que vous vous concentriez et que vous acheviez les t\u00e2ches \u00e0 temps, que vous soyez attentif, etc. vous allez bient\u00f4t conna\u00eetre des probl\u00e8mes avec toutes les cons\u00e9quences que cela implique. Parce que vous ne pouvez pas \u00eatre \u00e0 la hauteur, vous pouvez rapidement devenir ins\u00e9curis\u00e9, mais un burn-out vous guette \u00e9galement, car vous devez toujours marcher sur la pointe des pieds pour pouvoir vous retourner un peu. Si une telle personne est cr\u00e9ative, cette activit\u00e9 th\u00eata excessive est indispensable. Cela vous permet d'utiliser votre cr\u00e9ativit\u00e9 et votre intuition de mani\u00e8re optimale et vous pouvez ainsi \u00eatre une source d'inspiration pour les autres.<\/p>\n<p>&nbsp;<\/p>\n<h3><span style=\"color: #000000;\">ADD \/ ADHD et activit\u00e9 b\u00eata<\/span><\/h3>\n<p>Il est \u00e9galement frappant de constater que les personnes ayant <a title=\"AJOUTER\" href=\"https:\/\/www.addkenmerken.net\/fr\/\" target=\"_blank\" rel=\"noopener \">AJOUTER<\/a> ou <a href=\"https:\/\/www.addkenmerken.net\/fr\/caracteristiques-des-troubles-de-lattention\/\">ADHD<\/a> produisant parfois des ondes c\u00e9r\u00e9brales b\u00eata beaucoup plus lentes. Nous appelons aussi ces ondes b\u00eata \u00e9lev\u00e9es. Les ondes c\u00e9r\u00e9brales b\u00eata vous permettent d'\u00eatre performant mentalement lorsqu'il s'agit de vous concentrer sur des t\u00e2ches, de parler et d'effectuer de telles activit\u00e9s. Avec une faible quantit\u00e9 de ces ondes c\u00e9r\u00e9brales b\u00eata, vous aurez des probl\u00e8mes pour traiter l'information. Vous comprendrez que cela a un impact majeur sur la vie quotidienne.<\/p>\n<p>D'autre part, il a \u00e9galement \u00e9t\u00e9 d\u00e9montr\u00e9 que les gens ont une activit\u00e9 b\u00eata rapide excessive. Ce sont g\u00e9n\u00e9ralement les personnes atteintes de HD qui ne souffrent que d'hyperactivit\u00e9.<\/p>\n<p>&nbsp;<\/p>\n<h2><span style=\"color: #000000;\">Comment puis-je influencer positivement mes ondes c\u00e9r\u00e9brales ?<\/span><\/h2>\n<p>Heureusement, il y a beaucoup \u00e0 faire pour entrer dans un \u00e9tat de conscience agr\u00e9able et produire des ondes c\u00e9r\u00e9brales qui nous permettent d'apprendre, de nous d\u00e9tendre, de nous concentrer, de dormir, etc. de mani\u00e8re optimale. Bien s\u00fbr, il est \u00e9galement agr\u00e9able de produire des ondes c\u00e9r\u00e9brales qui nous permettent de nous sentir \u00e0 l'aise et de nous d\u00e9tendre. Il s'agit principalement des ondes c\u00e9r\u00e9brales Alpha. Nous ne sommes donc pas toujours \u00e0 la merci de notre environnement et de ce qu'il nous demande. Plus d'informations sur tous les <strong><a title=\"Les ondes c\u00e9r\u00e9brales expliqu\u00e9es plus en d\u00e9tail\" href=\"https:\/\/www.addkenmerken.net\/fr\/brainwaves\/\" target=\"_blank\" rel=\"noopener \">Les ondes c\u00e9r\u00e9brales que vous lisez ici.<\/a><\/strong><\/p>\n<p>Aimerais-tu savoir ce que tu peux faire toi-m\u00eame en tant que TDA, TDAH ou HSP pour mettre ton cerveau dans un \u00e9tat optimal rapidement et facilement afin que tu puisses mieux te concentrer et te sentir plus \u00e0 l'aise et d\u00e9tendu ? Ou, par exemple, pour s'endormir plus facilement ? Alors, n'oubliez pas de lire l'article sur les rythmes binauraux. Vous pouvez tout lire sur ces rythmes binauraux et \u00e9couter ces sons vous-m\u00eame afin de mettre votre cerveau dans l'\u00e9tat d'esprit souhait\u00e9 via le lien ci-dessous :<\/p>\n<p><strong><a title=\"Comment amener votre cerveau dans un \u00e9tat d&#039;ondes c\u00e9r\u00e9brales Alpha d\u00e9tendu ?\" href=\"https:\/\/www.addkenmerken.net\/fr\/rythmes-binauraux-cerveau-en-alpha\/\">&gt; Comment les rythmes binauraux vous font sentir d\u00e9tendu et bien !<\/a><\/strong><\/p>\n<p>&nbsp;<\/p>\n<p>&nbsp;<\/p>","protected":false},"excerpt":{"rendered":"<p>Diagnostic du TDA et du TDAH Le TDA et le TDAH ne peuvent toujours pas \u00eatre diagnostiqu\u00e9s au moyen d'une mesure comme celle d'une maladie r\u00e9elle telle que le diab\u00e8te...<\/p>","protected":false},"author":1,"featured_media":9346,"comment_status":"open","ping_status":"closed","sticky":false,"template":"","format":"standard","meta":{"_kad_post_transparent":"","_kad_post_title":"","_kad_post_layout":"","_kad_post_sidebar_id":"","_kad_post_content_style":"","_kad_post_vertical_padding":"","_kad_post_feature":"","_kad_post_feature_position":"","_kad_post_header":false,"_kad_post_footer":false,"_kad_post_classname":"","footnotes":""},"categories":[562,1131,1506,1132],"tags":[5,6,972,23,570,1042,564,969],"class_list":["post-5742","post","type-post","status-publish","format-standard","has-post-thumbnail","hentry","category-het-brein","category-add","category-add-adhd","category-adhd-artikelen","tag-add","tag-adhd","tag-adhd-brein","tag-brein","tag-eeg","tag-hersenactiviteit","tag-hersengolven","tag-normaal-brein-adhd-brein"],"_links":{"self":[{"href":"https:\/\/www.addkenmerken.net\/fr\/wp-json\/wp\/v2\/posts\/5742","targetHints":{"allow":["GET"]}}],"collection":[{"href":"https:\/\/www.addkenmerken.net\/fr\/wp-json\/wp\/v2\/posts"}],"about":[{"href":"https:\/\/www.addkenmerken.net\/fr\/wp-json\/wp\/v2\/types\/post"}],"author":[{"embeddable":true,"href":"https:\/\/www.addkenmerken.net\/fr\/wp-json\/wp\/v2\/users\/1"}],"replies":[{"embeddable":true,"href":"https:\/\/www.addkenmerken.net\/fr\/wp-json\/wp\/v2\/comments?post=5742"}],"version-history":[{"count":0,"href":"https:\/\/www.addkenmerken.net\/fr\/wp-json\/wp\/v2\/posts\/5742\/revisions"}],"wp:featuredmedia":[{"embeddable":true,"href":"https:\/\/www.addkenmerken.net\/fr\/wp-json\/wp\/v2\/media\/9346"}],"wp:attachment":[{"href":"https:\/\/www.addkenmerken.net\/fr\/wp-json\/wp\/v2\/media?parent=5742"}],"wp:term":[{"taxonomy":"category","embeddable":true,"href":"https:\/\/www.addkenmerken.net\/fr\/wp-json\/wp\/v2\/categories?post=5742"},{"taxonomy":"post_tag","embeddable":true,"href":"https:\/\/www.addkenmerken.net\/fr\/wp-json\/wp\/v2\/tags?post=5742"}],"curies":[{"name":"wp","href":"https:\/\/api.w.org\/{rel}","templated":true}]}}