{"id":6586,"date":"2013-05-21T16:38:09","date_gmt":"2013-05-21T14:38:09","guid":{"rendered":"http:\/\/www.addkenmerken.net\/?p=6586"},"modified":"2021-03-08T23:57:42","modified_gmt":"2021-03-08T22:57:42","slug":"lto3-dans-le-telegraph","status":"publish","type":"post","link":"https:\/\/www.addkenmerken.net\/fr\/lto3-in-de-telegraaf\/","title":{"rendered":"LTO3 dans le magazine Brein - Annexe Telegraaf"},"content":{"rendered":"<aside class=\"mashsb-container mashsb-main mashsb-stretched\"><div class=\"mashsb-box\"><div class=\"mashsb-buttons\"><a class=\"mashicon-facebook mash-large mash-center mashsb-noshadow\" href=\"https:\/\/www.facebook.com\/sharer.php?u=https%3A%2F%2Fwww.addkenmerken.net%2Ffr%2Flto3-in-de-telegraaf%2F%3Futm_source%3Dsharebuttons%26utm_medium%3Dfacebook%26utm_campaign%3Dmashshare\" target=\"_top\" rel=\"nofollow\"><span class=\"icon\"><\/span><span class=\"text\">Partager<\/span><\/a><a class=\"mashicon-twitter mash-large mash-center mashsb-noshadow\" href=\"https:\/\/twitter.com\/intent\/tweet?text=&amp;url=https:\/\/www.addkenmerken.net\/fr\/?p=6586&amp;via=krachtvanADHD\" target=\"_top\" rel=\"nofollow\"><span class=\"icon\"><\/span><span class=\"text\">Tweet<\/span><\/a><div class=\"onoffswitch2 mash-large mashsb-noshadow\" style=\"display:none\"><\/div><\/div>\n            <\/div>\n                <div style=\"clear:both\"><\/div><\/aside>\n            <!-- Share buttons by mashshare.net - Version: 4.0.47--><h2><strong>Entretien avec un pharmacien sur le LTO3<\/strong><\/h2>\n<p><em>21\/5\/2013 De Telegraaf, Annexe \"Le cerveau<\/em><\/p>\n<p>Le LTO3 est une substance naturelle utilis\u00e9e par de plus en plus d'enfants et d'adultes atteints de TDA, de TDAH mais aussi de TOC, de SSA et de personnes tr\u00e8s sensibles. Les m\u00e9dicaments chimiques tels que le Ritalin et le Concerta semblent \u00eatre inutiles pour de nombreuses personnes en raison de l'utilisation du LTO3 !<\/p>\n<p>R\u00e9cemment, je suis tomb\u00e9 sur un article sur LTO3 dans l'annexe du Telegraaf. Vous trouverez ci-dessous l'annexe avec l'article sur LTO3.<\/p>\n<figure id=\"attachment_6587\" aria-describedby=\"caption-attachment-6587\" style=\"width: 828px\" class=\"wp-caption aligncenter\"><a href=\"https:\/\/www.addkenmerken.net\/wp-content\/uploads\/2013\/05\/Telegraag-bijlage-brein.jpg\" rel=\"nofollow\"><img loading=\"lazy\" decoding=\"async\" class=\"wp-image-6587\" title=\"\" src=\"https:\/\/www.addkenmerken.net\/wp-content\/uploads\/2013\/05\/Telegraag-bijlage-brein.jpg\" alt=\"Annexe &quot;Het Brein&quot; du Telegraaf avec un article sur le LTO3 21\/5\/2013\" width=\"828\" height=\"1158\" srcset=\"https:\/\/www.addkenmerken.net\/wp-content\/uploads\/2013\/05\/Telegraag-bijlage-brein.jpg 828w, https:\/\/www.addkenmerken.net\/wp-content\/uploads\/2013\/05\/Telegraag-bijlage-brein-214x300.jpg 214w, https:\/\/www.addkenmerken.net\/wp-content\/uploads\/2013\/05\/Telegraag-bijlage-brein-732x1024.jpg 732w, https:\/\/www.addkenmerken.net\/wp-content\/uploads\/2013\/05\/Telegraag-bijlage-brein-624x872.jpg 624w\" sizes=\"auto, (max-width: 828px) 100vw, 828px\"><\/a><figcaption id=\"caption-attachment-6587\" class=\"wp-caption-text\">Annexe \"Het Brein\" du Telegraaf avec un article sur le LTO3 21\/5\/2013<\/figcaption><\/figure>\n<figure id=\"attachment_6588\" aria-describedby=\"caption-attachment-6588\" style=\"width: 1306px\" class=\"wp-caption aligncenter\"><a href=\"https:\/\/www.addkenmerken.net\/wp-content\/uploads\/2013\/05\/Telegraag-bijlage-brein-LTO3-artikel.jpg\" rel=\"nofollow\"><img loading=\"lazy\" decoding=\"async\" class=\"size-full wp-image-6588\" title=\"\" src=\"https:\/\/www.addkenmerken.net\/wp-content\/uploads\/2013\/05\/Telegraag-bijlage-brein-LTO3-artikel.jpg\" alt=\"Article de De Telegraaf sur LTO3\" width=\"1306\" height=\"583\" srcset=\"https:\/\/www.addkenmerken.net\/wp-content\/uploads\/2013\/05\/Telegraag-bijlage-brein-LTO3-artikel.jpg 1306w, https:\/\/www.addkenmerken.net\/wp-content\/uploads\/2013\/05\/Telegraag-bijlage-brein-LTO3-artikel-300x133.jpg 300w, https:\/\/www.addkenmerken.net\/wp-content\/uploads\/2013\/05\/Telegraag-bijlage-brein-LTO3-artikel-1024x457.jpg 1024w, https:\/\/www.addkenmerken.net\/wp-content\/uploads\/2013\/05\/Telegraag-bijlage-brein-LTO3-artikel-624x278.jpg 624w\" sizes=\"auto, (max-width: 1306px) 100vw, 1306px\"><\/a><figcaption id=\"caption-attachment-6588\" class=\"wp-caption-text\">Article de De Telegraaf sur LTO3 21\/5\/2013 - Cliquez dessus pour un \u00e9largissement<\/figcaption><\/figure>\n<p>Presque tous les jours, je re\u00e7ois des exp\u00e9riences tr\u00e8s positives de personnes qui utilisent d\u00e9j\u00e0 LTO3. Il s'agit principalement de personnes souffrant de TDA, de TDAH et\/ou de HSP ou de parents dont les enfants en sont atteints. Il y a \u00e9galement des exp\u00e9riences de personnes souffrant de TDA et de TED.<\/p>\n<p>Vous pouvez lire ces exp\u00e9riences en cliquant sur le lien ci-dessous :<\/p>\n<p><strong><a title=\"LTO3 Exp\u00e9riences de personnes souffrant de TDA, TDAH, HSP et ASS\" href=\"https:\/\/www.addkenmerken.net\/fr\/experiences-de-lto3\/\" target=\"_blank\" rel=\"noopener\">&gt; LTO3 : exp\u00e9riences de personnes souffrant de TDA, TDAH, HSP, ASS et autres<\/a><\/strong><\/p>\n<p>Si vous souhaitez commander LTO3, vous pouvez le faire via le lien ci-dessous :<\/p>\n<p style=\"color: #0044cc;\"><strong><a title=\"commande lto3\" href=\"https:\/\/smartvital.eu\/product\/lto3-origineel\/\" target=\"_blank\" rel=\"noopener\">&gt; Vous pouvez commander LTO3 ici<\/a><\/strong><\/p>\n<p>Plus d'informations sur <strong><a title=\"LTO3 : informations et r\u00e9ponses aux questions fr\u00e9quemment pos\u00e9es\" href=\"https:\/\/www.addkenmerken.net\/fr\/lto3\/\">LTO3<\/a><\/strong>\u00a0et les r\u00e9ponses aux questions fr\u00e9quemment pos\u00e9es se trouvent sous la rubrique \"LTO3\" en haut du menu.<\/p>\n<p>&nbsp;<\/p>","protected":false},"excerpt":{"rendered":"<p>Interview d'un pharmacien \u00e0 propos de LTO3 21\/5\/2013 De Telegraaf, annexe \"Het Brein\" LTO3 est une ressource naturelle qui est utilis\u00e9e par de plus en plus d'enfants et d'adultes avec...<\/p>","protected":false},"author":1,"featured_media":6587,"comment_status":"open","ping_status":"closed","sticky":false,"template":"","format":"standard","meta":{"_kad_post_transparent":"default","_kad_post_title":"default","_kad_post_layout":"default","_kad_post_sidebar_id":"","_kad_post_content_style":"default","_kad_post_vertical_padding":"default","_kad_post_feature":"","_kad_post_feature_position":"","_kad_post_header":false,"_kad_post_footer":false,"_kad_post_classname":"","footnotes":""},"categories":[328,1075,1157],"tags":[5,6,476,23,24,339,272,477,590,77],"class_list":["post-6586","post","type-post","status-publish","format-standard","has-post-thumbnail","hentry","category-lto3-informatie","category-lto3-in-de-krant","category-natuurlijke-behandeling-adhd-add","tag-add","tag-adhd","tag-ass","tag-brein","tag-concentratie","tag-hyperactiviteit","tag-kinderen","tag-odd","tag-telegraaf","tag-volwassenen"],"_links":{"self":[{"href":"https:\/\/www.addkenmerken.net\/fr\/wp-json\/wp\/v2\/posts\/6586","targetHints":{"allow":["GET"]}}],"collection":[{"href":"https:\/\/www.addkenmerken.net\/fr\/wp-json\/wp\/v2\/posts"}],"about":[{"href":"https:\/\/www.addkenmerken.net\/fr\/wp-json\/wp\/v2\/types\/post"}],"author":[{"embeddable":true,"href":"https:\/\/www.addkenmerken.net\/fr\/wp-json\/wp\/v2\/users\/1"}],"replies":[{"embeddable":true,"href":"https:\/\/www.addkenmerken.net\/fr\/wp-json\/wp\/v2\/comments?post=6586"}],"version-history":[{"count":0,"href":"https:\/\/www.addkenmerken.net\/fr\/wp-json\/wp\/v2\/posts\/6586\/revisions"}],"wp:featuredmedia":[{"embeddable":true,"href":"https:\/\/www.addkenmerken.net\/fr\/wp-json\/wp\/v2\/media\/6587"}],"wp:attachment":[{"href":"https:\/\/www.addkenmerken.net\/fr\/wp-json\/wp\/v2\/media?parent=6586"}],"wp:term":[{"taxonomy":"category","embeddable":true,"href":"https:\/\/www.addkenmerken.net\/fr\/wp-json\/wp\/v2\/categories?post=6586"},{"taxonomy":"post_tag","embeddable":true,"href":"https:\/\/www.addkenmerken.net\/fr\/wp-json\/wp\/v2\/tags?post=6586"}],"curies":[{"name":"wp","href":"https:\/\/api.w.org\/{rel}","templated":true}]}}