{"id":7695,"date":"2013-10-22T13:50:34","date_gmt":"2013-10-22T11:50:34","guid":{"rendered":"http:\/\/www.addkenmerken.net\/?p=7695"},"modified":"2020-09-01T20:13:24","modified_gmt":"2020-09-01T18:13:24","slug":"la-vie-de-laura-avec-les-troubles-deficitaires-de-lattention","status":"publish","type":"post","link":"https:\/\/www.addkenmerken.net\/fr\/het-leven-van-laura-met-adhd\/","title":{"rendered":"Laura d\u00e9couvre apr\u00e8s des ann\u00e9es de montagnes russes qu'elle est atteinte du TDAH"},"content":{"rendered":"<aside class=\"mashsb-container mashsb-main mashsb-stretched\"><div class=\"mashsb-box\"><div class=\"mashsb-buttons\"><a class=\"mashicon-facebook mash-large mash-center mashsb-noshadow\" href=\"https:\/\/www.facebook.com\/sharer.php?u=https%3A%2F%2Fwww.addkenmerken.net%2Ffr%2Fhet-leven-van-laura-met-adhd%2F%3Futm_source%3Dsharebuttons%26utm_medium%3Dfacebook%26utm_campaign%3Dmashshare\" target=\"_top\" rel=\"nofollow\"><span class=\"icon\"><\/span><span class=\"text\">Partager<\/span><\/a><a class=\"mashicon-twitter mash-large mash-center mashsb-noshadow\" href=\"https:\/\/twitter.com\/intent\/tweet?text=&amp;url=https:\/\/www.addkenmerken.net\/fr\/?p=7695&amp;via=krachtvanADHD\" target=\"_top\" rel=\"nofollow\"><span class=\"icon\"><\/span><span class=\"text\">Tweet<\/span><\/a><div class=\"onoffswitch2 mash-large mashsb-noshadow\" style=\"display:none\"><\/div><\/div>\n            <\/div>\n                <div style=\"clear:both\"><\/div><\/aside>\n            <!-- Share buttons by mashshare.net - Version: 4.0.47--><h2><span style=\"color: #000000;\">La vie de Laura avec le TDAH<\/span><\/h2>\n<p><img loading=\"lazy\" decoding=\"async\" class=\"alignright wp-image-14663\" src=\"https:\/\/www.addkenmerken.net\/wp-content\/uploads\/2013\/10\/Heb-ik-ADHD.jpg\" alt=\"Est-ce que je souffre de TDAH\" width=\"322\" height=\"268\" title=\"\">J'ai 15 ans et je suis en classe. J'ai l'impression de devoir cracher et quitter la classe pour aller aux toilettes. Une fois sur place, le sentiment s'en va, de nouveau en classe. Quand je suis de retour sur le banc de l'\u00e9cole, le m\u00eame sentiment m'attaque \u00e0 nouveau, que se passe-t-il ? Est-ce que je tombe malade ? Bon sang, retournez aux toilettes. Que vont-ils penser de moi... C'est le d\u00e9but d'une p\u00e9riode de quelques semaines o\u00f9 le m\u00eame sentiment va et vient. Mon Dieu, j'ai l'air fou. Je... S'agira-t-il alors de tension ?<\/p>\n<p>J'ai eu un grave accident de moto avec mon petit ami de dix ans. Je vis toujours chez mes parents, mais peu de temps apr\u00e8s, j'emm\u00e9nage avec lui. Quinze ans.... Les semaines, les mois, les ann\u00e9es passent. Je ne me souviens pas de grand-chose, juste des faits marquants. Et ce sont g\u00e9n\u00e9ralement des \u00e9v\u00e9nements violents, pas tellement amusants. Vendredi soir, c'est bien d'aller en ville, de d\u00eener avec un ami. Au restaurant, j'ai l'impression de devoir cracher. Non, pas encore. Je panique et je rentre imm\u00e9diatement chez moi, en pensant qu'elle va me prendre pour un fou. C'est le d\u00e9but de 4 ann\u00e9es de peur de la rue, d'hyperventilation et de phobie des crachats. Comme par hasard (m\u00eame si je ne crois pas aux co\u00efncidences), j'ai d\u00e9couvert par le biais d'articles que j'\u00e9tais en hyperventilation, ce qui m'a donn\u00e9 la phobie des crachats.<\/p>\n<p>Mais... Que faites-vous \u00e0 ce sujet ? Le m\u00e9decin me donne des relaxants. Cons\u00e9quence : d\u00e9pendance. 8 \u00e0 10 oxaz\u00e9pam en un jour, mais je ne me calme toujours pas. Finalement, je m'arr\u00eate du jour au lendemain, car l'effet d\u00e9sir\u00e9 n'est plus l\u00e0. Une th\u00e9rapie par-ci, une th\u00e9rapie par-l\u00e0, rien ne sert. Finalement, je m'en \"remets\" tout seul.<\/p>\n<p><a href=\"https:\/\/www.addkenmerken.net\/fr\/la-tempete-appelee-adhd\/\">Relations<\/a> vont et viennent. Ils m'ennuient vite. Je veux \u00eatre stimul\u00e9, je n'aime pas l'ennui. J'enroule les gens autour de mon doigt avec ma spontan\u00e9it\u00e9 et mon enthousiasme. Les hommes tombent amoureux de moi comme des buissons, mais les relations \u00e0 long terme ne sont pas pour moi. Je me comporte horriblement bien apr\u00e8s des semaines, des mois, mais je ne sais pas pourquoi je le fais. Qui que ce soit qui fasse quelque chose, je ne pense jamais que c'est bien, j'ai toujours des commentaires. Vigoureuses sautes d'humeur et crises de col\u00e8re. Je sais que je ne suis pas cette personne. Je sais que ce que je fais n'est pas bien. Alors pourquoi je le fais ? Pourquoi je me sens si diff\u00e9rent. Pourquoi ai-je l'impression d'\u00eatre deux personnes ? Que quelqu'un prenne r\u00e9guli\u00e8rement le relais et me fasse faire des choses que je ne soutiens pas du tout ? Les relations ne marchent pas, je veux des enfants, j'en ai toujours voulu.<\/p>\n<p>Par l'interm\u00e9diaire d'une amie, je tombe enceinte, tr\u00e8s inconsciemment. J'ai 28 ans. Rencontrez un autre homme. Je ne sais pas encore que je suis enceinte et que je suis en couple. D\u00e8s que je sais que je suis enceinte, je le lui dis et il choisit de le faire avec moi. Je voulais \u00eatre une m\u00e8re BOM, mais j'ai trop peur pour le faire seule et je m'accroche \u00e0 cet homme. Il \u00e9l\u00e8ve mon a\u00een\u00e9 comme son propre enfant et nous avons une autre fille. Apr\u00e8s 9 ans de \"tenue\", je le quitte. Litt\u00e9ralement malade de malheur. Imm\u00e9diatement, je me plonge dans la relation suivante, en obligeant mes enfants. J'ai un autre enfant. Mes enfants n'ont pas la vie facile avec moi non plus. D'un c\u00f4t\u00e9 une m\u00e8re si aimante, de l'autre leur peur, je me sens tr\u00e8s mal. Je ne suis pas assez bon, mes enfants m\u00e9ritent tellement mieux..... Cette relation prend \u00e9galement fin. Il ne peut plus faire face \u00e0 mon comportement. Je ne comprends pas. Ce n'est pas moi, n'est-ce pas ? Il ne peut pas communiquer ! Je le peux !<\/p>\n<p>Je suis sous les ordres de Psyq. Au fil des ans, j'ai beaucoup lu et j'ai longtemps pens\u00e9 que j'\u00e9tais \u00e0 la limite, mais comme j'ai aussi lu une fois qu'il n'y avait pas de m\u00e9dicaments pour cela, je n'ai pas commenc\u00e9 \u00e0 travailler avec. J'en ai assez, je ne veux pas \u00eatre cette personne. Lors d'une consultation t\u00e9l\u00e9phonique, une dame me demande : avez-vous d\u00e9j\u00e0 \u00e9t\u00e9 sur <a title=\"Caract\u00e9ristiques du TDAH\" href=\"https:\/\/www.addkenmerken.net\/fr\/caracteristiques-des-troubles-de-lattention\/\">ADHD<\/a> Vous le pensez ? Je commence \u00e0 rire. Non, cela n'a jamais \u00e9t\u00e9 dans mon esprit. Le TDAH rebondit, n'est-ce pas ? Apr\u00e8s plusieurs examens, auxquels participent \u00e9galement mes parents et deux petites amies, on me diagnostique un TDAH, puis la forme la plus ennuyeuse. Ils pensent qu'il y a autre chose, mais ils veulent le d\u00e9couvrir au cours des conversations de coaching. Je me sens soulag\u00e9, je ne suis pas fou, j'ai juste un TDAH. Ok, la belle affaire, mettons-nous au travail.<\/p>\n<p>Je commencerai par une r\u00e9union d'information. Les informations utiles et les contacts avec les autres personnes atteintes de TDAH sont un soulagement. Puis vient le coup. C'est quelque chose qui ne dispara\u00eetra pas. Ce qui aurait pu \u00e9viter tant de malheurs si j'avais su plus t\u00f4t......... Mais je ne peux pas revenir en arri\u00e8re, alors je choisis de ne pas rester dans la fosse. F\u00e9roce comme j'ai toujours \u00e9t\u00e9 contre la camelote chimique, je vais quand m\u00eame commencer par le lexapro et les concerta. Quel repos ! Hum.... Plus de chansons dans ma t\u00eate, plus de 100 choses \u00e0 la fois dans ma t\u00eate, plus de distractions et pour la premi\u00e8re fois, je peux tr\u00e8s bien me concentrer sur mon travail. Les d\u00e9pressions sont moins intenses, les sautes d'humeur ont disparu. Plus d'attaques de col\u00e8re.<\/p>\n<p>Deux mois apr\u00e8s les recherches, il appara\u00eet que mon a\u00een\u00e9 est \u00e9galement atteint de TDAH et de TOC. Cela va \u00eatre difficile, mais ce n'est pas parce que je le comprends si bien, parce que je l'ai moi-m\u00eame, que je pense qu'il est \u00e0 la bonne place avec moi. Parce que j'ai de l'amour et de la patience en abondance pour mes enfants........ Pour le reste, la patience n'est pas dans mon dictionnaire. Il souffre principalement de probl\u00e8mes de concentration et est r\u00e9guli\u00e8rement en conflit avec les enseignants. Il ne peut pas assumer la responsabilit\u00e9 de son propre comportement, c'est toujours \u00e0 quelqu'un d'autre de le faire. Mais oh ! un gamin si d\u00e9licieusement intelligent avec le sens de l'humour !<\/p>\n<p>Ma fille a\u00een\u00e9e n'a rien, mais semble (apr\u00e8s enqu\u00eate) \u00eatre dans une relation perturb\u00e9e avec moi, en raison de mon comportement et de la s\u00e9paration entre son p\u00e8re et moi. Nous allons \u00e9galement travailler sur ce point. Je ne me sens pas coupable. C'est arriv\u00e9, je ne peux pas changer ce qui a \u00e9t\u00e9, je peux changer l'avenir pour elle.<\/p>\n<p>Nous sommes une famille sp\u00e9ciale, on ne s'ennuie jamais avec nous. Nous pouvons rebondir ensemble et nous nous aimons les uns les autres. Je ne suis pas fou, j'ai juste un TDAH.<\/p>\n<p>Laura<\/p>\n<p>Faites d\u00e9filer vers le bas pour laisser votre r\u00e9action \u00e0 l'histoire de la vie de Laura.<\/p>\n<p>\u00a0<\/p>\n\n\n<div class=\"wp-block-uagb-marketing-button uagb-marketing-btn__outer-wrap uagb-marketing-btn__align-center uagb-marketing-btn__align-text-center uagb-marketing-btn__icon-before\" id=\"uagb-marketing-btn-bc07d9fd-afab-465d-bd82-96e12407b527\"><div class=\"uagb-marketing-btn__wrap\"><a href=\"https:\/\/www.addkenmerken.net\/fr\/categorie\/histoires-de-vie\/\" class=\"uagb-marketing-btn__link\" target=\"\" rel=\"noopener \"><div class=\"uagb-marketing-btn__title-wrap\"><h6 class=\"uagb-marketing-btn__title\">Voir toutes les histoires de vie soumises ici<\/h6><\/div><div class=\"uagb-marketing-btn__prefix-wrap\"><p class=\"uagb-marketing-btn__prefix\"><\/p><\/div><\/a><\/div><\/div>","protected":false},"excerpt":{"rendered":"<p>La vie de Laura avec le TDAH J'ai 15 ans et je suis en classe. J'ai l'impression de devoir cracher et partir...<\/p>","protected":false},"author":1,"featured_media":14663,"comment_status":"open","ping_status":"closed","sticky":false,"template":"","format":"standard","meta":{"_kad_post_transparent":"","_kad_post_title":"","_kad_post_layout":"","_kad_post_sidebar_id":"","_kad_post_content_style":"","_kad_post_vertical_padding":"","_kad_post_feature":"","_kad_post_feature_position":"","_kad_post_header":false,"_kad_post_footer":false,"_kad_post_classname":"","footnotes":""},"categories":[1162,1506,1132,552],"tags":[6,691],"class_list":["post-7695","post","type-post","status-publish","format-standard","has-post-thumbnail","hentry","category-volwassenen-met-add-adhd","category-add-adhd","category-adhd-artikelen","category-levensverhalen","tag-adhd","tag-verhaal"],"_links":{"self":[{"href":"https:\/\/www.addkenmerken.net\/fr\/wp-json\/wp\/v2\/posts\/7695","targetHints":{"allow":["GET"]}}],"collection":[{"href":"https:\/\/www.addkenmerken.net\/fr\/wp-json\/wp\/v2\/posts"}],"about":[{"href":"https:\/\/www.addkenmerken.net\/fr\/wp-json\/wp\/v2\/types\/post"}],"author":[{"embeddable":true,"href":"https:\/\/www.addkenmerken.net\/fr\/wp-json\/wp\/v2\/users\/1"}],"replies":[{"embeddable":true,"href":"https:\/\/www.addkenmerken.net\/fr\/wp-json\/wp\/v2\/comments?post=7695"}],"version-history":[{"count":0,"href":"https:\/\/www.addkenmerken.net\/fr\/wp-json\/wp\/v2\/posts\/7695\/revisions"}],"wp:featuredmedia":[{"embeddable":true,"href":"https:\/\/www.addkenmerken.net\/fr\/wp-json\/wp\/v2\/media\/14663"}],"wp:attachment":[{"href":"https:\/\/www.addkenmerken.net\/fr\/wp-json\/wp\/v2\/media?parent=7695"}],"wp:term":[{"taxonomy":"category","embeddable":true,"href":"https:\/\/www.addkenmerken.net\/fr\/wp-json\/wp\/v2\/categories?post=7695"},{"taxonomy":"post_tag","embeddable":true,"href":"https:\/\/www.addkenmerken.net\/fr\/wp-json\/wp\/v2\/tags?post=7695"}],"curies":[{"name":"wp","href":"https:\/\/api.w.org\/{rel}","templated":true}]}}