{"id":7721,"date":"2013-10-29T16:10:17","date_gmt":"2013-10-29T15:10:17","guid":{"rendered":"http:\/\/www.addkenmerken.net\/?p=7721"},"modified":"2019-10-02T23:01:12","modified_gmt":"2019-10-02T21:01:12","slug":"mere-dun-fils-atteint-dautisme","status":"publish","type":"post","link":"https:\/\/www.addkenmerken.net\/fr\/moeder-van-zoon-met-adhd-autisme\/","title":{"rendered":"L'histoire d'une m\u00e8re au sujet de son fils atteint de TDAH et d'autisme"},"content":{"rendered":"<aside class=\"mashsb-container mashsb-main mashsb-stretched\"><div class=\"mashsb-box\"><div class=\"mashsb-buttons\"><a class=\"mashicon-facebook mash-large mash-center mashsb-noshadow\" href=\"https:\/\/www.facebook.com\/sharer.php?u=https%3A%2F%2Fwww.addkenmerken.net%2Ffr%2Fmoeder-van-zoon-met-adhd-autisme%2F%3Futm_source%3Dsharebuttons%26utm_medium%3Dfacebook%26utm_campaign%3Dmashshare\" target=\"_top\" rel=\"nofollow\"><span class=\"icon\"><\/span><span class=\"text\">Partager<\/span><\/a><a class=\"mashicon-twitter mash-large mash-center mashsb-noshadow\" href=\"https:\/\/twitter.com\/intent\/tweet?text=&amp;url=https:\/\/www.addkenmerken.net\/fr\/?p=7721&amp;via=krachtvanADHD\" target=\"_top\" rel=\"nofollow\"><span class=\"icon\"><\/span><span class=\"text\">Tweet<\/span><\/a><div class=\"onoffswitch2 mash-large mashsb-noshadow\" style=\"display:none\"><\/div><\/div>\n            <\/div>\n                <div style=\"clear:both\"><\/div><\/aside>\n            <!-- Share buttons by mashshare.net - Version: 4.0.47--><h2><span style=\"color: #000000;\">Ella Timmermans parle de son fils atteint de TDAH et d'autisme<\/span><\/h2>\n<p>Cher Jochem,<\/p>\n<figure id=\"attachment_14660\" aria-describedby=\"caption-attachment-14660\" style=\"width: 315px\" class=\"wp-caption alignright\"><img loading=\"lazy\" decoding=\"async\" class=\"wp-image-14660\" src=\"https:\/\/www.addkenmerken.net\/wp-content\/uploads\/2013\/10\/Kinderen-met-ADHD-en-autisme.jpg\" alt=\"Enfants atteints de TDAH et d&#039;autisme\" width=\"315\" height=\"210\" title=\"\"><figcaption id=\"caption-attachment-14660\" class=\"wp-caption-text\">Photo pour illustrer<\/figcaption><\/figure>\n<p>Je vais vous parler un peu de nos exp\u00e9riences. Notre fils a maintenant 8 ans. \u00c0 sa naissance (9 livres), nous avons appris que nous avions eu un fils en bonne sant\u00e9. En tant que m\u00e8re, j'ai vite remarqu\u00e9 qu'il \u00e9tait agit\u00e9. J'avais d\u00e9j\u00e0 3 enfants plus \u00e2g\u00e9s. C'\u00e9tait une nouvelle relation et un enfant de l'amour.  C'\u00e9tait donc le premier enfant de mon mari.<\/p>\n<p>J'ai senti qu'il \u00e9tait agit\u00e9, qu'il pleurait beaucoup et qu'il pouvait aussi \u00eatre \u00e0 la d\u00e9rive. Diff\u00e9rent de mes autres enfants.<\/p>\n<p>Apr\u00e8s des ann\u00e9es, il est all\u00e9 au jardin d'enfants et il est vite devenu \u00e9vident que c'\u00e9tait une erreur. Enfin, j'ai eu le sentiment que je ne suis pas le seul \u00e0 me soucier de notre petit. Apr\u00e8s un petit examen \u00e0 Herlahof, on m'a diagnostiqu\u00e9 un trouble de la suture.  Et nous sommes rest\u00e9s dehors dans la rue. Parce que rien d'autre n'a \u00e9t\u00e9 fait avec elle. Je n'ai pas compris et j'ai commenc\u00e9 \u00e0 lire. Et tout de suite j'ai pens\u00e9 : il n'a vraiment pas \u00e7a.<\/p>\n<p>Apr\u00e8s avoir longtemps insist\u00e9 pour qu'une autre enqu\u00eate soit men\u00e9e dans une autre institution, nous avons re\u00e7u une carte de r\u00e9f\u00e9rence. C'est facile \u00e0 lire ici, mais cela a \u00e9t\u00e9 pr\u00e9c\u00e9d\u00e9 par beaucoup de stress. Le p\u00e9diatre a fait un test de QB. Et apr\u00e8s cela, nous avons \u00e9t\u00e9 autoris\u00e9s \u00e0 commencer avec des m\u00e9dicaments parce qu'il y avait beaucoup de choses visibles <a title=\"Caract\u00e9ristiques du TDAH\" href=\"https:\/\/www.addkenmerken.net\/fr\/caracteristiques-des-troubles-de-lattention\/\">ADHD<\/a>. Quand il a commenc\u00e9 \u00e0 voir un autre enfant apr\u00e8s quelques jours seulement. Il a vu ses jouets pour la premi\u00e8re fois, il a jou\u00e9 et \u00e9tait plus calme. Pourtant, entre-temps, il avait \u00e9t\u00e9 plac\u00e9 dans un \u00e9tablissement d'enseignement sp\u00e9cialis\u00e9. Sac \u00e0 dos 4. Maintenant, \u00e7a se passe tellement mieux avec lui : les petites classes, moins de stimuli. Nous avons \u00e9galement arr\u00eat\u00e9 les m\u00e9dicaments \u00e0 plusieurs reprises et cela s'est imm\u00e9diatement vu et il s'est demand\u00e9 s'il pouvait prendre ses pilules. Le football \u00e0 l'\u00e9cole, \u00e0 la maison, tout s'est mal pass\u00e9. Nous savions donc qu'il nous fallait le m\u00e9thylph\u00e9nidate retard\u00e9. Il le prend depuis pr\u00e8s de deux ans maintenant. Son app\u00e9tit est mauvais.<\/p>\n<p>Nous sommes venus \u00e0 GGZ par l'interm\u00e9diaire du p\u00e9diatre pour ses probl\u00e8mes de comportement. Ses crises de col\u00e8re s'aggravaient de plus en plus. D'apr\u00e8s les sentiments de ma m\u00e8re, il y avait plus en lui. Apr\u00e8s une longue discussion, nous avons finalement \u00e9t\u00e9 autoris\u00e9s \u00e0 voir un psychiatre. Il s'est vite rendu compte que nous n'\u00e9tions pas venus en vain. Apr\u00e8s une recherche sur le jeu de plus de 2 heures et la conversation avec notre fils et nous, il nous a dit que son TDAH n'\u00e9tait qu'un fond par rapport \u00e0 son autre handicap. Il nous a dit qu'il avait un spectre autistique. C'est pourquoi il a construit une d\u00e9rive et des tentes. Il ne pouvait pas bien para\u00eetre et marcher sur la pointe des pieds et rien n'\u00e9tait jamais autoris\u00e9 \u00e0 bouger. Sa d\u00e9rive est maintenant mieux expliqu\u00e9e.<\/p>\n<p>Nous allons maintenant devoir suivre un cours sur la meilleure fa\u00e7on de le traiter. Cette histoire semble longue. Mais si je devais tout raconter, ce serait un livre. Je ne travaille plus. Je vais m'accrocher \u00e0 lui et m'assurer que je serai toujours l\u00e0 pour lui. Je m'entra\u00eene \u00e0 midi et le soir, je suis toujours \u00e0 la maison. Il faut beaucoup d'\u00e9nergie pour traiter avec moi. Mon partenaire lui ressemble et \u00e7a fait des bots assez souvent. C'est pourquoi j'ai la plupart des t\u00e2ches \u00e0 la maison avec notre fils. Le soir, je dois souvent sortir pour lui, m\u00eame s'il a de la m\u00e9latonine ! Il exige beaucoup d'attention et a un rituel clair. Ils sont trop lourds pour mon mari parce qu'il est le m\u00eame dans beaucoup de choses. Notre fils adore son IPAD et son DS.  Et XBOX. C'est l\u00e0 qu'il trouve la paix. J'esp\u00e8re que vous aimerez mon histoire. Bonne chance avec tout le travail que vous faites sur ces limitations du TDAH.<\/p>\n<p>Avec mes sinc\u00e8res salutations,<\/p>\n<p>Ella Timmermans<\/p>\n<p>Vous pouvez commenter cette histoire de vie ci-dessous<\/p>\n\n\n\n\n<div class=\"wp-block-uagb-marketing-button uagb-marketing-btn__outer-wrap uagb-marketing-btn__align-center uagb-marketing-btn__align-text-center uagb-marketing-btn__icon-before\" id=\"uagb-marketing-btn-bc07d9fd-afab-465d-bd82-96e12407b527\"><div class=\"uagb-marketing-btn__wrap\"><a href=\"https:\/\/www.addkenmerken.net\/fr\/categorie\/histoires-de-vie\/\" class=\"uagb-marketing-btn__link\" target=\"\" rel=\"noopener \"><div class=\"uagb-marketing-btn__title-wrap\"><h6 class=\"uagb-marketing-btn__title\">Voir toutes les histoires de vie soumises ici<\/h6><\/div><div class=\"uagb-marketing-btn__prefix-wrap\"><p class=\"uagb-marketing-btn__prefix\"><\/p><\/div><\/a><\/div><\/div>","protected":false},"excerpt":{"rendered":"<p>Ella Timmermans \u00e0 propos de son fils atteint de TDAH et d'autisme Cher Jochem, je vais vous parler un peu de nos exp\u00e9riences. Notre fils a maintenant 8 ans....<\/p>","protected":false},"author":1,"featured_media":14660,"comment_status":"open","ping_status":"closed","sticky":false,"template":"","format":"standard","meta":{"_kad_post_transparent":"","_kad_post_title":"","_kad_post_layout":"","_kad_post_sidebar_id":"","_kad_post_content_style":"","_kad_post_vertical_padding":"","_kad_post_feature":"","_kad_post_feature_position":"","_kad_post_header":false,"_kad_post_footer":false,"_kad_post_classname":"","footnotes":""},"categories":[1148,1506,1132,701,552],"tags":[6,694,19,695],"class_list":["post-7721","post","type-post","status-publish","format-standard","has-post-thumbnail","hentry","category-kinderen-met-addadhd","category-add-adhd","category-adhd-artikelen","category-autisme","category-levensverhalen","tag-adhd","tag-autisme","tag-gedrag","tag-moeder"],"_links":{"self":[{"href":"https:\/\/www.addkenmerken.net\/fr\/wp-json\/wp\/v2\/posts\/7721","targetHints":{"allow":["GET"]}}],"collection":[{"href":"https:\/\/www.addkenmerken.net\/fr\/wp-json\/wp\/v2\/posts"}],"about":[{"href":"https:\/\/www.addkenmerken.net\/fr\/wp-json\/wp\/v2\/types\/post"}],"author":[{"embeddable":true,"href":"https:\/\/www.addkenmerken.net\/fr\/wp-json\/wp\/v2\/users\/1"}],"replies":[{"embeddable":true,"href":"https:\/\/www.addkenmerken.net\/fr\/wp-json\/wp\/v2\/comments?post=7721"}],"version-history":[{"count":0,"href":"https:\/\/www.addkenmerken.net\/fr\/wp-json\/wp\/v2\/posts\/7721\/revisions"}],"wp:featuredmedia":[{"embeddable":true,"href":"https:\/\/www.addkenmerken.net\/fr\/wp-json\/wp\/v2\/media\/14660"}],"wp:attachment":[{"href":"https:\/\/www.addkenmerken.net\/fr\/wp-json\/wp\/v2\/media?parent=7721"}],"wp:term":[{"taxonomy":"category","embeddable":true,"href":"https:\/\/www.addkenmerken.net\/fr\/wp-json\/wp\/v2\/categories?post=7721"},{"taxonomy":"post_tag","embeddable":true,"href":"https:\/\/www.addkenmerken.net\/fr\/wp-json\/wp\/v2\/tags?post=7721"}],"curies":[{"name":"wp","href":"https:\/\/api.w.org\/{rel}","templated":true}]}}