{"id":7729,"date":"2013-11-02T17:31:23","date_gmt":"2013-11-02T16:31:23","guid":{"rendered":"http:\/\/www.addkenmerken.net\/?p=7729"},"modified":"2019-10-01T22:07:51","modified_gmt":"2019-10-01T20:07:51","slug":"long-search-add-and-hsp","status":"publish","type":"post","link":"https:\/\/www.addkenmerken.net\/fr\/lange-zoektocht-add-en-hsp\/","title":{"rendered":"TDA et haute sensibilit\u00e9, une f\u00eate de la reconnaissance !"},"content":{"rendered":"<aside class=\"mashsb-container mashsb-main mashsb-stretched\"><div class=\"mashsb-box\"><div class=\"mashsb-count mash-large\" style=\"float:left\"><div class=\"counts mashsbcount\">400<\/div><span class=\"mashsb-sharetext\">temps partag\u00e9<\/span><\/div><div class=\"mashsb-buttons\"><a class=\"mashicon-facebook mash-large mash-center mashsb-noshadow\" href=\"https:\/\/www.facebook.com\/sharer.php?u=https%3A%2F%2Fwww.addkenmerken.net%2Ffr%2Flange-zoektocht-add-en-hsp%2F%3Futm_source%3Dsharebuttons%26utm_medium%3Dfacebook%26utm_campaign%3Dmashshare\" target=\"_top\" rel=\"nofollow\"><span class=\"icon\"><\/span><span class=\"text\">Partager<\/span><\/a><a class=\"mashicon-twitter mash-large mash-center mashsb-noshadow\" href=\"https:\/\/twitter.com\/intent\/tweet?text=&amp;url=https:\/\/www.addkenmerken.net\/fr\/?p=7729&amp;via=krachtvanADHD\" target=\"_top\" rel=\"nofollow\"><span class=\"icon\"><\/span><span class=\"text\">Tweet<\/span><\/a><div class=\"onoffswitch2 mash-large mashsb-noshadow\" style=\"display:none\"><\/div><\/div>\n            <\/div>\n                <div style=\"clear:both\"><\/div><\/aside>\n            <!-- Share buttons by mashshare.net - Version: 4.0.47--><p><em>R\u00e9ception de l'histoire de la vie de Carolien\u00a0<\/em><\/p>\n<h2>Carolien \u00e0 propos de sa vie avec ADD et HSP<\/h2>\n<p>Salut, Jochem,<\/p>\n<p><img loading=\"lazy\" decoding=\"async\" class=\"alignright wp-image-14665\" style=\"margin-top: 0.857143rem; margin-bottom: 0.857143rem; margin-left: 1.71429rem;\" src=\"https:\/\/www.addkenmerken.net\/wp-content\/uploads\/2013\/11\/ADD-en-HSP-feest-van-herkenning.jpg\" alt=\"F\u00eate de la reconnaissance des ADD et HSP\" width=\"339\" height=\"216\" title=\"\" srcset=\"https:\/\/www.addkenmerken.net\/wp-content\/uploads\/2013\/11\/ADD-en-HSP-feest-van-herkenning.jpg 595w, https:\/\/www.addkenmerken.net\/wp-content\/uploads\/2013\/11\/ADD-en-HSP-feest-van-herkenning-300x191.jpg 300w\" sizes=\"auto, (max-width: 339px) 100vw, 339px\"><\/p>\n<p>Merci pour votre accueil chaleureux. Et merci pour votre site. Plusieurs fois, des personnes paranormales m'ont dit que je ne produisais pas assez de dopamine. Apr\u00e8s \u00eatre retourn\u00e9 voir quelqu'un (en cherchant par moi-m\u00eame), je l'ai entendu \u00e0 nouveau et j'ai cherch\u00e9 sur Google. C'est comme \u00e7a que j'arrive sur votre site. Une f\u00eate de la reconnaissance. Jemig 44 et ne viennent que maintenant \u00e0 cette d\u00e9couverte.<\/p>\n<p>Je suis tr\u00e8s probablement <a title=\"AJOUTER\" href=\"https:\/\/www.addkenmerken.net\/fr\/ajouter-des-symptomes\/\">AJOUTER<\/a> et <a title=\"HSP (Personne tr\u00e8s sensible)\" href=\"https:\/\/www.addkenmerken.net\/fr\/personne-tres-sensible-hsp\/\">HSP<\/a> dou\u00e9s. C'est tout nouveau pour moi et beaucoup de choses se mettent en place. Je cherche beaucoup d'aide. Il y a 2 ans, il a pass\u00e9 7 semaines dans une maison de convalescence avec des sympt\u00f4mes d'\u00e9puisement professionnel. Apr\u00e8s cela, tout s'est bien pass\u00e9, mais apr\u00e8s deux ans, j'en reviens au m\u00eame point. Faible image de soi (bien que je semble passer pour une femme tr\u00e8s forte), pression dans ma t\u00eate et pas seulement dans ma t\u00eate. Sentiment de d\u00e9prime, relations qui ne r\u00e9ussissent pas etc. etc.<\/p>\n<p>D\u00e9sesp\u00e9r\u00e9 et d\u00e9courag\u00e9, il cherche \u00e0 nouveau des aides (g\u00e9n\u00e9ralement dans le circuit alternatif) qui pourraient conna\u00eetre la r\u00e9ponse. Entre-temps, tout s'est arr\u00eat\u00e9. Parce qu'en fin de compte, ils vous aident aussi avec leurs lunettes de couleur. Donc, apr\u00e8s moi.... c'est l\u00e0 que se trouve le noyau.<\/p>\n<p>Salutations,<br \/>Carolien<\/p>\n<p>Vous souhaitez commenter l'histoire de Carolien ? N'oubliez pas de nous le faire savoir dans les commentaires ci-dessous...<\/p>\n\n\n<div class=\"wp-block-uagb-marketing-button uagb-marketing-btn__outer-wrap uagb-marketing-btn__align-center uagb-marketing-btn__align-text-center uagb-marketing-btn__icon-before\" id=\"uagb-marketing-btn-bc07d9fd-afab-465d-bd82-96e12407b527\"><div class=\"uagb-marketing-btn__wrap\"><a href=\"https:\/\/www.addkenmerken.net\/fr\/categorie\/histoires-de-vie\/\" class=\"uagb-marketing-btn__link\" target=\"\" rel=\"noopener \"><div class=\"uagb-marketing-btn__title-wrap\"><h6 class=\"uagb-marketing-btn__title\">Voir toutes les histoires de vie soumises ici<\/h6><\/div><div class=\"uagb-marketing-btn__prefix-wrap\"><p class=\"uagb-marketing-btn__prefix\"><\/p><\/div><\/a><\/div><\/div>","protected":false},"excerpt":{"rendered":"<p>R\u00e9ception de l'histoire de Carolien Carolien sur sa vie avec ADD et HSP Hoi Jochem, Merci pour votre accueil chaleureux. Et merci pour votre site. Plusieurs...<\/p>","protected":false},"author":1,"featured_media":14665,"comment_status":"open","ping_status":"closed","sticky":false,"template":"","format":"standard","meta":{"_kad_post_transparent":"","_kad_post_title":"","_kad_post_layout":"","_kad_post_sidebar_id":"","_kad_post_content_style":"","_kad_post_vertical_padding":"","_kad_post_feature":"","_kad_post_feature_position":"","_kad_post_header":false,"_kad_post_footer":false,"_kad_post_classname":"","footnotes":""},"categories":[1162,1131,1506,1141],"tags":[5,697,516,699,700,698],"class_list":["post-7729","post","type-post","status-publish","format-standard","has-post-thumbnail","hentry","category-volwassenen-met-add-adhd","category-add","category-add-adhd","category-hsp-hooggevoeligheid","tag-add","tag-begaafd","tag-burn-out","tag-down","tag-relaties","tag-vrouw"],"_links":{"self":[{"href":"https:\/\/www.addkenmerken.net\/fr\/wp-json\/wp\/v2\/posts\/7729","targetHints":{"allow":["GET"]}}],"collection":[{"href":"https:\/\/www.addkenmerken.net\/fr\/wp-json\/wp\/v2\/posts"}],"about":[{"href":"https:\/\/www.addkenmerken.net\/fr\/wp-json\/wp\/v2\/types\/post"}],"author":[{"embeddable":true,"href":"https:\/\/www.addkenmerken.net\/fr\/wp-json\/wp\/v2\/users\/1"}],"replies":[{"embeddable":true,"href":"https:\/\/www.addkenmerken.net\/fr\/wp-json\/wp\/v2\/comments?post=7729"}],"version-history":[{"count":0,"href":"https:\/\/www.addkenmerken.net\/fr\/wp-json\/wp\/v2\/posts\/7729\/revisions"}],"wp:featuredmedia":[{"embeddable":true,"href":"https:\/\/www.addkenmerken.net\/fr\/wp-json\/wp\/v2\/media\/14665"}],"wp:attachment":[{"href":"https:\/\/www.addkenmerken.net\/fr\/wp-json\/wp\/v2\/media?parent=7729"}],"wp:term":[{"taxonomy":"category","embeddable":true,"href":"https:\/\/www.addkenmerken.net\/fr\/wp-json\/wp\/v2\/categories?post=7729"},{"taxonomy":"post_tag","embeddable":true,"href":"https:\/\/www.addkenmerken.net\/fr\/wp-json\/wp\/v2\/tags?post=7729"}],"curies":[{"name":"wp","href":"https:\/\/api.w.org\/{rel}","templated":true}]}}