{"id":7961,"date":"2014-01-15T14:35:23","date_gmt":"2014-01-15T13:35:23","guid":{"rendered":"http:\/\/www.addkenmerken.net\/?p=7961"},"modified":"2019-10-02T16:12:38","modified_gmt":"2019-10-02T14:12:38","slug":"hanneka-et-son-fils-avec-add","status":"publish","type":"post","link":"https:\/\/www.addkenmerken.net\/fr\/hanneka-en-haar-zoontje-met-add\/","title":{"rendered":"Hanneka et son fils atteints de TDA"},"content":{"rendered":"<aside class=\"mashsb-container mashsb-main mashsb-stretched\"><div class=\"mashsb-box\"><div class=\"mashsb-count mash-large\" style=\"float:left\"><div class=\"counts mashsbcount\">82<\/div><span class=\"mashsb-sharetext\">temps partag\u00e9<\/span><\/div><div class=\"mashsb-buttons\"><a class=\"mashicon-facebook mash-large mash-center mashsb-noshadow\" href=\"https:\/\/www.facebook.com\/sharer.php?u=https%3A%2F%2Fwww.addkenmerken.net%2Ffr%2Fhanneka-en-haar-zoontje-met-add%2F%3Futm_source%3Dsharebuttons%26utm_medium%3Dfacebook%26utm_campaign%3Dmashshare\" target=\"_top\" rel=\"nofollow\"><span class=\"icon\"><\/span><span class=\"text\">Partager<\/span><\/a><a class=\"mashicon-twitter mash-large mash-center mashsb-noshadow\" href=\"https:\/\/twitter.com\/intent\/tweet?text=&amp;url=https:\/\/www.addkenmerken.net\/fr\/?p=7961&amp;via=krachtvanADHD\" target=\"_top\" rel=\"nofollow\"><span class=\"icon\"><\/span><span class=\"text\">Tweet<\/span><\/a><div class=\"onoffswitch2 mash-large mashsb-noshadow\" style=\"display:none\"><\/div><\/div>\n            <\/div>\n                <div style=\"clear:both\"><\/div><\/aside>\n            <!-- Share buttons by mashshare.net - Version: 4.0.47--><p><em>Hanneke nous a racont\u00e9 l'histoire de son fils atteint d'un TDA<\/em><\/p>\n<h2>Les c\u00f4t\u00e9s amusants et moins amusants de l'ADD<\/h2>\n<p>Salut, Jochem,<\/p>\n<p>Tout d'abord, je trouve que c'est formidable que vous ayez mis en place ce site, des explications claires et tout est bien formul\u00e9 et j'aime aussi les conseils.<\/p>\n<figure id=\"attachment_14656\" aria-describedby=\"caption-attachment-14656\" style=\"width: 278px\" class=\"wp-caption alignright\"><img loading=\"lazy\" decoding=\"async\" class=\"wp-image-14656\" src=\"https:\/\/www.addkenmerken.net\/wp-content\/uploads\/2014\/01\/Kinderen-met-ADD.jpg\" alt=\"AJOUTER les enfants\" width=\"278\" height=\"187\" title=\"\"><figcaption id=\"caption-attachment-14656\" class=\"wp-caption-text\">Photo pour illustrer<\/figcaption><\/figure>\n<p>Je n'ai pas le diagnostic <a title=\"AJOUTER\" href=\"https:\/\/www.addkenmerken.net\/fr\/ajouter-des-symptomes\/\" target=\"_blank\" rel=\"noopener \">AJOUTER<\/a> mais mon fils de 10 ans l'a fait.<\/p>\n<p>J'ai su tr\u00e8s vite que c'\u00e9tait un cas particulier, \u00e9tant enfant, il \u00e9tait parfois assez contradictoire ; tr\u00e8s fatigant mais aussi beau, ce qu'il faisait ou disait.<\/p>\n<p>Lorsque nous avons d\u00e9m\u00e9nag\u00e9 en 2010 et que le changement pour lui s'est av\u00e9r\u00e9 assez intense, il a soudainement \u00e9t\u00e9 brutalis\u00e9 \u00e0 l'\u00e9cole et a commenc\u00e9 \u00e0 avoir de tr\u00e8s mauvais r\u00e9sultats.<\/p>\n<p>Il est d'abord all\u00e9 voir un psychologue mais il n'a pas aim\u00e9 et il a dit qu'il ne comprenait pas ce qu'il en retirait. Non, \u00e7a n'a pas march\u00e9.<\/p>\n<p>Son ma\u00eetre m'a parl\u00e9 du TDA et des tests qu'il a effectu\u00e9s, et c'\u00e9tait bien le TDA.<\/p>\n<p>J'ai beaucoup lu \u00e0 ce sujet et depuis un mois, nous travaillons sur <a title=\"LTO3\" href=\"https:\/\/www.addkenmerken.net\/fr\/lto3\/\">lto3<\/a> Je suis tr\u00e8s contre la drogue, alors je la repousse le plus longtemps possible.<\/p>\n<p>Ce n'est pas qu'il soit ing\u00e9rable.<\/p>\n<p>Il faut juste avoir beaucoup de patience avec lui, ce n'est pas facile pour moi en tant que m\u00e8re car j'ai encore deux fils qui ont aussi besoin d'attention bien s\u00fbr.<\/p>\n<p>J'essaie toujours de lui faire comprendre qu'il est normal et qu'il a quelque chose de sp\u00e9cial en sa possession ; il peut tout voir un peu mieux, un peu plus dans une chanson ou un peu plus dans les bois ou si dr\u00f4le qu'il sort du coin<\/p>\n<p>Il n'est pas toujours facile de voir qu'il est occup\u00e9 dans sa t\u00eate ; il se gratte souvent les mains et une telle blessure reste g\u00e9n\u00e9ralement ouverte quelques fois de plus pendant des semaines. <a href=\"https:\/\/www.addkenmerken.net\/fr\/8-conseils-pour-mieux-dormir-avec-le-tdah\/\">sleep<\/a> est toujours difficile je le laisse souvent \u00e9couter de la musique de spa quand il s'endort aussi il doit avoir quelque chose dans ses mains il a g\u00e9n\u00e9ralement un enchev\u00eatrement ou une balle anti-stress dans ses mains<\/p>\n<p>J'esp\u00e8re que je vais bien et que plus tard il pourra bien se d\u00e9velopper dans ce monde.<\/p>\n<p>Mme Hanneke<\/p>\n<p>Si vous souhaitez commenter l'article de Hanneke, faites-nous part de vos commentaires dans les commentaires ci-dessous...<\/p>\n\n\n\n\n<div class=\"wp-block-uagb-marketing-button uagb-marketing-btn__outer-wrap uagb-marketing-btn__align-center uagb-marketing-btn__align-text-center uagb-marketing-btn__icon-before\" id=\"uagb-marketing-btn-bc07d9fd-afab-465d-bd82-96e12407b527\"><div class=\"uagb-marketing-btn__wrap\"><a href=\"https:\/\/www.addkenmerken.net\/fr\/categorie\/histoires-de-vie\/\" class=\"uagb-marketing-btn__link\" target=\"\" rel=\"noopener \"><div class=\"uagb-marketing-btn__title-wrap\"><h6 class=\"uagb-marketing-btn__title\">Voir toutes les histoires de vie soumises ici<\/h6><\/div><div class=\"uagb-marketing-btn__prefix-wrap\"><p class=\"uagb-marketing-btn__prefix\"><\/p><\/div><\/a><\/div><\/div>","protected":false},"excerpt":{"rendered":"<p>Re\u00e7u l'histoire de Hanneke sur son fils avec ADD Les c\u00f4t\u00e9s amusants et moins amusants de ADD Hi Jochem, Tout d'abord je pense que c'est fantastique...<\/p>","protected":false},"author":1,"featured_media":14656,"comment_status":"open","ping_status":"closed","sticky":false,"template":"","format":"standard","meta":{"_kad_post_transparent":"","_kad_post_title":"","_kad_post_layout":"","_kad_post_sidebar_id":"","_kad_post_content_style":"","_kad_post_vertical_padding":"","_kad_post_feature":"","_kad_post_feature_position":"","_kad_post_header":false,"_kad_post_footer":false,"_kad_post_classname":"","footnotes":""},"categories":[1148,1131,1506,552],"tags":[5,695],"class_list":["post-7961","post","type-post","status-publish","format-standard","has-post-thumbnail","hentry","category-kinderen-met-addadhd","category-add","category-add-adhd","category-levensverhalen","tag-add","tag-moeder"],"_links":{"self":[{"href":"https:\/\/www.addkenmerken.net\/fr\/wp-json\/wp\/v2\/posts\/7961","targetHints":{"allow":["GET"]}}],"collection":[{"href":"https:\/\/www.addkenmerken.net\/fr\/wp-json\/wp\/v2\/posts"}],"about":[{"href":"https:\/\/www.addkenmerken.net\/fr\/wp-json\/wp\/v2\/types\/post"}],"author":[{"embeddable":true,"href":"https:\/\/www.addkenmerken.net\/fr\/wp-json\/wp\/v2\/users\/1"}],"replies":[{"embeddable":true,"href":"https:\/\/www.addkenmerken.net\/fr\/wp-json\/wp\/v2\/comments?post=7961"}],"version-history":[{"count":0,"href":"https:\/\/www.addkenmerken.net\/fr\/wp-json\/wp\/v2\/posts\/7961\/revisions"}],"wp:featuredmedia":[{"embeddable":true,"href":"https:\/\/www.addkenmerken.net\/fr\/wp-json\/wp\/v2\/media\/14656"}],"wp:attachment":[{"href":"https:\/\/www.addkenmerken.net\/fr\/wp-json\/wp\/v2\/media?parent=7961"}],"wp:term":[{"taxonomy":"category","embeddable":true,"href":"https:\/\/www.addkenmerken.net\/fr\/wp-json\/wp\/v2\/categories?post=7961"},{"taxonomy":"post_tag","embeddable":true,"href":"https:\/\/www.addkenmerken.net\/fr\/wp-json\/wp\/v2\/tags?post=7961"}],"curies":[{"name":"wp","href":"https:\/\/api.w.org\/{rel}","templated":true}]}}