{"id":7964,"date":"2014-01-15T14:43:41","date_gmt":"2014-01-15T13:43:41","guid":{"rendered":"http:\/\/www.addkenmerken.net\/?p=7964"},"modified":"2019-08-21T16:24:39","modified_gmt":"2019-08-21T14:24:39","slug":"karin-le-chaos-sa-tete-a-travers-add","status":"publish","type":"post","link":"https:\/\/www.addkenmerken.net\/fr\/karin-de-chaos-haar-hoofd-door-add\/","title":{"rendered":"Karin \u00e0 propos du chaos dans sa t\u00eate par ADD"},"content":{"rendered":"<aside class=\"mashsb-container mashsb-main mashsb-stretched\"><div class=\"mashsb-box\"><div class=\"mashsb-count mash-large\" style=\"float:left\"><div class=\"counts mashsbcount\">240<\/div><span class=\"mashsb-sharetext\">temps partag\u00e9<\/span><\/div><div class=\"mashsb-buttons\"><a class=\"mashicon-facebook mash-large mash-center mashsb-noshadow\" href=\"https:\/\/www.facebook.com\/sharer.php?u=https%3A%2F%2Fwww.addkenmerken.net%2Ffr%2Fkarin-de-chaos-haar-hoofd-door-add%2F%3Futm_source%3Dsharebuttons%26utm_medium%3Dfacebook%26utm_campaign%3Dmashshare\" target=\"_top\" rel=\"nofollow\"><span class=\"icon\"><\/span><span class=\"text\">Partager<\/span><\/a><a class=\"mashicon-twitter mash-large mash-center mashsb-noshadow\" href=\"https:\/\/twitter.com\/intent\/tweet?text=&amp;url=https:\/\/www.addkenmerken.net\/fr\/?p=7964&amp;via=krachtvanADHD\" target=\"_top\" rel=\"nofollow\"><span class=\"icon\"><\/span><span class=\"text\">Tweet<\/span><\/a><div class=\"onoffswitch2 mash-large mashsb-noshadow\" style=\"display:none\"><\/div><\/div>\n            <\/div>\n                <div style=\"clear:both\"><\/div><\/aside>\n            <!-- Share buttons by mashshare.net - Version: 4.0.47--><h2>Occup\u00e9, occup\u00e9, occup\u00e9, encore occup\u00e9 dans ma t\u00eate !<\/h2>\n<h2 style=\"margin-top: 1.71429rem; margin-bottom: 1.71429rem; font-size: 1.28571rem;\"><img loading=\"lazy\" decoding=\"async\" class=\"alignright wp-image-14667\" style=\"margin-top: 0.857143rem; margin-bottom: 0.857143rem; margin-left: 1.71429rem;\" src=\"https:\/\/www.addkenmerken.net\/wp-content\/uploads\/2014\/01\/Chaos-in-je-hoofd-door-ADD.jpg\" alt=\"Le chaos dans votre t\u00eate par ADD\" width=\"265\" height=\"242\" title=\"\" srcset=\"https:\/\/www.addkenmerken.net\/wp-content\/uploads\/2014\/01\/Chaos-in-je-hoofd-door-ADD.jpg 685w, https:\/\/www.addkenmerken.net\/wp-content\/uploads\/2014\/01\/Chaos-in-je-hoofd-door-ADD-300x274.jpg 300w, https:\/\/www.addkenmerken.net\/wp-content\/uploads\/2014\/01\/Chaos-in-je-hoofd-door-ADD-624x569.jpg 624w, https:\/\/www.addkenmerken.net\/wp-content\/uploads\/2014\/01\/Chaos-in-je-hoofd-door-ADD-330x300.jpg 330w\" sizes=\"auto, (max-width: 265px) 100vw, 265px\"><\/h2>\n<p>Eh bien... que puis-je dire de moi... qu'est-ce que cela apporte \u00e0 quelqu'un d'autre ? Un point o\u00f9 j'ai toutes sortes de flashes dans la t\u00eate...quoi ? comment ? combien ? quand ?<\/p>\n<p>Et maintenant, je suis \u00e0 nouveau distrait par un merle qui me fait signe dans mon jardin... il fait chaud pour l'ann\u00e9e... comment un oiseau peut-il dormir ? que cherche-t-il ? Le chat est heureux \u00e0 l'int\u00e9rieur... je dois encore prendre une douche... y a-t-il assez de nourriture pour les oiseaux ? Dois-je accrocher des cacahu\u00e8tes ? J'entends le vent... les \u00e9crans s'agitent... et pourtant je pense que c'est calme... \u00e9trange... le chat hurle Pourquoi il y a de l'eau et de la nourriture...<\/p>\n<p>PPfffff Je suis toujours si fatigu\u00e9... je bois mon caf\u00e9... ouais mon caf\u00e9... bon sang, je revois le merle... toujours au m\u00eame endroit...<\/p>\n<p>Je ne saurais m\u00eame pas comment sont mes exp\u00e9riences....se lever le matin est comme \u00e7a pour moi...avec d\u00e9j\u00e0 beaucoup d'impressions...et non je n'ai pas de m\u00e9dicaments...consid\u00e9rez le...<\/p>\n<p>Karin<\/p>","protected":false},"excerpt":{"rendered":"<p>Occup\u00e9, occup\u00e9, occup\u00e9, encore occup\u00e9 dans ma t\u00eate ! Eh bien... que puis-je dire de moi... qu'est-ce que cela apporte \u00e0 quelqu'un d'autre ? Un point o\u00f9 je...<\/p>","protected":false},"author":1,"featured_media":14667,"comment_status":"open","ping_status":"closed","sticky":false,"template":"","format":"standard","meta":{"_kad_post_transparent":"","_kad_post_title":"","_kad_post_layout":"","_kad_post_sidebar_id":"","_kad_post_content_style":"","_kad_post_vertical_padding":"","_kad_post_feature":"","_kad_post_feature_position":"","_kad_post_header":false,"_kad_post_footer":false,"_kad_post_classname":"","footnotes":""},"categories":[1162,1131,1506],"tags":[5,469,20,211],"class_list":["post-7964","post","type-post","status-publish","format-standard","has-post-thumbnail","hentry","category-volwassenen-met-add-adhd","category-add","category-add-adhd","tag-add","tag-chaos","tag-druk","tag-gedachten"],"_links":{"self":[{"href":"https:\/\/www.addkenmerken.net\/fr\/wp-json\/wp\/v2\/posts\/7964","targetHints":{"allow":["GET"]}}],"collection":[{"href":"https:\/\/www.addkenmerken.net\/fr\/wp-json\/wp\/v2\/posts"}],"about":[{"href":"https:\/\/www.addkenmerken.net\/fr\/wp-json\/wp\/v2\/types\/post"}],"author":[{"embeddable":true,"href":"https:\/\/www.addkenmerken.net\/fr\/wp-json\/wp\/v2\/users\/1"}],"replies":[{"embeddable":true,"href":"https:\/\/www.addkenmerken.net\/fr\/wp-json\/wp\/v2\/comments?post=7964"}],"version-history":[{"count":0,"href":"https:\/\/www.addkenmerken.net\/fr\/wp-json\/wp\/v2\/posts\/7964\/revisions"}],"wp:featuredmedia":[{"embeddable":true,"href":"https:\/\/www.addkenmerken.net\/fr\/wp-json\/wp\/v2\/media\/14667"}],"wp:attachment":[{"href":"https:\/\/www.addkenmerken.net\/fr\/wp-json\/wp\/v2\/media?parent=7964"}],"wp:term":[{"taxonomy":"category","embeddable":true,"href":"https:\/\/www.addkenmerken.net\/fr\/wp-json\/wp\/v2\/categories?post=7964"},{"taxonomy":"post_tag","embeddable":true,"href":"https:\/\/www.addkenmerken.net\/fr\/wp-json\/wp\/v2\/tags?post=7964"}],"curies":[{"name":"wp","href":"https:\/\/api.w.org\/{rel}","templated":true}]}}