{"id":7986,"date":"2014-01-15T15:17:22","date_gmt":"2014-01-15T14:17:22","guid":{"rendered":"http:\/\/www.addkenmerken.net\/?p=7986"},"modified":"2019-10-01T21:57:26","modified_gmt":"2019-10-01T19:57:26","slug":"patrick-et-ses-luttes-la-vie-quotidienne-avec-laddiction","status":"publish","type":"post","link":"https:\/\/www.addkenmerken.net\/fr\/patrick-en-zijn-struggels-het-dagelijks-leven-met-add\/","title":{"rendered":"Patrick et ses luttes au quotidien avec le TDA"},"content":{"rendered":"<aside class=\"mashsb-container mashsb-main mashsb-stretched\"><div class=\"mashsb-box\"><div class=\"mashsb-buttons\"><a class=\"mashicon-facebook mash-large mash-center mashsb-noshadow\" href=\"https:\/\/www.facebook.com\/sharer.php?u=https%3A%2F%2Fwww.addkenmerken.net%2Ffr%2Fpatrick-en-zijn-struggels-het-dagelijks-leven-met-add%2F%3Futm_source%3Dsharebuttons%26utm_medium%3Dfacebook%26utm_campaign%3Dmashshare\" target=\"_top\" rel=\"nofollow\"><span class=\"icon\"><\/span><span class=\"text\">Partager<\/span><\/a><a class=\"mashicon-twitter mash-large mash-center mashsb-noshadow\" href=\"https:\/\/twitter.com\/intent\/tweet?text=&amp;url=https:\/\/www.addkenmerken.net\/fr\/?p=7986&amp;via=krachtvanADHD\" target=\"_top\" rel=\"nofollow\"><span class=\"icon\"><\/span><span class=\"text\">Tweet<\/span><\/a><div class=\"onoffswitch2 mash-large mashsb-noshadow\" style=\"display:none\"><\/div><\/div>\n            <\/div>\n                <div style=\"clear:both\"><\/div><\/aside>\n            <!-- Share buttons by mashshare.net - Version: 4.0.47--><h2>Activit\u00e9s sociales, \u00e9tudes et relations avec les ADD<\/h2>\n<p>Bonjour, chers amis,<\/p>\n<p><img loading=\"lazy\" decoding=\"async\" class=\"alignright wp-image-14648\" src=\"https:\/\/www.addkenmerken.net\/wp-content\/uploads\/2014\/01\/Struggles-in-het-dagelijks-leven-met-ADD.png\" alt=\"Les difficult\u00e9s de la vie quotidienne avec le TDA\" width=\"427\" height=\"188\" title=\"\">Je m'appelle Patrick, j'ai 21 ans et on m'a diagnostiqu\u00e9 un TDA il y a environ six mois.<br \/>J'ai \u00e9crit cet article sur moi-m\u00eame parce que je rencontre beaucoup de choses dans la vie quotidienne et j'aimerais entendre des histoires de \"compagnons de souffrance\" et savoir comment vous les traitez, et j'aimerais aussi aider les gens.<\/p>\n<p>J'\u00e9tudie en ce moment et j'aime faire du sport et, comme beaucoup de gens, j'aime avoir une conversation agr\u00e9able et des activit\u00e9s sociales. Ce que je rencontre est le suivant : Je n'arrive pas \u00e0 me concentrer sur mes \u00e9tudes, j'ai souvent des maux de t\u00eate, je suis souvent fatigu\u00e9 et j'ai besoin de beaucoup de sommeil.<\/p>\n<p>Je me sens totalement mal \u00e0 l'aise dans un grand groupe et de faire des pr\u00e9sentations pour ma formation. Et je me rends compte que je me retire souvent et que je ressens vraiment le besoin d'\u00eatre seul pendant un certain temps.<\/p>\n<p>Je ne suis pas vraiment un h\u00e9ros en mati\u00e8re de relations, je n'ai jamais eu de longue relation, et depuis que j'ai d\u00e9couvert que j'\u00e9tais <a title=\"AJOUTER\" href=\"https:\/\/www.addkenmerken.net\/fr\/ajouter-des-symptomes\/\" target=\"_blank\" rel=\"noopener \">AJOUTER<\/a> et maintenant je peux mieux comprendre pourquoi parfois je n'ai pas de sentiments.<\/p>\n<p>Les m\u00e9dicaments que je prends sont <a href=\"https:\/\/www.addkenmerken.net\/fr\/ajouter-des-symptomes\/\">M\u00e9thylph\u00e9nidate et dexamph\u00e9tamine<\/a>mais ces deux-l\u00e0 n'aimaient pas \u00e7a et avaient beaucoup d'effets secondaires. Je viens de commencer avec Clonidine et je dois voir si \u00e7a va marcher, je prends aussi des capsules d'huile de poisson.<\/p>\n<p>Salutations Patrick<\/p>\n<p>Vous pouvez commenter cette histoire de vie ci-dessous.<\/p>\n\n\n\n\n<div class=\"wp-block-uagb-marketing-button uagb-marketing-btn__outer-wrap uagb-marketing-btn__align-center uagb-marketing-btn__align-text-center uagb-marketing-btn__icon-before\" id=\"uagb-marketing-btn-bc07d9fd-afab-465d-bd82-96e12407b527\"><div class=\"uagb-marketing-btn__wrap\"><a href=\"https:\/\/www.addkenmerken.net\/fr\/categorie\/histoires-de-vie\/\" class=\"uagb-marketing-btn__link\" target=\"\" rel=\"noopener \"><div class=\"uagb-marketing-btn__title-wrap\"><h6 class=\"uagb-marketing-btn__title\">Voir toutes les histoires de vie soumises ici<\/h6><\/div><div class=\"uagb-marketing-btn__prefix-wrap\"><p class=\"uagb-marketing-btn__prefix\"><\/p><\/div><\/a><\/div><\/div>","protected":false},"excerpt":{"rendered":"<p>Activit\u00e9s sociales, \u00e9tudes et relations avec les personnes ADD Day dear people, My name is Patrick, 21 years old and with me ADD is about half a year....<\/p>","protected":false},"author":1,"featured_media":14648,"comment_status":"open","ping_status":"closed","sticky":false,"template":"","format":"standard","meta":{"_kad_post_transparent":"","_kad_post_title":"","_kad_post_layout":"","_kad_post_sidebar_id":"","_kad_post_content_style":"","_kad_post_vertical_padding":"","_kad_post_feature":"","_kad_post_feature_position":"","_kad_post_header":false,"_kad_post_footer":false,"_kad_post_classname":"","footnotes":""},"categories":[1162,1131,1506,552],"tags":[5,46,700,130,519,732],"class_list":["post-7986","post","type-post","status-publish","format-standard","has-post-thumbnail","hentry","category-volwassenen-met-add-adhd","category-add","category-add-adhd","category-levensverhalen","tag-add","tag-medicatie","tag-relaties","tag-school","tag-sport","tag-studie"],"_links":{"self":[{"href":"https:\/\/www.addkenmerken.net\/fr\/wp-json\/wp\/v2\/posts\/7986","targetHints":{"allow":["GET"]}}],"collection":[{"href":"https:\/\/www.addkenmerken.net\/fr\/wp-json\/wp\/v2\/posts"}],"about":[{"href":"https:\/\/www.addkenmerken.net\/fr\/wp-json\/wp\/v2\/types\/post"}],"author":[{"embeddable":true,"href":"https:\/\/www.addkenmerken.net\/fr\/wp-json\/wp\/v2\/users\/1"}],"replies":[{"embeddable":true,"href":"https:\/\/www.addkenmerken.net\/fr\/wp-json\/wp\/v2\/comments?post=7986"}],"version-history":[{"count":0,"href":"https:\/\/www.addkenmerken.net\/fr\/wp-json\/wp\/v2\/posts\/7986\/revisions"}],"wp:featuredmedia":[{"embeddable":true,"href":"https:\/\/www.addkenmerken.net\/fr\/wp-json\/wp\/v2\/media\/14648"}],"wp:attachment":[{"href":"https:\/\/www.addkenmerken.net\/fr\/wp-json\/wp\/v2\/media?parent=7986"}],"wp:term":[{"taxonomy":"category","embeddable":true,"href":"https:\/\/www.addkenmerken.net\/fr\/wp-json\/wp\/v2\/categories?post=7986"},{"taxonomy":"post_tag","embeddable":true,"href":"https:\/\/www.addkenmerken.net\/fr\/wp-json\/wp\/v2\/tags?post=7986"}],"curies":[{"name":"wp","href":"https:\/\/api.w.org\/{rel}","templated":true}]}}