{"id":8114,"date":"2014-01-20T15:08:28","date_gmt":"2014-01-20T14:08:28","guid":{"rendered":"http:\/\/www.addkenmerken.net\/?p=8114"},"modified":"2019-10-01T21:35:43","modified_gmt":"2019-10-01T19:35:43","slug":"melissa-sa-vie-avec-add","status":"publish","type":"post","link":"https:\/\/www.addkenmerken.net\/fr\/melissa-haar-leven-met-add\/","title":{"rendered":"La vie de Melissa est pleine de hauts et de bas \u00e0 cause des troubles de l'attention et des m\u00e9dicaments"},"content":{"rendered":"<aside class=\"mashsb-container mashsb-main mashsb-stretched\"><div class=\"mashsb-box\"><div class=\"mashsb-count mash-large\" style=\"float:left\"><div class=\"counts mashsbcount\">227<\/div><span class=\"mashsb-sharetext\">temps partag\u00e9<\/span><\/div><div class=\"mashsb-buttons\"><a class=\"mashicon-facebook mash-large mash-center mashsb-noshadow\" href=\"https:\/\/www.facebook.com\/sharer.php?u=https%3A%2F%2Fwww.addkenmerken.net%2Ffr%2Fmelissa-haar-leven-met-add%2F%3Futm_source%3Dsharebuttons%26utm_medium%3Dfacebook%26utm_campaign%3Dmashshare\" target=\"_top\" rel=\"nofollow\"><span class=\"icon\"><\/span><span class=\"text\">Partager<\/span><\/a><a class=\"mashicon-twitter mash-large mash-center mashsb-noshadow\" href=\"https:\/\/twitter.com\/intent\/tweet?text=&amp;url=https:\/\/www.addkenmerken.net\/fr\/?p=8114&amp;via=krachtvanADHD\" target=\"_top\" rel=\"nofollow\"><span class=\"icon\"><\/span><span class=\"text\">Tweet<\/span><\/a><div class=\"onoffswitch2 mash-large mashsb-noshadow\" style=\"display:none\"><\/div><\/div>\n            <\/div>\n                <div style=\"clear:both\"><\/div><\/aside>\n            <!-- Share buttons by mashshare.net - Version: 4.0.47--><h2>Depuis quelques ann\u00e9es maintenant, Melissa sait qu'elle a un TDA<\/h2>\n<p>Bonjour,<\/p>\n<figure id=\"attachment_8137\" aria-describedby=\"caption-attachment-8137\" style=\"width: 227px\" class=\"wp-caption alignright\"><img loading=\"lazy\" decoding=\"async\" class=\"wp-image-8137\" src=\"https:\/\/www.addkenmerken.net\/wp-content\/uploads\/2014\/01\/Melissa-van-R.jpg\" alt=\"Melissa \u00e0 propos de sa vie avec les TDA\" width=\"227\" height=\"227\" title=\"\"><figcaption id=\"caption-attachment-8137\" class=\"wp-caption-text\">Melissa<\/figcaption><\/figure>\n<p>J'ai vu sur le <a title=\"Page Facebook www.addkenmerken.net\" href=\"https:\/\/www.facebook.com\/ADDADHDHSP\" target=\"_blank\" rel=\"noopener \">Page Facebook<\/a> que vous pourriez raconter votre propre histoire sur les TDA, et j'ai pens\u00e9 que ce serait amusant et bien de la partager avec d'autres.<\/p>\n<p>Mon p\u00e8re est mort en 2010. Peu de temps apr\u00e8s, j'ai rencontr\u00e9 mon petit ami (par l'interm\u00e9diaire de hyves). Son p\u00e8re \u00e9tait \u00e9galement mort, et nous avons eu une connexion instantan\u00e9e. Nous nous sommes rencontr\u00e9s et depuis lors, nous n'avons presque jamais \u00e9t\u00e9 s\u00e9par\u00e9s. Nous avons travers\u00e9 une p\u00e9riode difficile. J'\u00e9tais tr\u00e8s d\u00e9prim\u00e9 et je n'avais plus envie de vivre. J'ai fini \u00e0 GGZ. Chaque jour, les choses allaient un peu mieux, et mon petit ami et moi cherchions un endroit o\u00f9 vivre pour nous. Quelques mois plus tard, nous avons d\u00e9m\u00e9nag\u00e9, mais ma th\u00e9rapie a continu\u00e9, mais dans une autre province. Je reprenais la formation quand elle recommen\u00e7ait, mais dans une autre province. Entre-temps, j'avais d\u00e9j\u00e0 eu quelques emplois, et tout a \u00e9chou\u00e9. L'\u00e9ducation, le travail, je me suis enfonc\u00e9 de plus en plus dans la fosse et je me suis senti totalement inutile.<\/p>\n<p>Mon responsable, c'\u00e9tait une femme de haut niveau. Elle m'a donn\u00e9 de bons coups de pied au cul plusieurs fois, ce dont j'avais besoin. Mais cela n'avait plus de sens pour moi, mon petit ami et moi nous sommes disput\u00e9s de plus en plus souvent, et cela s'est termin\u00e9 par de fortes col\u00e8res pour moi.<\/p>\n<p>L'ann\u00e9e derni\u00e8re, en novembre 2013, on m'a diagnostiqu\u00e9 un TDA, apr\u00e8s avoir r\u00e9pondu \u00e0 une s\u00e9rie de questions, tout \u00e9tait certain. J'ai un ADD, mais <a title=\"Diff\u00e9rences entre les 3 types de TDAH et leur chevauchement avec le HSP\" href=\"https:\/\/www.addkenmerken.net\/fr\/ajouter-des-symptomes\/\" target=\"_blank\" rel=\"noopener \">qu'est-ce que l'ADD<\/a>?\u2026.. \u00c0 la maison, j'ai cherch\u00e9 tout ce qui concernait <a title=\"Ajouter des fonctionnalit\u00e9s et des informations\" href=\"https:\/\/www.addkenmerken.net\/fr\/\" target=\"_blank\" rel=\"noopener \">AJOUTER<\/a>et j'ai d\u00fb la laisser se contenter de moi-m\u00eame. Aussi de mon th\u00e9rapeute. La semaine suivante, j'ai eu une conversation sur la fa\u00e7on dont je le prendrais. J'ai pris des mesures drastiques pour quitter mon petit ami, pour m'installer chez ma m\u00e8re et mon beau-p\u00e8re et pour y reprendre mes \u00e9tudes. D\u00e8s que je commen\u00e7ais mes \u00e9tudes, je recevais des m\u00e9dicaments, le fameux ritalin.<\/p>\n<p>C'\u00e9tait avec mon petit ami, je vivais avec ma m\u00e8re et mon beau-p\u00e8re, je faisais de belles choses avec ma demi-s\u0153ur et mon \u00e9ducation avait commenc\u00e9, ainsi que mes m\u00e9dicaments. J'ai re\u00e7u les m\u00e9dicaments <a href=\"https:\/\/www.addkenmerken.net\/fr\/ajouter-des-symptomes\/\">m\u00e9thylph\u00e9nidate<\/a>. Ce n'\u00e9tait pas dr\u00f4le, si vous voulez mon avis. La dose n'a cess\u00e9 d'augmenter et \u00e0 la fin, je ne pouvais plus manger et j'ai m\u00eame vomi. J'ai perdu beaucoup de poids et je me suis sentie fatigu\u00e9e et boiteuse. J'ai continu\u00e9 pendant un certain temps, mais apr\u00e8s cela, je me suis senti un peu mieux, pas encore super, mais je pouvais continuer.<\/p>\n<p>Plusieurs mois plus tard, mon petit ami et moi avons renou\u00e9 une relation. Il m'a terriblement manqu\u00e9 et je lui ai manqu\u00e9, nous savions pertinemment que nous ne pouvions pas vivre l'un sans l'autre. Apr\u00e8s cela, c'\u00e9tait tr\u00e8s mal. J'ai eu une r\u00e9action allergique, mais je ne le savais pas \u00e0 l'\u00e9poque. Je me suis r\u00e9veill\u00e9 anxieux, j'ai cri\u00e9, j'ai flott\u00e9 et je ne me sentais pas bien. Ma m\u00e8re est mont\u00e9e en courant et m'a calm\u00e9e, mais mes yeux... Mes yeux se sont retrouv\u00e9s enroul\u00e9s et ne pouvaient plus rien voir. J'avais envoy\u00e9 un film \u00e0 mon petit ami, et il a eu tr\u00e8s peur, elle a imm\u00e9diatement dit \"TON MOT Aveugle ! Et ma m\u00e8re m'a dit que vous ressemblez aussi \u00e0 un aveugle. Je suis all\u00e9 au cabinet du m\u00e9decin, j'ai \u00e9t\u00e9 \u00e0 l'h\u00f4pital plusieurs fois, mais c'\u00e9tait le \"stress\" ou je me suis \"adapt\u00e9\". Donc, \u00e0 chaque fois que j'ai \u00e9t\u00e9 renvoy\u00e9 chez moi.<\/p>\n<p>Jusqu'au jour o\u00f9 j'ai \u00e9clat\u00e9 en sanglots. Je ne pouvais plus le faire, j'avais mal, je ne voyais rien et je ne me sentais pas bien, j'avais appel\u00e9 le m\u00e9decin encore et encore et on m'a dit \"reposez-vous\". Jusqu'\u00e0 ce que ma m\u00e8re, furieuse, appelle le m\u00e9decin pour lui dire qu'elle veut venir tout de suite pour se faire examiner. Jusqu'\u00e0 ce que je m'asseye chez le m\u00e9decin et que toutes sortes de gens me regardent et me disent que cette fille est autoris\u00e9e pour moi, parce que ce n'est pas bon. Enfin des gens qui ont compris.<\/p>\n<p>Le docteur m'a regard\u00e9 dans les yeux, mais elle n'a pas pu, alors elle a essay\u00e9 un tour. Aucun m\u00e9decin ne pouvait me regarder dans les yeux, sauf elle. Elle ne le savait pas, mais elle a pris le temps pour moi de voir ce que cela pouvait \u00eatre. Jusqu'\u00e0 ce qu'elle dise bonjour, tu prends du ritalin, non ? Et puis la balle a commenc\u00e9 \u00e0 rouler. J'ai d\u00fb arr\u00eater le m\u00e9dicament imm\u00e9diatement et j'ai pris de l'oxaz\u00e9pam pour me calmer. Le lendemain, j'ai d\u00fb revenir et appeler mon m\u00e9decin pour qu'il me prescrive imm\u00e9diatement le m\u00e9dicament.<\/p>\n<p>J'avais pass\u00e9 une semaine sans m\u00e9dicaments, et puis zut, parce que l'enfer s'est d\u00e9cha\u00een\u00e9 \u00e0 la maison, beaucoup de conneries et des choses me sont tomb\u00e9es sur la t\u00eate avec lesquelles je n'\u00e9tais pas du tout d'accord, alors quoi exactement, une crise de col\u00e8re s'est produite. J'ai d\u00e9fonc\u00e9 la porte de l'audition, j'ai couru \u00e0 l'\u00e9tage, tout ce qui \u00e9tait dans ma chambre s'est cogn\u00e9 contre le mur....<\/p>\n<p>Beaucoup de choses se sont pass\u00e9es apr\u00e8s cela, beaucoup de conversations, de disputes, mais aussi beaucoup de changements dans la maison. J'ai aussi re\u00e7u d'autres m\u00e9dicaments, <a href=\"https:\/\/www.addkenmerken.net\/fr\/ajouter-des-symptomes\/\">dexamph\u00e9tamine<\/a>. Une petite dose, et \u00e7a marchera. Je n'en veux plus parce que je suis anxieux.<\/p>\n<p>Et maintenant... 2014, un nouveau d\u00e9part pour mes \u00e9tudes se passe bien, je vis \u00e0 nouveau avec mon petit ami et nous sommes m\u00eame ensemble \u00e0 la recherche d'une belle et grande maison \u00e0 acheter. Nous avons de belles choses en perspective et nous avons des projets d'avenir ensemble. Apr\u00e8s mes \u00e9tudes, je veux r\u00e9duire lentement mes m\u00e9dicaments et essayer de le faire par moi-m\u00eame. Aussi parce que nous voulons un b\u00e9b\u00e9 \u00e0 l'avenir et que cela ne va pas de pair avec le ritalin (drogue). Et aussi, apr\u00e8s mes \u00e9tudes, je commencerai \u00e0 m'occuper de mes propres parents d'accueil, donc ma vie semble bien maintenant.<\/p>\n<p>Je suis heureux, et je me sens bien ! Je suis curieux de savoir ce que l'avenir me r\u00e9serve et ce qui peut me rendre encore plus heureux !<\/p>\n<p>C'\u00e9tait une petite partie de mon histoire, il s'est pass\u00e9 beaucoup plus de choses dans ma vie, mais j'y travaille encore. \u00c0 l'avenir, je veux aussi \u00e9crire un livre sur ma vie, avec des trucs et des conseils pour les personnes souffrant de d\u00e9pression, de TDA, de troubles alimentaires, etc.<\/p>\n<p>Salutations Melissa<\/p>\n<p>Addition de Melissa le 21 avril 2014<\/p>\n<p style=\"color: #0222222;\">J'avale depuis un mois maintenant <a title=\"lto3\" href=\"https:\/\/www.addkenmerken.net\/fr\/lto3\/\" target=\"_blank\" rel=\"noopener \">LTO3<\/a>...a \u00e9t\u00e9 discr\u00e8tement \u00e9limin\u00e9 et compl\u00e8tement d\u00e9barrass\u00e9 de la ritaline depuis deux semaines maintenant. Cela fonctionne tr\u00e8s bien pour moi ! Je ne me sens plus aussi ennuyeux, je dors bien et tout a bien meilleur go\u00fbt pour moi. J'en ai discut\u00e9 avec ma psychiatre qui m'a dit d'accord, je dois dire que c'est mal, mais en fait je trouve \u00e7a super si \u00e7a marche bien pour vous. J'ai vu mon psy pour la derni\u00e8re fois la semaine derni\u00e8re. Je ne me suis jamais sentie aussi bien dans ma peau ! Je suis heureuse de m'\u00eatre d\u00e9barrass\u00e9e de ce d\u00e9sordre aussi parce que mon petit ami et moi voulons avoir un b\u00e9b\u00e9 \u00e0 l'avenir. Cela co\u00fbte cher, mais je pr\u00e9f\u00e8re avaler des rem\u00e8des naturels plut\u00f4t que ce g\u00e2chis qui m'a donn\u00e9 de terribles effets secondaires. Ce n'est pas sans importance que mon petit ami ne remarque pas de diff\u00e9rence que je n'avale plus de ritaline, mais s'il est heureux que je ne me sente pas si somnolente.... (Je parle avec les oreilles de sa t\u00eate)<\/p>\n<p style=\"color: #0222222;\">Salutations Melissa<\/p>\n<p>Vous pouvez laisser un commentaire sur l'histoire de Melissa ci-dessous...<\/p>\n\n\n\n\n<div class=\"wp-block-uagb-marketing-button uagb-marketing-btn__outer-wrap uagb-marketing-btn__align-center uagb-marketing-btn__align-text-center uagb-marketing-btn__icon-before\" id=\"uagb-marketing-btn-bc07d9fd-afab-465d-bd82-96e12407b527\"><div class=\"uagb-marketing-btn__wrap\"><a href=\"https:\/\/www.addkenmerken.net\/fr\/categorie\/histoires-de-vie\/\" class=\"uagb-marketing-btn__link\" target=\"\" rel=\"noopener \"><div class=\"uagb-marketing-btn__title-wrap\"><h6 class=\"uagb-marketing-btn__title\">Voir toutes les histoires de vie soumises ici<\/h6><\/div><div class=\"uagb-marketing-btn__prefix-wrap\"><p class=\"uagb-marketing-btn__prefix\"><\/p><\/div><\/a><\/div><\/div>","protected":false},"excerpt":{"rendered":"<p>Melissa sait depuis quelques ann\u00e9es qu'elle est atteinte de TDA. Bonjour. J'ai vu sur la page Facebook que vous pouviez raconter votre propre histoire sur les TDA...<\/p>","protected":false},"author":1,"featured_media":8137,"comment_status":"open","ping_status":"closed","sticky":false,"template":"","format":"standard","meta":{"_kad_post_transparent":"","_kad_post_title":"","_kad_post_layout":"","_kad_post_sidebar_id":"","_kad_post_content_style":"","_kad_post_vertical_padding":"","_kad_post_feature":"","_kad_post_feature_position":"","_kad_post_header":false,"_kad_post_footer":false,"_kad_post_classname":"","footnotes":""},"categories":[552,1131,1506,1155,1162],"tags":[5,33,739,46,738,288,732],"class_list":["post-8114","post","type-post","status-publish","format-standard","has-post-thumbnail","hentry","category-levensverhalen","category-add","category-add-adhd","category-medicatie","category-volwassenen-met-add-adhd","tag-add","tag-depressie","tag-drugs","tag-medicatie","tag-relatie","tag-ritalin","tag-studie"],"_links":{"self":[{"href":"https:\/\/www.addkenmerken.net\/fr\/wp-json\/wp\/v2\/posts\/8114","targetHints":{"allow":["GET"]}}],"collection":[{"href":"https:\/\/www.addkenmerken.net\/fr\/wp-json\/wp\/v2\/posts"}],"about":[{"href":"https:\/\/www.addkenmerken.net\/fr\/wp-json\/wp\/v2\/types\/post"}],"author":[{"embeddable":true,"href":"https:\/\/www.addkenmerken.net\/fr\/wp-json\/wp\/v2\/users\/1"}],"replies":[{"embeddable":true,"href":"https:\/\/www.addkenmerken.net\/fr\/wp-json\/wp\/v2\/comments?post=8114"}],"version-history":[{"count":0,"href":"https:\/\/www.addkenmerken.net\/fr\/wp-json\/wp\/v2\/posts\/8114\/revisions"}],"wp:featuredmedia":[{"embeddable":true,"href":"https:\/\/www.addkenmerken.net\/fr\/wp-json\/wp\/v2\/media\/8137"}],"wp:attachment":[{"href":"https:\/\/www.addkenmerken.net\/fr\/wp-json\/wp\/v2\/media?parent=8114"}],"wp:term":[{"taxonomy":"category","embeddable":true,"href":"https:\/\/www.addkenmerken.net\/fr\/wp-json\/wp\/v2\/categories?post=8114"},{"taxonomy":"post_tag","embeddable":true,"href":"https:\/\/www.addkenmerken.net\/fr\/wp-json\/wp\/v2\/tags?post=8114"}],"curies":[{"name":"wp","href":"https:\/\/api.w.org\/{rel}","templated":true}]}}