{"id":8140,"date":"2014-01-22T10:17:59","date_gmt":"2014-01-22T09:17:59","guid":{"rendered":"http:\/\/www.addkenmerken.net\/?p=8140"},"modified":"2019-09-30T16:06:26","modified_gmt":"2019-09-30T14:06:26","slug":"debbys-wild-life-with-adhd","status":"publish","type":"post","link":"https:\/\/www.addkenmerken.net\/fr\/debbys-wilde-leven-met-adhd\/","title":{"rendered":"La vie sauvage de Debby avec le TDAH"},"content":{"rendered":"<aside class=\"mashsb-container mashsb-main mashsb-stretched\"><div class=\"mashsb-box\"><div class=\"mashsb-count mash-large\" style=\"float:left\"><div class=\"counts mashsbcount\">37<\/div><span class=\"mashsb-sharetext\">temps partag\u00e9<\/span><\/div><div class=\"mashsb-buttons\"><a class=\"mashicon-facebook mash-large mash-center mashsb-noshadow\" href=\"https:\/\/www.facebook.com\/sharer.php?u=https%3A%2F%2Fwww.addkenmerken.net%2Ffr%2Fdebbys-wilde-leven-met-adhd%2F%3Futm_source%3Dsharebuttons%26utm_medium%3Dfacebook%26utm_campaign%3Dmashshare\" target=\"_top\" rel=\"nofollow\"><span class=\"icon\"><\/span><span class=\"text\">Partager<\/span><\/a><a class=\"mashicon-twitter mash-large mash-center mashsb-noshadow\" href=\"https:\/\/twitter.com\/intent\/tweet?text=&amp;url=https:\/\/www.addkenmerken.net\/fr\/?p=8140&amp;via=krachtvanADHD\" target=\"_top\" rel=\"nofollow\"><span class=\"icon\"><\/span><span class=\"text\">Tweet<\/span><\/a><div class=\"onoffswitch2 mash-large mashsb-noshadow\" style=\"display:none\"><\/div><\/div>\n            <\/div>\n                <div style=\"clear:both\"><\/div><\/aside>\n            <!-- Share buttons by mashshare.net - Version: 4.0.47--><h2><span style=\"color: #000000;\">TDAH et travail, m\u00e9dicaments et relations intenses<br><\/span><\/h2>\n<p>Bonjour \u00e0 tous,<\/p>\n<figure id=\"attachment_8141\" aria-describedby=\"caption-attachment-8141\" style=\"width: 228px\" class=\"wp-caption alignright\"><a href=\"https:\/\/www.addkenmerken.net\/wp-content\/uploads\/2014\/01\/Debby-Colijn.jpg\" target=\"_blank\" rel=\"noopener \"><img loading=\"lazy\" decoding=\"async\" class=\"wp-image-8141\" src=\"https:\/\/www.addkenmerken.net\/wp-content\/uploads\/2014\/01\/Debby-Colijn.jpg\" alt=\"Debby Colijn&#039;s vivant avec le TDAH\" width=\"228\" height=\"302\" title=\"\" srcset=\"https:\/\/www.addkenmerken.net\/wp-content\/uploads\/2014\/01\/Debby-Colijn.jpg 260w, https:\/\/www.addkenmerken.net\/wp-content\/uploads\/2014\/01\/Debby-Colijn-226x300.jpg 226w\" sizes=\"auto, (max-width: 228px) 100vw, 228px\"><\/a><figcaption id=\"caption-attachment-8141\" class=\"wp-caption-text\">Debby Colijn<\/figcaption><\/figure>\n<p>On m'a diagnostiqu\u00e9 un TDAH \u00e0 l'\u00e2ge de 6 ans. J'ai d\u00fb prendre du Ritalin mais j'ai d\u00e9j\u00e0 dit : je ne suis pas fou, j'ai jet\u00e9 les pilules \u00e0 l'\u00e9cole au bout d'un moment parce que j'\u00e9tais assez malmen\u00e9 pour mon comportement. Plus tard, j'ai eu beaucoup de probl\u00e8mes, pendant la pubert\u00e9, j'\u00e9tais tr\u00e8s rebelle, je me suis retrouv\u00e9 dans des institutions parce que ma m\u00e8re ne pouvait plus me supporter, etc.<\/p>\n<p>Apr\u00e8s cela, \u00e7a ne s'est pas am\u00e9lior\u00e9, d\u00e8s ma premi\u00e8re relation s\u00e9rieuse, j'ai eu deux enfants (d'abord x maman \u00e0 l'\u00e2ge de 18 ans), mais il me trompait constamment, je ne savais pas comment travailler, je n'ai eu mon premier emploi permanent qu'\u00e0 24 ans, puis je suis entr\u00e9e en action, je ne pouvais pas et ne savais pas comment g\u00e9rer le m\u00e9nage et les finances, alors j'ai fait beaucoup de dettes (maintenant toutes dans le pass\u00e9, Dieu merci) ; mon m\u00e9nage \u00e9tait un vrai bordel, je ne pouvais rien r\u00e9gler et je me sentais aussi tr\u00e8s malheureuse, alors je n'\u00e9tais pas vraiment motiv\u00e9e. Je n'ai pas cuisin\u00e9, nous avons mang\u00e9 un sac de chips plus d'une fois tant que nos enfants avaient tout, et encore.<\/p>\n<p>J'ai eu une autre relation de 6 mois apr\u00e8s cela, ce gar\u00e7on \u00e9tait normal, et gentil, et puis \u00e0 cause d'un probl\u00e8me, j'ai d\u00fb revenir sur le fait que j'avais peut-\u00eatre vraiment un TDAH ou <a title=\"AJOUTER\" href=\"https:\/\/www.addkenmerken.net\/fr\/\" target=\"_blank\" rel=\"noopener \">AJOUTER<\/a> J'ai eu, si j'allais demander au docteur Concerta sans plus, \u00e7a allait mieux pendant un certain temps, jusqu'\u00e0 ce que je redevienne c\u00e9libataire parce que sa m\u00e8re nous d\u00e9rangeait constamment et que je voulais m'engager dans l'arm\u00e9e (2005) et il n'aimait pas \u00e7a. J'ai commenc\u00e9 \u00e0 faire des tests pour l'arm\u00e9e, mais j'ai \u00e9t\u00e9 trop honn\u00eate avec la recherche psychologique et j'ai dit que j'avais un TDAH, alors des tests suppl\u00e9mentaires, des tests suppl\u00e9mentaires, et encore des tests suppl\u00e9mentaires, jusqu'\u00e0 ce qu'\u00e0 un certain moment je ne puisse plus me contr\u00f4ler, j'ai finalement cru conna\u00eetre le r\u00e9sultat apr\u00e8s avoir conduit 5 fois d'Anvers \u00e0 Vilvorde, il s'est av\u00e9r\u00e9 que je devais refaire des tests, puis je me suis mis \u00e0 pleurer devant la secr\u00e9taire. Ensuite, il a \u00e9t\u00e9 \u00e9tiquet\u00e9 comme non r\u00e9sistant au stress et donc rejet\u00e9. Je m'\u00e9tais entra\u00een\u00e9 intensivement pendant 4 mois pour passer le test physique &amp; bmi dans l'ordre, j'ai fait un r\u00e9gime, je suis all\u00e9 chez le dentiste etc., mais j'ai \u00e9t\u00e9 rejet\u00e9 sur le plan psychologique...<\/p>\n<p>Quoi qu'il en soit, j'ai quitt\u00e9 Concerta parce que je pensais que je n'avais pas de TDAH apr\u00e8s tout, j'ai rencontr\u00e9 mon prochain petit ami, il s'est av\u00e9r\u00e9 que j'\u00e9tais un homme agressif avec un comportement limite ou <span style=\"color: #000000;\">la schizophr\u00e9nie, en tout cas, il me contr\u00f4lait, me manipulait, me frappait... <\/span>Ensuite, commencez aussi \u00e0 travailler sur un emploi, sous la pression de lui (point positif) . 6 mois, licenciement, 5 mois de licenciement, 1 an de licenciement, ... La relation est all\u00e9e de mal en pis, elle a aussi connu des hauts et des bas, c'\u00e9tait une relation d'amour-haine, beaucoup de passion mais malheureusement aussi de dangereuses querelles.<\/p>\n<p>Je voyais mes enfants tous les week-ends, puis \u00e0 nouveau tous les deux week-ends, parce qu'ils vivaient avec papa, parce que je devais d'abord sortir de la fosse, papa en a profit\u00e9 et a \u00e9t\u00e9 autoris\u00e9 \u00e0 garder mes enfants avec lui, maintenant je devais aussi voir ce que je faisais parce que sinon il utilisait tout contre moi et mes enfants \u00e9taient mon monde. Cette relation n'a pas vraiment aid\u00e9 \u00e0 revoir mes enfants non plus. Plainte d\u00e9pos\u00e9e, renvoy\u00e9e quelques fois de plus, tout cela dans le chaos et la mis\u00e8re. Pendant cette relation, je suis redevenu hyperactif, j'ai repris des pilules, mieux, mais ces pilules n'ont pas chang\u00e9 mon ex qui buvait une bouteille de vin tous les jours tout seul, \u00e9tait accro aux joints &amp; au poker pour l'argent, au sexe &amp; a fini par prendre des antipsychotiques... Je suis sorti de cette relation tr\u00e8s effray\u00e9, je l'ai tromp\u00e9 avec un coll\u00e8gue, mais je pense que c'est vrai... Puis apr\u00e8s 4 ans, je me suis \u00e9loign\u00e9 de lui aussi.<\/p>\n<p>J'ai pass\u00e9 le meilleur moment de ma vie \u00e0 l'\u00e9poque. Je suis parti vivre seul, j'ai enfin trouv\u00e9 un emploi permanent, j'ai eu un revenu suppl\u00e9mentaire, les enfants \u00e9taient avec moi r\u00e9guli\u00e8rement, j'ai enfin eu des petites amies. J'\u00e9tais enfin heureux. J'ai \u00e9t\u00e9 c\u00e9libataire pendant deux ans, et j'ai finalement eu une vie stable, lorsque j'ai appris \u00e0 conna\u00eetre mon mari actuel gr\u00e2ce \u00e0 un site de rencontres. Tout le monde pensait que je resterais c\u00e9libataire pour toujours parce que ma barre \u00e9tait si haute que personne ne semblait plus me rencontrer, sauf pour flirter avec moi pendant un moment. Mais il semblait diff\u00e9rent... Il \u00e9tait doux, et, diff\u00e9rent... Une chose en entra\u00eenant une autre, et maintenant il est le papa de mon deuxi\u00e8me fils, mon troisi\u00e8me enfant, nous sommes mari\u00e9s et j'ai un emploi stable... mais... il est trop gentil parfois. Et je ne le traite pas comme il le m\u00e9rite... C'est pourquoi, et \u00e0 cause de mon probl\u00e8me de sommeil (puisque j'\u00e9tais enceinte de mon fils), je suis all\u00e9e voir un psychologue. Il a dit qu'\u00e0 un moment donn\u00e9, peut-\u00eatre que vous... <a href=\"https:\/\/www.addkenmerken.net\/fr\/caracteristiques-des-troubles-de-lattention\/\" target=\"_blank\" rel=\"noopener \">ADHD<\/a>? Et puis j'ai recommenc\u00e9 \u00e0 chercher, \u00e0 googler, bient\u00f4t ils vont me tester, mais je dois dire que je me reconnais vraiment dans tout. Pour n'en citer que quelques-uns : inconstant (\u00e9norm\u00e9ment) irritable, oublieux, chaotique, besoin de structure, pens\u00e9e en noir et blanc, extr\u00eamement \u00e9motionnel, besoin constant de coups de pied et de d\u00e9fis, fatigu\u00e9 de tout rapidement, probl\u00e8mes de sommeil, couvaison, nonchalant, pas subtil, aime se reposer et \u00eatre seul, \u00e9norm\u00e9ment nerveux, ... C'est tout moi ... Donc maintenant je pense que j'ai en fait une forme de TDAH.<\/p>\n<p>Quelque part, j'esp\u00e8re que cela sera bient\u00f4t confirm\u00e9. Cela expliquerait le d\u00e9sordre qui est mon pass\u00e9. Heureusement, j'ai appris \u00e0 g\u00e9rer beaucoup de choses moi-m\u00eame, comme mettre tout dans mon journal, essayer de faire des listes et beaucoup d'\u00e9checs dans les ut beginnings, le m\u00e9nage (maintenant je suis perfectionniste), mais je me sens toujours diff\u00e9rent des autres... Tr\u00e8s diff\u00e9rent... Et je suis tellement fatigu\u00e9 de ce sentiment. Parfois, je pense que les gens se disent : \"C'est bizarre, qu'est-ce qu'il dit ? Ou ils me mettent en danger parce qu'ils ne me comprennent pas (alors que je parle trop doucement)... Pfff, c'est une sacr\u00e9e soupe, mais j'aime bien entendre ce que vous en pensez ? En effet, le TDAH ? Ou reconnaissez-vous quelque chose dans mon histoire ? Je suis curieux !<\/p>\n<p>Salutations Debby<\/p>\n\n\n\n\n<div class=\"wp-block-uagb-marketing-button uagb-marketing-btn__outer-wrap uagb-marketing-btn__align-center uagb-marketing-btn__align-text-center uagb-marketing-btn__icon-before\" id=\"uagb-marketing-btn-bc07d9fd-afab-465d-bd82-96e12407b527\"><div class=\"uagb-marketing-btn__wrap\"><a href=\"https:\/\/www.addkenmerken.net\/fr\/categorie\/histoires-de-vie\/\" class=\"uagb-marketing-btn__link\" target=\"\" rel=\"noopener \"><div class=\"uagb-marketing-btn__title-wrap\"><h6 class=\"uagb-marketing-btn__title\">Voir toutes les histoires de vie soumises ici<\/h6><\/div><div class=\"uagb-marketing-btn__prefix-wrap\"><p class=\"uagb-marketing-btn__prefix\"><\/p><\/div><\/a><\/div><\/div>","protected":false},"excerpt":{"rendered":"<p>Le TDAH et le travail, les m\u00e9dicaments et les relations intenses Bonjour \u00e0 tous, j'ai \u00e9t\u00e9 diagnostiqu\u00e9 avec un TDAH \u00e0 l'\u00e2ge de 6 ans. J'ai d\u00fb prendre du Ritalin, mais j'ai dit...<\/p>","protected":false},"author":1,"featured_media":8141,"comment_status":"open","ping_status":"closed","sticky":false,"template":"","format":"standard","meta":{"_kad_post_transparent":"","_kad_post_title":"","_kad_post_layout":"","_kad_post_sidebar_id":"","_kad_post_content_style":"","_kad_post_vertical_padding":"","_kad_post_feature":"","_kad_post_feature_position":"","_kad_post_header":false,"_kad_post_footer":false,"_kad_post_classname":"","footnotes":""},"categories":[552,1506,1132,1162],"tags":[5,6,289,272,743,700,288,742],"class_list":["post-8140","post","type-post","status-publish","format-standard","has-post-thumbnail","hentry","category-levensverhalen","category-add-adhd","category-adhd-artikelen","category-volwassenen-met-add-adhd","tag-add","tag-adhd","tag-concerta","tag-kinderen","tag-ontslagen","tag-relaties","tag-ritalin","tag-werk"],"_links":{"self":[{"href":"https:\/\/www.addkenmerken.net\/fr\/wp-json\/wp\/v2\/posts\/8140","targetHints":{"allow":["GET"]}}],"collection":[{"href":"https:\/\/www.addkenmerken.net\/fr\/wp-json\/wp\/v2\/posts"}],"about":[{"href":"https:\/\/www.addkenmerken.net\/fr\/wp-json\/wp\/v2\/types\/post"}],"author":[{"embeddable":true,"href":"https:\/\/www.addkenmerken.net\/fr\/wp-json\/wp\/v2\/users\/1"}],"replies":[{"embeddable":true,"href":"https:\/\/www.addkenmerken.net\/fr\/wp-json\/wp\/v2\/comments?post=8140"}],"version-history":[{"count":0,"href":"https:\/\/www.addkenmerken.net\/fr\/wp-json\/wp\/v2\/posts\/8140\/revisions"}],"wp:featuredmedia":[{"embeddable":true,"href":"https:\/\/www.addkenmerken.net\/fr\/wp-json\/wp\/v2\/media\/8141"}],"wp:attachment":[{"href":"https:\/\/www.addkenmerken.net\/fr\/wp-json\/wp\/v2\/media?parent=8140"}],"wp:term":[{"taxonomy":"category","embeddable":true,"href":"https:\/\/www.addkenmerken.net\/fr\/wp-json\/wp\/v2\/categories?post=8140"},{"taxonomy":"post_tag","embeddable":true,"href":"https:\/\/www.addkenmerken.net\/fr\/wp-json\/wp\/v2\/tags?post=8140"}],"curies":[{"name":"wp","href":"https:\/\/api.w.org\/{rel}","templated":true}]}}