{"id":8186,"date":"2014-01-24T14:02:35","date_gmt":"2014-01-24T13:02:35","guid":{"rendered":"http:\/\/www.addkenmerken.net\/?p=8186"},"modified":"2019-10-14T15:12:43","modified_gmt":"2019-10-14T13:12:43","slug":"nicky-avec-add-depeint-sa-vie-dans-un-dessin","status":"publish","type":"post","link":"https:\/\/www.addkenmerken.net\/fr\/nicky-met-add-beeld-haar-leven-uit-een-tekening\/","title":{"rendered":"Nicky avec TDA repr\u00e9sente sa vie dans un dessin"},"content":{"rendered":"<aside class=\"mashsb-container mashsb-main mashsb-stretched\"><div class=\"mashsb-box\"><div class=\"mashsb-count mash-large\" style=\"float:left\"><div class=\"counts mashsbcount\">655<\/div><span class=\"mashsb-sharetext\">temps partag\u00e9<\/span><\/div><div class=\"mashsb-buttons\"><a class=\"mashicon-facebook mash-large mash-center mashsb-noshadow\" href=\"https:\/\/www.facebook.com\/sharer.php?u=https%3A%2F%2Fwww.addkenmerken.net%2Ffr%2Fnicky-met-add-beeld-haar-leven-uit-een-tekening%2F%3Futm_source%3Dsharebuttons%26utm_medium%3Dfacebook%26utm_campaign%3Dmashshare\" target=\"_top\" rel=\"nofollow\"><span class=\"icon\"><\/span><span class=\"text\">Partager<\/span><\/a><a class=\"mashicon-twitter mash-large mash-center mashsb-noshadow\" href=\"https:\/\/twitter.com\/intent\/tweet?text=&amp;url=https:\/\/www.addkenmerken.net\/fr\/?p=8186&amp;via=krachtvanADHD\" target=\"_top\" rel=\"nofollow\"><span class=\"icon\"><\/span><span class=\"text\">Tweet<\/span><\/a><div class=\"onoffswitch2 mash-large mashsb-noshadow\" style=\"display:none\"><\/div><\/div>\n            <\/div>\n                <div style=\"clear:both\"><\/div><\/aside>\n            <!-- Share buttons by mashshare.net - Version: 4.0.47--><p><em>R\u00e9ception de l'histoire de la vie de Nicky<\/em><\/p>\n<h2><span style=\"color: #000000;\">Les nombreuses impressions d'une personne atteinte de TDA<\/span><\/h2>\n<p>Salut,<\/p>\n<figure id=\"attachment_8188\" aria-describedby=\"caption-attachment-8188\" style=\"width: 332px\" class=\"wp-caption alignright\"><a href=\"https:\/\/www.addkenmerken.net\/wp-content\/uploads\/2014\/01\/Nicky-met-ADD-beeld-haar-leven-uit-in-een-tekening.jpg\"><img loading=\"lazy\" decoding=\"async\" class=\"wp-image-8188\" src=\"https:\/\/www.addkenmerken.net\/wp-content\/uploads\/2014\/01\/Nicky-met-ADD-beeld-haar-leven-uit-in-een-tekening.jpg\" alt=\"Nicky avec TDA repr\u00e9sente sa vie dans un dessin\" width=\"332\" height=\"443\" title=\"\" srcset=\"https:\/\/www.addkenmerken.net\/wp-content\/uploads\/2014\/01\/Nicky-met-ADD-beeld-haar-leven-uit-in-een-tekening.jpg 461w, https:\/\/www.addkenmerken.net\/wp-content\/uploads\/2014\/01\/Nicky-met-ADD-beeld-haar-leven-uit-in-een-tekening-224x300.jpg 224w\" sizes=\"auto, (max-width: 332px) 100vw, 332px\"><\/a><figcaption id=\"caption-attachment-8188\" class=\"wp-caption-text\">Dessin de Nicky<\/figcaption><\/figure>\n<p>Ce dessin est sur moi et j'ai un TDA. Je prends des m\u00e9dicaments depuis quelques mois maintenant et finalement, c'est presque sans vent dans ma t\u00eate. J'\u00e9tais tellement occup\u00e9 dans ma t\u00eate que \u00e7a me rendait fou. Je suis aussi tr\u00e8s oublieux du chaos.<\/p>\n<p>Maintenant, essayez de tenir un journal sur mon t\u00e9l\u00e9phone parce que je perds un journal r\u00e9gulier :p<\/p>\n<p>J'ai eu une p\u00e9riode tr\u00e8s agit\u00e9e. Maintenant, tout commence enfin \u00e0 se mettre en place. Je commence \u00e0 mieux me comprendre et \u00e0 comprendre pourquoi je fais les choses comme je les fais. Les gens autour de moi me respectent et comprennent que certaines choses sont plus difficiles pour moi que pour une personne moyenne sans <a title=\"AJOUTER\" href=\"https:\/\/www.addkenmerken.net\/fr\/ajouter-des-symptomes\/\" target=\"_blank\" rel=\"noopener \">AJOUTER<\/a>.<\/p>\n<p>Si je suis suffisamment int\u00e9ress\u00e9, je me souviendrai de ces choses. Je sauve ce dont j'ai besoin et le reste est perdu.  Mon entrep\u00f4t n'est pas si grand. Je suis facilement distrait et lorsque la t\u00e9l\u00e9vision est allum\u00e9e, j'ai du mal \u00e0 suivre une conversation. Vous devez me regarder et me dire que je vous \u00e9coute.<\/p>\n<p>L'ann\u00e9e derni\u00e8re, j'ai termin\u00e9 et obtenu ma premi\u00e8re formation MBO. C'\u00e9tait bon pour ma confiance en moi. De plus, pour la premi\u00e8re fois en trois ans, j'ai r\u00e9ussi \u00e0 conserver un emploi dont je suis \u00e9galement tr\u00e8s fier.<\/p>\n<p>J'ai quelqu'un \u00e0 qui parler. Cela m'aide \u00e0 me ressaisir et \u00e0 mieux comprendre qui je suis et pourquoi je suis comme je suis.<\/p>\n<p>Je suis enfin satisfait de ce que je suis.<\/p>\n<p>D\u00e9sormais, tout ne peut que s'am\u00e9liorer.<\/p>\n<p>Salutations Nicky<\/p>\n\n\n\n\n<div class=\"wp-block-uagb-marketing-button uagb-marketing-btn__outer-wrap uagb-marketing-btn__align-center uagb-marketing-btn__align-text-center uagb-marketing-btn__icon-before\" id=\"uagb-marketing-btn-bc07d9fd-afab-465d-bd82-96e12407b527\"><div class=\"uagb-marketing-btn__wrap\"><a href=\"https:\/\/www.addkenmerken.net\/fr\/categorie\/histoires-de-vie\/\" class=\"uagb-marketing-btn__link\" target=\"\" rel=\"noopener \"><div class=\"uagb-marketing-btn__title-wrap\"><h6 class=\"uagb-marketing-btn__title\">Voir toutes les histoires de vie soumises ici<\/h6><\/div><div class=\"uagb-marketing-btn__prefix-wrap\"><p class=\"uagb-marketing-btn__prefix\"><\/p><\/div><\/a><\/div><\/div>","protected":false},"excerpt":{"rendered":"<p>Re\u00e7u l'histoire de la vie de Nicky Les nombreuses impressions d'une personne atteinte de TDA Salut, Ce dessin est sur moi et je suis atteinte de TDA. J'ai aval\u00e9 depuis...<\/p>","protected":false},"author":1,"featured_media":17896,"comment_status":"open","ping_status":"closed","sticky":false,"template":"","format":"standard","meta":{"_kad_post_transparent":"","_kad_post_title":"","_kad_post_layout":"","_kad_post_sidebar_id":"","_kad_post_content_style":"","_kad_post_vertical_padding":"","_kad_post_feature":"","_kad_post_feature_position":"","_kad_post_header":false,"_kad_post_footer":false,"_kad_post_classname":"","footnotes":""},"categories":[552,1131,1506],"tags":[5,744],"class_list":["post-8186","post","type-post","status-publish","format-standard","has-post-thumbnail","hentry","category-levensverhalen","category-add","category-add-adhd","tag-add","tag-tekening"],"_links":{"self":[{"href":"https:\/\/www.addkenmerken.net\/fr\/wp-json\/wp\/v2\/posts\/8186","targetHints":{"allow":["GET"]}}],"collection":[{"href":"https:\/\/www.addkenmerken.net\/fr\/wp-json\/wp\/v2\/posts"}],"about":[{"href":"https:\/\/www.addkenmerken.net\/fr\/wp-json\/wp\/v2\/types\/post"}],"author":[{"embeddable":true,"href":"https:\/\/www.addkenmerken.net\/fr\/wp-json\/wp\/v2\/users\/1"}],"replies":[{"embeddable":true,"href":"https:\/\/www.addkenmerken.net\/fr\/wp-json\/wp\/v2\/comments?post=8186"}],"version-history":[{"count":0,"href":"https:\/\/www.addkenmerken.net\/fr\/wp-json\/wp\/v2\/posts\/8186\/revisions"}],"wp:featuredmedia":[{"embeddable":true,"href":"https:\/\/www.addkenmerken.net\/fr\/wp-json\/wp\/v2\/media\/17896"}],"wp:attachment":[{"href":"https:\/\/www.addkenmerken.net\/fr\/wp-json\/wp\/v2\/media?parent=8186"}],"wp:term":[{"taxonomy":"category","embeddable":true,"href":"https:\/\/www.addkenmerken.net\/fr\/wp-json\/wp\/v2\/categories?post=8186"},{"taxonomy":"post_tag","embeddable":true,"href":"https:\/\/www.addkenmerken.net\/fr\/wp-json\/wp\/v2\/tags?post=8186"}],"curies":[{"name":"wp","href":"https:\/\/api.w.org\/{rel}","templated":true}]}}