{"id":8744,"date":"2014-02-20T20:44:21","date_gmt":"2014-02-20T19:44:21","guid":{"rendered":"http:\/\/www.addkenmerken.net\/?p=8744"},"modified":"2019-09-30T16:03:24","modified_gmt":"2019-09-30T14:03:24","slug":"la-vie-de-shirlys-avec-la-dyslexie-hsp","status":"publish","type":"post","link":"https:\/\/www.addkenmerken.net\/fr\/shirlys-leven-met-dyslexie-hsp\/","title":{"rendered":"La vie de Shirly avec la dyslexie et le HSP"},"content":{"rendered":"<aside class=\"mashsb-container mashsb-main mashsb-stretched\"><div class=\"mashsb-box\"><div class=\"mashsb-count mash-large\" style=\"float:left\"><div class=\"counts mashsbcount\">137<\/div><span class=\"mashsb-sharetext\">temps partag\u00e9<\/span><\/div><div class=\"mashsb-buttons\"><a class=\"mashicon-facebook mash-large mash-center mashsb-noshadow\" href=\"https:\/\/www.facebook.com\/sharer.php?u=https%3A%2F%2Fwww.addkenmerken.net%2Ffr%2Fshirlys-leven-met-dyslexie-hsp%2F%3Futm_source%3Dsharebuttons%26utm_medium%3Dfacebook%26utm_campaign%3Dmashshare\" target=\"_top\" rel=\"nofollow\"><span class=\"icon\"><\/span><span class=\"text\">Partager<\/span><\/a><a class=\"mashicon-twitter mash-large mash-center mashsb-noshadow\" href=\"https:\/\/twitter.com\/intent\/tweet?text=&amp;url=https:\/\/www.addkenmerken.net\/fr\/?p=8744&amp;via=krachtvanADHD\" target=\"_top\" rel=\"nofollow\"><span class=\"icon\"><\/span><span class=\"text\">Tweet<\/span><\/a><div class=\"onoffswitch2 mash-large mashsb-noshadow\" style=\"display:none\"><\/div><\/div>\n            <\/div>\n                <div style=\"clear:both\"><\/div><\/aside>\n            <!-- Share buttons by mashshare.net - Version: 4.0.47--><p><em>R\u00e9ception d'un r\u00e9cit de vie de Shirly sur sa d\u00e9couverte de la dyslexie et de la haute sensibilit\u00e9<\/em><\/p>\n<h2><strong>Maintenant je comprends pourquoi je me suis toujours sentie si diff\u00e9rente, je suis juste HSP'er<br \/><\/strong><\/h2>\n<figure id=\"attachment_8774\" aria-describedby=\"caption-attachment-8774\" style=\"width: 327px\" class=\"wp-caption alignright\"><a href=\"https:\/\/www.addkenmerken.net\/wp-content\/uploads\/2014\/02\/Shirly-van-der-Wal-Leven-met-Dyslexie-en-HSP.jpeg\"><img loading=\"lazy\" decoding=\"async\" class=\"wp-image-8774\" title=\"Shirly van der Wal - Vivre avec la dyslexie et la HSP\" src=\"https:\/\/www.addkenmerken.net\/wp-content\/uploads\/2014\/02\/Shirly-van-der-Wal-Leven-met-Dyslexie-en-HSP.jpeg\" alt=\"Shirly van der Wal - Vivre avec la dyslexie et la HSP\" width=\"327\" height=\"436\"><\/a><figcaption id=\"caption-attachment-8774\" class=\"wp-caption-text\">Shirly van der Wal<\/figcaption><\/figure>\n<p>Bonjour \u00e0 tous,<\/p>\n<p>D\u00e8s l'\u00e9cole primaire, j'ai su que j'\u00e9tais diff\u00e9rent. Mes camarades de classe pensaient que j'\u00e9tais une fille bizarre et malheureusement, j'ai \u00e9t\u00e9 intimid\u00e9e \u00e0 cause de cela. Je ne dis pas que je n'ai jamais rien fait, car je sais de moi-m\u00eame que j'ai aussi fait des choses qui n'ont pas \u00e9t\u00e9 accept\u00e9es. En raison d'une p\u00e9riode difficile \u00e0 l'\u00e9cole primaire o\u00f9 j'ai eu beaucoup de mal, notamment \u00e0 comprendre la langue et la lecture, ma m\u00e8re a voulu me faire passer un test de dyslexie. J'avais environ 8 ans \u00e0 l'\u00e9poque. Le diagnostic et l'explication de <a title=\"La puissance de la dyslexie\" href=\"https:\/\/www.addkenmerken.net\/fr\/le-pouvoir-de-la-dyslexie\/\" target=\"_blank\" rel=\"noopener \">dyslexie<\/a> Je ne l'ai finalement obtenu qu'\u00e0 15 ans, juste avant mes examens de fin d'\u00e9tudes secondaires.<\/p>\n<p>Pour moi, c'\u00e9tait bien d'avoir enfin le diagnostic apr\u00e8s toutes ces ann\u00e9es de combat. Seulement, cela ne s'est pas arr\u00eat\u00e9 l\u00e0. J'\u00e9tais un adolescent tr\u00e8s difficile, je ne pouvais pas montrer mes \u00e9motions et j'\u00e9tais tr\u00e8s distrait par les choses qui se passaient autour de moi. Il m'a donc \u00e9t\u00e9 difficile de me concentrer sur mon \u00e9cole en particulier. Pendant les cours, j'\u00e9tais toujours occup\u00e9 \u00e0 dessiner, \u00e0 regarder dehors, \u00e0 jouer du tambour avec mes doigts sur les tables, etc. Beaucoup d'\u00e9tudiants, mais aussi les professeurs, pensaient que j'\u00e9tais une personne bizarre, que j'\u00e9tais diff\u00e9rente et cela s'est \u00e9galement exprim\u00e9 \u00e0 mon \u00e9gard. J'\u00e9tais calme, je ne me d\u00e9marquais pas et je r\u00e9fl\u00e9chissais tout le temps. Pendant cette p\u00e9riode, j'ai re\u00e7u des remarques aga\u00e7antes de mes camarades de classe qui restaient toujours bloqu\u00e9es. C'\u00e9tait une p\u00e9riode difficile o\u00f9 je me suis surtout emm\u00eal\u00e9 les pinceaux avec moi-m\u00eame.<\/p>\n<p>Je suis all\u00e9 voir un psychologue \u00e0 18 ans parce que j'avais construit un grand mur autour de moi au fil des ans et parce que je ne savais pas quoi faire de moi. J'ai eu des plaintes \u00e0 la fois physiques et mentales. J'ai commenc\u00e9 \u00e0 douter de moi-m\u00eame et \u00e0 croire que j'\u00e9tais en effet bizarre et diff\u00e9rent ! Gr\u00e2ce aux conversations avec le psychologue, je me suis lib\u00e9r\u00e9 et j'ai enfin pu montrer mes \u00e9motions. Parce que pendant les s\u00e9ances, j'ai fait des remarques sur l'horloge (le tic-tac de l'horloge) et les tableaux qui y \u00e9taient accroch\u00e9s (ce qui pourrait expliquer en d\u00e9tail), une lumi\u00e8re s'est allum\u00e9e. Il a fait plusieurs tests avec moi et m'a ensuite donn\u00e9 le diagnostic que j'avais une <a title=\"Qu&#039;est-ce que HSP ? (haute sensibilit\u00e9)\" href=\"https:\/\/www.addkenmerken.net\/fr\/personne-tres-sensible-hsp\/\" target=\"_blank\" rel=\"noopener \">HSPs<\/a> ben. Honn\u00eatement, je n'avais jamais entendu parler de cela et je lui ai demand\u00e9 une explication. L'explication m'a paru tr\u00e8s claire. Avec le psychologue, j'ai essay\u00e9 de lui donner une place.<\/p>\n<p>J'ai maintenant 22 ans et je souffre encore r\u00e9guli\u00e8rement de mon <a title=\"Informations sur la haute sensibilit\u00e9\" href=\"https:\/\/www.addkenmerken.net\/fr\/personne-tres-sensible-hsp\/\" target=\"_blank\" rel=\"noopener \">grande sensibilit\u00e9<\/a>. Le tic-tac des cloches, voir les \u00e9motions chez les autres, ressentir les atmosph\u00e8res, penser \u00e0 l'avenir, penser diff\u00e9remment. Je viens aussi davantage parmi les gens, que je pr\u00e9f\u00e9rais ignorer parce que je ne pouvais pas faire face \u00e0 la foule. Je vais \u00e0 des festivals qui se d\u00e9roulent \u00e0 l'ext\u00e9rieur, parce que cela me donne plus de paix et d'espace que si j'allais dans une discoth\u00e8que. Je me sens bien quand il y a trop de monde pour moi et je cherche alors un endroit plus calme. Je ne vois pas tout le n\u00e9gatif car il y a aussi beaucoup d'aspects positifs que je vis parce que je suis un PSS. Je suis tr\u00e8s cr\u00e9atif et j'aime faire du travail de pr\u00e9cision. J'aide les gens en les \u00e9coutant, parce que c'est ce que je fais de mieux. Je sais que je ne suis pas bizarre ou diff\u00e9rent. Je suis dyslexique et je suis un PSS.<\/p>\n<p>Mais chacun a son truc, non ?<\/p>\n<p>Shirly<\/p>\n<p>\u00a0<\/p>\n\n\n<div class=\"wp-block-uagb-marketing-button uagb-marketing-btn__outer-wrap uagb-marketing-btn__align-center uagb-marketing-btn__align-text-center uagb-marketing-btn__icon-before\" id=\"uagb-marketing-btn-bc07d9fd-afab-465d-bd82-96e12407b527\"><div class=\"uagb-marketing-btn__wrap\"><a href=\"https:\/\/www.addkenmerken.net\/fr\/categorie\/histoires-de-vie\/\" class=\"uagb-marketing-btn__link\" target=\"\" rel=\"noopener \"><div class=\"uagb-marketing-btn__title-wrap\"><h6 class=\"uagb-marketing-btn__title\">Voir toutes les histoires de vie soumises ici<\/h6><\/div><div class=\"uagb-marketing-btn__prefix-wrap\"><p class=\"uagb-marketing-btn__prefix\"><\/p><\/div><\/a><\/div><\/div>","protected":false},"excerpt":{"rendered":"<p>J'ai re\u00e7u de Shirly l'histoire de sa d\u00e9couverte de la dyslexie et de la haute sensibilit\u00e9. Maintenant je comprends pourquoi je me suis toujours sentie si diff\u00e9rente, je suis juste...<\/p>","protected":false},"author":1,"featured_media":8774,"comment_status":"open","ping_status":"closed","sticky":false,"template":"","format":"standard","meta":{"_kad_post_transparent":"","_kad_post_title":"","_kad_post_layout":"","_kad_post_sidebar_id":"","_kad_post_content_style":"","_kad_post_vertical_padding":"","_kad_post_feature":"","_kad_post_feature_position":"","_kad_post_header":false,"_kad_post_footer":false,"_kad_post_classname":"","footnotes":""},"categories":[782,1141,552],"tags":[70,226,788,530,786],"class_list":["post-8744","post","type-post","status-publish","format-standard","has-post-thumbnail","hentry","category-dyslexie","category-hsp-hooggevoeligheid","category-levensverhalen","tag-diagnose","tag-dyslexie","tag-emoties","tag-hooggevoeligheid","tag-voelen"],"_links":{"self":[{"href":"https:\/\/www.addkenmerken.net\/fr\/wp-json\/wp\/v2\/posts\/8744","targetHints":{"allow":["GET"]}}],"collection":[{"href":"https:\/\/www.addkenmerken.net\/fr\/wp-json\/wp\/v2\/posts"}],"about":[{"href":"https:\/\/www.addkenmerken.net\/fr\/wp-json\/wp\/v2\/types\/post"}],"author":[{"embeddable":true,"href":"https:\/\/www.addkenmerken.net\/fr\/wp-json\/wp\/v2\/users\/1"}],"replies":[{"embeddable":true,"href":"https:\/\/www.addkenmerken.net\/fr\/wp-json\/wp\/v2\/comments?post=8744"}],"version-history":[{"count":0,"href":"https:\/\/www.addkenmerken.net\/fr\/wp-json\/wp\/v2\/posts\/8744\/revisions"}],"wp:featuredmedia":[{"embeddable":true,"href":"https:\/\/www.addkenmerken.net\/fr\/wp-json\/wp\/v2\/media\/8774"}],"wp:attachment":[{"href":"https:\/\/www.addkenmerken.net\/fr\/wp-json\/wp\/v2\/media?parent=8744"}],"wp:term":[{"taxonomy":"category","embeddable":true,"href":"https:\/\/www.addkenmerken.net\/fr\/wp-json\/wp\/v2\/categories?post=8744"},{"taxonomy":"post_tag","embeddable":true,"href":"https:\/\/www.addkenmerken.net\/fr\/wp-json\/wp\/v2\/tags?post=8744"}],"curies":[{"name":"wp","href":"https:\/\/api.w.org\/{rel}","templated":true}]}}